{"id":101,"date":"2022-02-08T10:41:46","date_gmt":"2022-02-08T10:41:46","guid":{"rendered":"http:\/\/www.automakersnews.cz\/?p=101"},"modified":"2022-02-08T10:41:46","modified_gmt":"2022-02-08T10:41:46","slug":"volvo-chce-tovarnu-na-baterie-v-goteborgu","status":"publish","type":"post","link":"https:\/\/www.automakersnews.cz\/index.php\/2022\/02\/08\/volvo-chce-tovarnu-na-baterie-v-goteborgu\/","title":{"rendered":"Volvo chce tov\u00e1rnu na baterie v G\u00f6teborgu"},"content":{"rendered":"<p><strong>Volvo Cars a Northvolt si jako lokalitu pro postaven\u00ed v\u00fdrobn\u00edho z\u00e1vodu na akumul\u00e1tory, kter\u00fd zah\u00e1j\u00ed provoz v roce 2025, vybraly \u0161v\u00e9dsk\u00fd G\u00f6teborg. Vytvo\u0159\u00ed zde a\u017e 3 000 nov\u00fdch pracovn\u00edch m\u00edst a sou\u010dasn\u011b tu vyroste i centrum v\u00fdzkumu a v\u00fdvoje s celkovou investic\u00ed v hodnot\u011b p\u0159ibli\u017en\u011b 30 miliard \u0161v\u00e9dsk\u00fdch korun.<\/strong><span id=\"more-148425\"><\/span><!--more--><\/p>\n<p>Ob\u011b spole\u010dnosti uspo\u0159\u00e1daly v p\u00e1tek 4. \u00fanora ohledn\u011b tohoto ozn\u00e1men\u00ed \u017eiv\u00e9 webov\u00e9 vys\u00edl\u00e1n\u00ed.<\/p>\n<p>Prost\u0159ednictv\u00edm nov\u00e9 tov\u00e1rny a \u00fazk\u00e9 spolupr\u00e1ce se spole\u010dnost\u00ed Northvolt dojde k v\u00fdrazn\u00e9mu pos\u00edlen\u00ed elektrifika\u010dn\u00ed strategie automobilky Volvo Cars, kter\u00e1 si klade za c\u00edl za\u010d\u00edt do roku 2030 vyr\u00e1b\u011bt a prod\u00e1vat v\u00fdhradn\u011b \u010dist\u011b elektrick\u00e1 vozidla.<\/p>\n<p>V\u00fdstavba z\u00e1vodu, kter\u00fd bude vyr\u00e1b\u011bt nejmodern\u011bj\u0161\u00ed akumul\u00e1torov\u00e9 \u010dl\u00e1nky vyvinut\u00e9 speci\u00e1ln\u011b pro pou\u017eit\u00ed v \u010dist\u011b elektrick\u00fdch vozech Volvo a Polestar p\u0159\u00ed\u0161t\u00ed generace, bude zah\u00e1jena v roce 2023.<\/p>\n<p>Potenci\u00e1ln\u00ed ro\u010dn\u00ed kapacita pro v\u00fdrobu akumul\u00e1torov\u00fdch \u010dl\u00e1nk\u016f bude a\u017e 50 GWh, co\u017e sta\u010d\u00ed na dod\u00e1vku akumul\u00e1tor\u016f p\u0159ibli\u017en\u011b pro p\u016fl milionu voz\u016f ro\u010dn\u011b.<\/p>\n<p>Um\u00edst\u011bn\u00ed v\u00fdrobn\u00edho z\u00e1vodu do are\u00e1lu tov\u00e1rn\u00edho komplexu Torslanda v G\u00f6teborgu nab\u00edz\u00ed celou \u0159adu v\u00fdhod, mezi n\u011b\u017e pat\u0159\u00ed p\u0159\u00edm\u00e1 cesta do nejv\u011bt\u0161\u00ed tov\u00e1rny automobilky Volvo Cars, dobr\u00fd p\u0159\u00edstup k infrastruktu\u0159e, siln\u00e9 dodavatelsk\u00e9 z\u00e1zem\u00ed energie z obnoviteln\u00fdch zdroj\u016f, dostatek zam\u011bstnanc\u016f s pot\u0159ebn\u00fdmi pracovn\u00edmi kompetencemi i bl\u00edzkost center v\u00fdzkumu a v\u00fdvoje spole\u010dnost\u00ed Volvo Cars a Northvolt.<\/p>\n<p>\u201eNa\u0161e partnerstv\u00ed se spole\u010dnost\u00ed Northvolt v oblasti akumul\u00e1torov\u00fdch \u010dl\u00e1nk\u016f je z hlediska na\u0161ich strategick\u00fdch ambic\u00ed z\u00e1sadn\u00ed,\u201c uvedl gener\u00e1ln\u00ed \u0159editel spole\u010dnosti Volvo Cars H\u00e5kan Samuelsson. \u201eJsme odhodl\u00e1ni st\u00e1t se l\u00eddrem segmentu pr\u00e9miov\u00fdch elektrick\u00fdch automobil\u016f a do roku 2030 za\u010d\u00edt prod\u00e1vat v\u00fdhradn\u011b \u010dist\u011b elektrick\u00e9 vozy.\u201c<\/p>\n<p>\u201eZalo\u017een\u00ed t\u00e9to gigatov\u00e1rny v G\u00f6teborgu p\u0159edstavuje rozhoduj\u00edc\u00ed krok na na\u0161\u00ed pokra\u010duj\u00edc\u00ed cest\u011b k transformaci jednoho z nejdynami\u010dt\u011bj\u0161\u00edch automobilov\u00fdch region\u016f na sv\u011bt\u011b a k dosa\u017een\u00ed pozice p\u0159edn\u00edho glob\u00e1ln\u00edho dodavatele udr\u017eiteln\u00fdch akumul\u00e1tor\u016f,\u201c \u0159ekl Peter Carlsson, spoluzakladatel a gener\u00e1ln\u00ed \u0159editel spole\u010dnosti Northvolt.<\/p>\n<p>Vzhledem k faktu, \u017ee je \u00fast\u0159edn\u00edm principem v r\u00e1mci partnerstv\u00ed spole\u010dnost\u00ed Volvo Cars a Northvolt udr\u017eiteln\u00e1 v\u00fdroba, elektr\u00e1rna bude poh\u00e1n\u011bna energi\u00ed z nefosiln\u00edch zdroj\u016f, p\u0159i\u010dem\u017e se bude sv\u00fdm odb\u011brem zam\u011b\u0159ovat na podporu kapacity obnoviteln\u00fdch zdroj\u016f v r\u00e1mci regionu. Sou\u010dasn\u011b zde budou integrov\u00e1na technick\u00e1 \u0159e\u0161en\u00ed up\u0159ednost\u0148uj\u00edc\u00ed cirkulaci a efektivn\u00ed vyu\u017e\u00edv\u00e1n\u00ed zdroj\u016f.<\/p>\n<p>S v\u00fdrobou akumul\u00e1tor\u016f pro pln\u011b elektrick\u00e9 vozy Volvo a Polestar je spojena zna\u010dn\u00e1 \u010d\u00e1st celkov\u00fdch emis\u00ed uhl\u00edku vyprodukovan\u00fdch v r\u00e1mci cel\u00e9ho \u017eivotn\u00edho cyklu jednoho vozu. Prost\u0159ednictv\u00edm spolupr\u00e1ce se spole\u010dnost\u00ed Northvolt, kter\u00e1 je l\u00eddrem v oblasti v\u00fdroby udr\u017eiteln\u00fdch akumul\u00e1tor\u016f a nav\u00edc vyr\u00e1b\u00ed sv\u00e9 akumul\u00e1tory pobl\u00ed\u017e evropsk\u00fdch tov\u00e1ren spole\u010dnosti Volvo Cars, lze s ohledem na zdroje a v\u00fdrobu akumul\u00e1tor\u016f v\u00fdrazn\u011b sn\u00ed\u017eit ekologickou stopu budouc\u00edch voz\u016f Volvo.<\/p>\n<p>\u201eNa\u0161e tov\u00e1rna na akumul\u00e1tory podpo\u0159\u00ed na\u0161i ambici vytvo\u0159it zcela klimaticky neutr\u00e1ln\u00ed v\u00fdrobn\u00ed s\u00ed\u0165 a zajistit si dod\u00e1vky vysoce kvalitn\u00edch akumul\u00e1tor\u016f na dal\u0161\u00ed roky,\u201c sd\u011blil Javier Varela, \u0159editel pro stroj\u00edrensk\u00e9 a provozn\u00ed z\u00e1le\u017eitosti ve spole\u010dnosti Volvo Cars. \u201eV r\u00e1mci na\u0161eho partnerstv\u00ed se spole\u010dnost\u00ed Northvolt budeme mimoto t\u011b\u017eit z komplexn\u00edho hodnotov\u00e9ho \u0159et\u011bzce akumul\u00e1tor\u016f od z\u00edsk\u00e1n\u00ed surovin a\u017e po kompletn\u00ed v\u016fz, co\u017e n\u00e1m pom\u016f\u017ee zajistit optim\u00e1ln\u00ed integraci akumul\u00e1tor\u016f do na\u0161ich voz\u016f.\u201c<\/p>\n<p>Spole\u010dn\u00fd podnik spole\u010dnost\u00ed Northvolt a Volvo Cars na v\u00fdrobu akumul\u00e1torov\u00fdch \u010dl\u00e1nk\u016f se mimo jin\u00e9 stane v\u00fdznamn\u00fdm hr\u00e1\u010dem v r\u00e1mci evropsk\u00e9 v\u00fdroby akumul\u00e1torov\u00fdch \u010dl\u00e1nk\u016f, p\u0159i\u010dem\u017e bude p\u0159edstavovat jednu z nejv\u011bt\u0161\u00edch v\u00fdrobn\u00edch jednotek akumul\u00e1torov\u00fdch \u010dl\u00e1nk\u016f na \u00fazem\u00ed Evropy. Volvo Cars a Northvolt pov\u011b\u0159ily veden\u00edm v\u00fdrobn\u00ed spole\u010dnosti d\u0159\u00edv\u011bj\u0161\u00edho \u0159editele ve spole\u010dnosti Tesla Adriana Clarka.<\/p>\n<p>Zm\u00edn\u011bn\u00e9 centrum pro v\u00fdzkum a v\u00fdvoj, kter\u00e9 bude uvedeno do provozu v roce 2022, vytvo\u0159\u00ed v G\u00f6teborgu n\u011bkolik stovek pracovn\u00edch m\u00edst a z\u00e1rove\u0148 se Volvo Cars d\u00edky n\u011bmu stane jednou z m\u00e1la automobilov\u00fdch zna\u010dek, kter\u00e9 zahrnou v\u00fdvoj a v\u00fdrobu akumul\u00e1torov\u00fdch \u010dl\u00e1nk\u016f do sv\u00fdch komplexn\u00edch in\u017een\u00fdrsk\u00fdch schopnost\u00ed.<\/p>\n<p>Spole\u010dnosti Volvo Cars a Northvolt se v r\u00e1mci sv\u00e9ho spojenectv\u00ed zam\u011b\u0159\u00ed na v\u00fdvoj akumul\u00e1tor\u016f a koncepc\u00ed integrace do vozidel \u0161it\u00fdch na m\u00edru, d\u00edky \u010demu\u017e z\u00edskaj\u00ed \u0159idi\u010di voz\u016f Volvo a Polestar p\u0159esn\u011b to, co cht\u011bj\u00ed: dlouh\u00fd dojezd a rychl\u00e9 nab\u00edjen\u00ed. Pro automobilky Volvo Cars a Polestar je zaveden\u00ed hlubok\u00e9 vertik\u00e1ln\u00ed integrace v\u00fdvoje a v\u00fdroby akumul\u00e1tor\u016f nesm\u00edrn\u011b d\u016fle\u017eit\u00e9, proto\u017ee pr\u00e1v\u011b akumul\u00e1tory p\u0159edstavuj\u00ed p\u0159i v\u00fdrob\u011b elektrick\u00fdch voz\u016f nejv\u011bt\u0161\u00ed individu\u00e1ln\u00ed n\u00e1kladovou polo\u017eku a tak\u00e9 z\u00e1sadn\u00ed \u010d\u00e1st uhl\u00edkov\u00e9 stopy.<\/p>\n<p>V celkov\u00e9 perspektiv\u011b budou v nov\u00e9 tov\u00e1rn\u011b na akumul\u00e1tory a v centru v\u00fdzkumu a v\u00fdvoje zapot\u0159eb\u00ed zam\u011bstnanci s rozs\u00e1hl\u00fdmi kompetencemi, co\u017e je d\u016fvod, pro\u010d tento podnik aktivn\u011b nab\u00edr\u00e1 vysoce kvalifikovan\u00e9 in\u017een\u00fdry a t\u00fdmov\u00e9 vedouc\u00ed, kte\u0159\u00ed pomohou projektu pokro\u010dit d\u00e1le. Velk\u00fd n\u00e1bor zam\u011bstnanc\u016f do v\u00fdroby a technik\u016f za\u010dne koncem roku 2023.<\/p>\n","protected":false},"excerpt":{"rendered":"<div class=\"mh-excerpt\"><p>Volvo Cars a Northvolt si jako lokalitu pro postaven\u00ed v\u00fdrobn\u00edho z\u00e1vodu na akumul\u00e1tory, kter\u00fd zah\u00e1j\u00ed provoz v roce 2025, vybraly \u0161v\u00e9dsk\u00fd G\u00f6teborg. Vytvo\u0159\u00ed zde a\u017e <a class=\"mh-excerpt-more\" href=\"https:\/\/www.automakersnews.cz\/index.php\/2022\/02\/08\/volvo-chce-tovarnu-na-baterie-v-goteborgu\/\" title=\"Volvo chce tov\u00e1rnu na baterie v G\u00f6teborgu\">[&#8230;]<\/a><\/p>\n<\/div>","protected":false},"author":1,"featured_media":69,"comment_status":"open","ping_status":"open","sticky":false,"template":"","format":"standard","meta":{"footnotes":""},"categories":[2],"tags":[],"class_list":["post-101","post","type-post","status-publish","format-standard","has-post-thumbnail","hentry","category-news"],"_links":{"self":[{"href":"https:\/\/www.automakersnews.cz\/index.php\/wp-json\/wp\/v2\/posts\/101","targetHints":{"allow":["GET"]}}],"collection":[{"href":"https:\/\/www.automakersnews.cz\/index.php\/wp-json\/wp\/v2\/posts"}],"about":[{"href":"https:\/\/www.automakersnews.cz\/index.php\/wp-json\/wp\/v2\/types\/post"}],"author":[{"embeddable":true,"href":"https:\/\/www.automakersnews.cz\/index.php\/wp-json\/wp\/v2\/users\/1"}],"replies":[{"embeddable":true,"href":"https:\/\/www.automakersnews.cz\/index.php\/wp-json\/wp\/v2\/comments?post=101"}],"version-history":[{"count":0,"href":"https:\/\/www.automakersnews.cz\/index.php\/wp-json\/wp\/v2\/posts\/101\/revisions"}],"wp:featuredmedia":[{"embeddable":true,"href":"https:\/\/www.automakersnews.cz\/index.php\/wp-json\/wp\/v2\/media\/69"}],"wp:attachment":[{"href":"https:\/\/www.automakersnews.cz\/index.php\/wp-json\/wp\/v2\/media?parent=101"}],"wp:term":[{"taxonomy":"category","embeddable":true,"href":"https:\/\/www.automakersnews.cz\/index.php\/wp-json\/wp\/v2\/categories?post=101"},{"taxonomy":"post_tag","embeddable":true,"href":"https:\/\/www.automakersnews.cz\/index.php\/wp-json\/wp\/v2\/tags?post=101"}],"curies":[{"name":"wp","href":"https:\/\/api.w.org\/{rel}","templated":true}]}}