{"id":10140,"date":"2022-12-21T11:28:40","date_gmt":"2022-12-21T11:28:40","guid":{"rendered":"https:\/\/www.automakersnews.cz\/?p=10140"},"modified":"2022-12-21T11:30:38","modified_gmt":"2022-12-21T11:30:38","slug":"fejtek-opusti-porsche-cr-chysta-se-do-ciny","status":"publish","type":"post","link":"https:\/\/www.automakersnews.cz\/index.php\/2022\/12\/21\/fejtek-opusti-porsche-cr-chysta-se-do-ciny\/","title":{"rendered":"Fejtek opust\u00ed Porsche \u010cR, chyst\u00e1 se do \u010c\u00edny"},"content":{"rendered":"<div dir=\"ltr\"><strong>\u0160\u00e9f zna\u010dky Volkswagen osobn\u00ed vozy v Porsche \u010cR Patrik Fejtek se chyst\u00e1 na zahrani\u010dn\u00ed anga\u017em\u00e1. Nast\u00e1vaj\u00edc\u00ed zm\u011bnu probral s novin\u00e1\u0159i 21. ledna v pra\u017esk\u00e9 restauraci Katr. Kdo ho nahrad\u00ed v \u010dele Volkswagenu?<br \/>\n<\/strong><\/div>\n<p><!--more--><\/p>\n<div dir=\"ltr\">\u201ePatrik Fejtek se rozhodl p\u0159ijmout novou pracovn\u00ed nab\u00eddku a k 1. dubnu 2023 bude p\u016fsobit na pozici Vice President FBU FAW Audi China. N\u00e1stupce Patrika zat\u00edm nen\u00ed zn\u00e1m, prob\u00edh\u00e1 v\u00fdb\u011brov\u00e9 \u0159\u00edzen\u00ed,\u201c up\u0159esnil na\u0161emu port\u00e1lu ji\u017e d\u0159\u00edve mluv\u010d\u00ed zna\u010dky VW David Valenta.<strong><br \/>\n<\/strong><\/div>\n<div dir=\"ltr\"><img loading=\"lazy\" decoding=\"async\" class=\"alignnone size-medium wp-image-5346\" src=\"http:\/\/www.automakersnews.cz\/wp-content\/uploads\/2022\/11\/FEJTEK_16-1024x683-1-300x200.jpg\" alt=\"\" width=\"300\" height=\"200\" srcset=\"https:\/\/www.automakersnews.cz\/wp-content\/uploads\/2022\/11\/FEJTEK_16-1024x683-1-300x200.jpg 300w, https:\/\/www.automakersnews.cz\/wp-content\/uploads\/2022\/11\/FEJTEK_16-1024x683-1-768x512.jpg 768w, https:\/\/www.automakersnews.cz\/wp-content\/uploads\/2022\/11\/FEJTEK_16-1024x683-1.jpg 1024w\" sizes=\"auto, (max-width: 300px) 100vw, 300px\" \/><\/div>\n<div dir=\"ltr\"><\/div>\n<div dir=\"ltr\"><strong>Jak nast\u00e1vaj\u00edc\u00ed zm\u011bnu komentuje s\u00e1m Fejtek?<\/strong><\/div>\n<div dir=\"ltr\"><\/div>\n<div dir=\"ltr\">&#8222;M\u016fj kontrakt v Porsche \u010cR by zanedlouho stejn\u011b skon\u010dil, byl jsem vlastn\u011b pro tuto pozici vyp\u016fj\u010den\u00fdm mana\u017eerem ze \u0160kodovky. Z koncernu VW p\u0159i\u0161la nab\u00eddka na nov\u00fd t\u0159\u00edlet\u00fd post v \u010c\u00edn\u011b, kde jsem ji\u017e d\u0159\u00edve i s rodinou p\u016fsobil. V\u00fd\u0161e zm\u00edn\u011bn\u00e1 pozicie Viceprezidenta vlastn\u011b p\u0159edstavuje \u0161\u00e9fa importu vozidel Audi do \u010c\u00edny,&#8220; \u0159ekl na\u0161emu port\u00e1lu mana\u017eer.<\/div>\n<div dir=\"ltr\"><\/div>\n<div dir=\"ltr\"><\/div>\n<div dir=\"ltr\">Kdo ho nahrad\u00ed u Volkswagenu? &#8222;Na moji sou\u010dasnou pozici v sou\u010dasnosti prob\u00edh\u00e1 v\u00fdb\u011br nov\u00e9ho kandid\u00e1ta, uva\u017euje se i o intern\u00edm horizont\u00e1ln\u00edm \u0159e\u0161en\u00ed,&#8220; nazna\u010dil Patrik.<\/div>\n<div dir=\"ltr\"><\/div>\n<div dir=\"ltr\"><\/div>\n<div dir=\"ltr\">To by znamenalo, \u017ee k Volkswagenu by se mohl p\u0159esunout n\u011bkter\u00fd z \u0159editel\u016f ostatn\u00edch diviz\u00ed firmy.<\/div>\n<p>&nbsp;<\/p>\n<p><strong>CO FIRMA PO KANDID\u00c1TECH PO\u017dADUJE:<\/strong><\/p>\n<ul>\n<li>Vytvo\u0159en\u00ed dlouhodob\u00e9 strategie zna\u010dky Volkswagen osobn\u00ed vozy<\/li>\n<li>Zodpov\u011bdnost za veden\u00ed a rozvoj zna\u010dky Volkswagen osobn\u00ed vozy<\/li>\n<li>\u0158\u00edzen\u00ed dealersk\u00e9 s\u00edt\u011b pomoc\u00ed kl\u00ed\u010dov\u00fdch ukazatel\u016f, zvy\u0161ov\u00e1n\u00ed jej\u00ed v\u00fdkonnosti<\/li>\n<li>Vypracov\u00e1n\u00ed nab\u00eddky produkt\u016f s maximalizac\u00ed tr\u017en\u00edho pod\u00edlu v ka\u017ed\u00e9m dostupn\u00e9m segmentu<\/li>\n<li>Stanoven\u00ed cenov\u00fdch kalkulac\u00ed a vypracov\u00e1n\u00ed ak\u010dn\u00edch nab\u00eddek<\/li>\n<li>Zabezpe\u010den\u00ed konkurenceschopnosti model\u016f Volkswagen osobn\u00ed vozy<\/li>\n<li>\u00dasp\u011b\u0161n\u00e9 uveden\u00ed nov\u00fdch model\u016f na \u010desk\u00fd trh<\/li>\n<li>Vypracov\u00e1n\u00ed komunika\u010dn\u00ed a PR strategie<\/li>\n<li>Spoluvytv\u00e1\u0159en\u00ed servisn\u00ed strategie, nap\u0159. servisn\u00ed pakety\/p\u0159\u00edslu\u0161enstv\u00ed atd.<\/li>\n<li>Vytv\u00e1\u0159en\u00ed strategie nab\u00eddek financov\u00e1n\u00ed<\/li>\n<li>Zodpov\u011bdnost za celkov\u00fd rozpo\u010det divize, objem voz\u016f a tr\u017en\u00ed pod\u00edl<\/li>\n<li>Spolutvorba koncepce pro velkoodb\u011bratele Volkswagen osobn\u00ed vozy<\/li>\n<li>Veden\u00ed, motivace a rozvoj t\u00fdmu Volkswagen osobn\u00ed vozy<\/li>\n<li>Spolupr\u00e1ce s centr\u00e1ln\u00edmi odd\u011blen\u00edmi ve spole\u010dnosti<\/li>\n<\/ul>\n<p><strong>IDE\u00c1LN\u00cd KONFIGURACE:<\/strong><\/p>\n<ul>\n<li>V\u0160 vzd\u011bl\u00e1n\u00ed<\/li>\n<li>Min. 6 let zku\u0161enost\u00ed v oblasti mana\u017eersk\u00e9ho \u0159\u00edzen\u00ed prodeje<\/li>\n<li>Velmi dobr\u00e1 orientace a znalost automotive businessu<\/li>\n<li>Zku\u0161enost s veden\u00edm t\u00fdmu, pozitivn\u00ed leadership<\/li>\n<li>Velmi dobr\u00e9 mana\u017eersk\u00e9 a prezenta\u010dn\u00ed schopnosti<\/li>\n<li>Znalost AJ nebo NJ na pokro\u010dil\u00e9 \u00farovni (\u00farove\u0148 C1)<\/li>\n<li>Analytick\u00e9 my\u0161len\u00ed, rychl\u00e1 orientace v nov\u00fdch t\u00e9matech<\/li>\n<li>V\u00fdborn\u00e9 komunika\u010dn\u00ed a organiza\u010dn\u00ed schopnosti<\/li>\n<li>Pe\u010dliv\u00fd, samostatn\u00fd a proaktivn\u00ed p\u0159\u00edstup k pr\u00e1ci<\/li>\n<li>\u0158idi\u010dsk\u00fd pr\u016fkaz skupiny B<\/li>\n<\/ul>\n<p><strong>PORSCHE NAB\u00cdZ\u00cd:<\/strong><\/p>\n<ul>\n<li>Slu\u017eebn\u00ed automobil i pro soukrom\u00e9 \u00fa\u010dely<\/li>\n<li>Pr\u00e1ce v atraktivn\u00edm automotive prost\u0159ed\u00ed s p\u0159\u00e1telsk\u00fdm kolektivem, do kter\u00e9ho se rychle za\u010dlen\u00ed\u0161<\/li>\n<li>Podpo\u0159\u00edme tv\u016fj osobn\u00ed rozvoj a r\u016fst v\u010detn\u011b pravideln\u00fdch jazykov\u00fdch kurz\u016f (AJ\/NJ)<\/li>\n<li>Nab\u00edz\u00edme 5 t\u00fddn\u016f dovolen\u00e9 a 2 Sick Days, mo\u017enost ob\u010dasn\u00e9 pr\u00e1ce z domova<\/li>\n<li>Hled\u00edme si zdrav\u00ed na\u0161ich zam\u011bstnanc\u016f, proto m\u016f\u017ee\u0161 vyu\u017e\u00edvat l\u00e9ka\u0159skou p\u00e9\u010di po cel\u00fd rok, zv\u00fdhodn\u011bnou Multisport kartu, o\u010dkov\u00e1n\u00ed proti ch\u0159ipce, online terapie apod.<\/li>\n<li>Obl\u00edb\u00ed\u0161 si i na\u0161i OMV kartu na zv\u00fdhodn\u011bn\u00e9 tankov\u00e1n\u00ed a testov\u00e1n\u00ed voz\u016f na\u0161ich zna\u010dek<\/li>\n<li>Mezi dal\u0161\u00ed benefity pat\u0159\u00ed notebook, mobiln\u00ed telefon se zv\u00fdhodn\u011bn\u00fdm tarifem, p\u0159\u00edsp\u011bvek na penzijn\u00ed p\u0159ipoji\u0161t\u011bn\u00ed, stravenkov\u00fd pau\u0161\u00e1l, zam\u011bstnaneck\u00e1 p\u016fj\u010dka, p\u0159\u00edsp\u011bvek k narozenin\u00e1m, odm\u011bna k pracovn\u00edmu v\u00fdro\u010d\u00ed a dal\u0161\u00ed benefity\u2026<\/li>\n<\/ul>\n","protected":false},"excerpt":{"rendered":"<div class=\"mh-excerpt\"><p>\u0160\u00e9f zna\u010dky Volkswagen osobn\u00ed vozy v Porsche \u010cR Patrik Fejtek se chyst\u00e1 na zahrani\u010dn\u00ed anga\u017em\u00e1. Nast\u00e1vaj\u00edc\u00ed zm\u011bnu probral s novin\u00e1\u0159i 21. ledna v pra\u017esk\u00e9 restauraci <a class=\"mh-excerpt-more\" href=\"https:\/\/www.automakersnews.cz\/index.php\/2022\/12\/21\/fejtek-opusti-porsche-cr-chysta-se-do-ciny\/\" title=\"Fejtek opust\u00ed Porsche \u010cR, chyst\u00e1 se do \u010c\u00edny\">[&#8230;]<\/a><\/p>\n<\/div>","protected":false},"author":1,"featured_media":10169,"comment_status":"open","ping_status":"open","sticky":false,"template":"","format":"standard","meta":{"footnotes":""},"categories":[24,3],"tags":[],"class_list":["post-10140","post","type-post","status-publish","format-standard","has-post-thumbnail","hentry","category-management","category-personalie"],"_links":{"self":[{"href":"https:\/\/www.automakersnews.cz\/index.php\/wp-json\/wp\/v2\/posts\/10140","targetHints":{"allow":["GET"]}}],"collection":[{"href":"https:\/\/www.automakersnews.cz\/index.php\/wp-json\/wp\/v2\/posts"}],"about":[{"href":"https:\/\/www.automakersnews.cz\/index.php\/wp-json\/wp\/v2\/types\/post"}],"author":[{"embeddable":true,"href":"https:\/\/www.automakersnews.cz\/index.php\/wp-json\/wp\/v2\/users\/1"}],"replies":[{"embeddable":true,"href":"https:\/\/www.automakersnews.cz\/index.php\/wp-json\/wp\/v2\/comments?post=10140"}],"version-history":[{"count":0,"href":"https:\/\/www.automakersnews.cz\/index.php\/wp-json\/wp\/v2\/posts\/10140\/revisions"}],"wp:featuredmedia":[{"embeddable":true,"href":"https:\/\/www.automakersnews.cz\/index.php\/wp-json\/wp\/v2\/media\/10169"}],"wp:attachment":[{"href":"https:\/\/www.automakersnews.cz\/index.php\/wp-json\/wp\/v2\/media?parent=10140"}],"wp:term":[{"taxonomy":"category","embeddable":true,"href":"https:\/\/www.automakersnews.cz\/index.php\/wp-json\/wp\/v2\/categories?post=10140"},{"taxonomy":"post_tag","embeddable":true,"href":"https:\/\/www.automakersnews.cz\/index.php\/wp-json\/wp\/v2\/tags?post=10140"}],"curies":[{"name":"wp","href":"https:\/\/api.w.org\/{rel}","templated":true}]}}