{"id":102306,"date":"2023-09-13T03:24:09","date_gmt":"2023-09-13T03:24:09","guid":{"rendered":"https:\/\/www.automakersnews.cz\/?p=102306"},"modified":"2023-09-13T13:07:52","modified_gmt":"2023-09-13T13:07:52","slug":"cap-nesobestacnost-vede-v-obavach-cechu","status":"publish","type":"post","link":"https:\/\/www.automakersnews.cz\/index.php\/2023\/09\/13\/cap-nesobestacnost-vede-v-obavach-cechu\/","title":{"rendered":"\u010cAP: \u010ce\u0161i se nejv\u00edc ob\u00e1vaj\u00ed nesob\u011bsta\u010dnosti"},"content":{"rendered":"<p><strong>Nejv\u00edce starosti \u010cech\u016fm d\u011bl\u00e1 i letos neschopnost sebeobslu\u017enosti ve st\u00e1\u0159\u00ed. V\u00a0aktu\u00e1ln\u00edm pr\u016fzkumu \u010cesk\u00e9 asociace poji\u0161\u0165oven se j\u00ed ob\u00e1v\u00e1 st\u00e1le p\u0159es 70 %. Oproti lo\u0148sk\u00e9mu roku klesl v\u00fdznam kr\u00e1tkodob\u00e9 pracovn\u00ed neschopnosti a v\u00fdpadku p\u0159\u00edjmu. <\/strong><!--more--><\/p>\n<p><strong>Vzr\u016fstaj\u00edc\u00ed obavy naopak dlouhodob\u011b panuj\u00ed u dostupnosti kvalitn\u00ed p\u00e9\u010de nebo zdravotn\u00edch komplikac\u00ed v\u00a0zahrani\u010d\u00ed.<\/strong><\/p>\n<p>I v\u00a0roce 2023 \u017eeb\u0159\u00ed\u010dek nejob\u00e1van\u011bj\u0161\u00edch situac\u00ed u \u010cech\u016f ovl\u00e1dlo riziko nesob\u011bsta\u010dnosti ve st\u00e1\u0159\u00ed. Letos se ho ob\u00e1v\u00e1 71 %. <em>\u201eDemografick\u00e9 progn\u00f3zy dlouhodob\u011b hovo\u0159\u00ed o st\u00e1rnut\u00ed populace, na datech vid\u00edme i rostouc\u00ed po\u010det osob v\u00a0n\u011bkter\u00e9m stupni nesob\u011bsta\u010dnosti. Do roku 2060 se z\u00a0dne\u0161n\u00edch p\u0159ibli\u017en\u011b 360 tis\u00edc t\u011bchto osob dostaneme na v\u00edce ne\u017e milion,\u201c<\/em> vysv\u011btluje Jan Matou\u0161ek, v\u00fdkonn\u00fd \u0159editel \u010cesk\u00e9 asociace poji\u0161\u0165oven a dod\u00e1v\u00e1: <em>\u201eSt\u00e1le \u010dast\u011bji v\u00edd\u00e1me\u00a0v na\u0161em okol\u00ed a rodin\u00e1ch to, jak obt\u00ed\u017en\u00e9 je nesob\u011bsta\u010dn\u00fdm lidem ze star\u0161\u00ed generace zajistit dostupnou a d\u016fstojnou p\u00e9\u010di. Chyb\u00ed l\u016f\u017ekov\u00e9 kapacity, prost\u0159edky i pe\u010dovatel\u00e9 v\u00a0r\u00e1mci ter\u00e9nn\u00edch slu\u017eeb. Podle v\u00fdzkum\u016f tak o sv\u00e9 bl\u00edzk\u00e9 pe\u010duje a\u017e p\u011btina dosp\u011bl\u00fdch.\u201c<\/em><\/p>\n<p>\u010ce\u0161i ve st\u00e1\u0159\u00ed o\u010dek\u00e1vaj\u00ed finan\u010dn\u00ed probl\u00e9my, odk\u00e1z\u00e1n\u00ed na p\u00e9\u010di ostatn\u00edch i to, \u017ee budou na obt\u00ed\u017e. Pr\u00e1v\u011b poji\u0161t\u011bn\u00ed pro p\u0159\u00edpad dlouhodob\u00e9 p\u00e9\u010de a nesob\u011bsta\u010dnosti je tak t\u00edm nejv\u00edce atraktivn\u00edm poji\u0161t\u011bn\u00edm \u2013 podle dat z\u00a0roku 2022 by ho obecn\u011b uv\u00edtalo 69 % respondent\u016f a z\u00e1jem o n\u011bj projevilo 53 % respondent\u016f. Zahrnovat by m\u011blo jak ter\u00e9nn\u00ed a mobiln\u00ed soci\u00e1ln\u00ed slu\u017eby nebo zaji\u0161t\u011bn\u00ed m\u00edsta v\u00a0za\u0159\u00edzen\u00ed, tak i poradenstv\u00ed.<\/p>\n<p><strong>Kr\u00e1tk\u00e1 nemoc \u010di v\u00fdpadek p\u0159\u00edjmu n\u00e1s u\u017e ned\u011bs\u00ed<\/strong><\/p>\n<p>Naopak ke zm\u011bn\u011b do\u0161lo u kr\u00e1tkodob\u00e9ho v\u00fdpadku p\u0159\u00edjmu a pracovn\u00ed neschopnosti. Zat\u00edmco v\u00a0roce 2022 zauj\u00edmala tato rizika 4., resp. 5. m\u00edsto v\u00a0\u017eeb\u0159\u00ed\u010dku, kdy se ho ob\u00e1valo shodn\u011b 56 % respondent\u016f, letos to je 9. a 7. m\u00edsto s\u00a044 %, resp. 46 %. <em>\u201eObavy z\u00a0t\u011bchto rizik byly akcelerov\u00e1ny pandemi\u00ed covidu. Nyn\u00ed toto riziko odezn\u011blo a vn\u00edm\u00e1n\u00ed t\u011bchto faktor\u016f se vrac\u00ed na sv\u00e9 d\u0159\u00edv\u011bj\u0161\u00ed hodnoty,\u201c<\/em> up\u0159es\u0148uje Jana Hamanov\u00e1 z\u00a0v\u00fdzkumn\u00e9 agentury SC&amp;C, kter\u00e1 pr\u016fzkum pro \u010ceskou asociaci poji\u0161\u0165oven provedla.<\/p>\n<p><strong>Dlouhodob\u011b rostou obavy z\u00a0nedostupnosti kvalitn\u00ed p\u00e9\u010de<\/strong><\/p>\n<p><em>\u201eV r\u00e1mci pr\u016fzkumu lze pozorovat rostouc\u00ed obavy v\u00a0oblasti dostupnosti kvalitn\u00ed p\u00e9\u010de, i to do zna\u010dn\u00e9 m\u00edry je\u0161t\u011b souvis\u00ed s\u00a0covidovou pandemi\u00ed, kdy do\u0161lo k zahlcen\u00ed zdravotnick\u00fdch za\u0159\u00edzen\u00ed a ve\u0159ejnost v\u00a0tomto sm\u011bru znejist\u011bla. Nav\u00edc v\u00a0posledn\u00ed dob\u011b ve ve\u0159ejn\u00e9m prostoru rezonuj\u00ed zm\u00ednky o nedostatku zuba\u0159\u016f, pediatr\u016f nebo praktick\u00fdch l\u00e9ka\u0159\u016f, a to m\u00e1 samoz\u0159ejm\u011b tak\u00e9 vliv na vn\u00edm\u00e1n\u00ed dostupnosti zdravotn\u00ed p\u00e9\u010de,\u201c <\/em>dopl\u0148uje Jana Hamanov\u00e1. Zat\u00edmco v\u00a0roce 2021 se nedostupnosti kvalitn\u00ed zdravotn\u00ed p\u00e9\u010de ob\u00e1valo 43 % respondent\u016f, v\u00a0roce 2023 to je ji\u017e 53 %. <em>\u201eZ na\u0161ich pr\u016fzkum\u016f dlouhodob\u011b plyne z\u00e1jem \u010cech\u016f o dopl\u0148kovou p\u00e9\u010di, kter\u00e1 by zv\u00fd\u0161ila st\u00e1vaj\u00edc\u00ed standard na\u0161eho zdravotnictv\u00ed. A i podle aktu\u00e1ln\u00edch dat tento trend st\u00e1le posiluje,\u201c<\/em> uzav\u00edr\u00e1 Jan Matou\u0161ek.<\/p>\n<p>&#8212;&#8212;&#8212;&#8212;&#8212;&#8211;<\/p>\n<p><strong>O pr\u016fzkumu:<\/strong><\/p>\n<p>Aktu\u00e1ln\u00ed pr\u016fzkum \u010cesk\u00e9 asociace poji\u0161\u0165oven <em>Vn\u00edm\u00e1n\u00ed poji\u0161\u0165ovnictv\u00ed <\/em>realizovala nez\u00e1visl\u00e1 v\u00fdzkumn\u00e1 agentura SC&amp;C. Sb\u011br dat prob\u011bhl ve dnech 17.\u201322. 3. 2023 a z\u00fa\u010dastnilo se ho 1026 respondent\u016f ve v\u011bku 18\u201371 let v\u00a0reprezentativn\u00edm zastoupen\u00ed podle pohlav\u00ed, v\u011bku, vzd\u011bl\u00e1n\u00ed, ekonomick\u00e9 aktivity, kraje a velikosti obce bydli\u0161t\u011b.<\/p>\n<p>V\u00a0roce 2022 pr\u016fzkum <em>Vn\u00edm\u00e1n\u00ed poji\u0161\u0165ovnictv\u00ed <\/em>realizovala agentura SC&amp;C ve dnech 28. 4. \u2013 8. 5. 2022 a z\u00fa\u010dastnilo se ho 1023 respondent\u016f ve v\u011bku 18\u201371 let v\u00a0reprezentativn\u00edm zastoupen\u00ed podle pohlav\u00ed, v\u011bku, vzd\u011bl\u00e1n\u00ed, ekonomick\u00e9 aktivity, kraje a velikosti obce bydli\u0161t\u011b.<\/p>\n<p>V\u00a0tiskov\u00e9 zpr\u00e1v\u011b se objevuj\u00ed tak\u00e9 informace z\u00a0kvalitativn\u00edho pr\u016fzkumu na t\u00e9ma <em>Poji\u0161t\u011bn\u00ed dlouhodob\u00e9 p\u00e9\u010de<\/em>, kter\u00fd v\u00a0kv\u011btnu 2020 pro \u010ceskou asociaci poji\u0161\u0165oven realizovala agentura Wavemaker.<\/p>\n<p>&nbsp;<\/p>\n","protected":false},"excerpt":{"rendered":"<div class=\"mh-excerpt\"><p>Nejv\u00edce starosti \u010cech\u016fm d\u011bl\u00e1 i letos neschopnost sebeobslu\u017enosti ve st\u00e1\u0159\u00ed. V\u00a0aktu\u00e1ln\u00edm pr\u016fzkumu \u010cesk\u00e9 asociace poji\u0161\u0165oven se j\u00ed ob\u00e1v\u00e1 st\u00e1le p\u0159es 70 %. Oproti lo\u0148sk\u00e9mu roku <a class=\"mh-excerpt-more\" href=\"https:\/\/www.automakersnews.cz\/index.php\/2023\/09\/13\/cap-nesobestacnost-vede-v-obavach-cechu\/\" title=\"\u010cAP: \u010ce\u0161i se nejv\u00edc ob\u00e1vaj\u00ed nesob\u011bsta\u010dnosti\">[&#8230;]<\/a><\/p>\n<\/div>","protected":false},"author":1,"featured_media":4217,"comment_status":"open","ping_status":"open","sticky":false,"template":"","format":"standard","meta":{"footnotes":""},"categories":[6,5],"tags":[],"class_list":["post-102306","post","type-post","status-publish","format-standard","has-post-thumbnail","hentry","category-analyza","category-pojisteni"],"_links":{"self":[{"href":"https:\/\/www.automakersnews.cz\/index.php\/wp-json\/wp\/v2\/posts\/102306","targetHints":{"allow":["GET"]}}],"collection":[{"href":"https:\/\/www.automakersnews.cz\/index.php\/wp-json\/wp\/v2\/posts"}],"about":[{"href":"https:\/\/www.automakersnews.cz\/index.php\/wp-json\/wp\/v2\/types\/post"}],"author":[{"embeddable":true,"href":"https:\/\/www.automakersnews.cz\/index.php\/wp-json\/wp\/v2\/users\/1"}],"replies":[{"embeddable":true,"href":"https:\/\/www.automakersnews.cz\/index.php\/wp-json\/wp\/v2\/comments?post=102306"}],"version-history":[{"count":0,"href":"https:\/\/www.automakersnews.cz\/index.php\/wp-json\/wp\/v2\/posts\/102306\/revisions"}],"wp:featuredmedia":[{"embeddable":true,"href":"https:\/\/www.automakersnews.cz\/index.php\/wp-json\/wp\/v2\/media\/4217"}],"wp:attachment":[{"href":"https:\/\/www.automakersnews.cz\/index.php\/wp-json\/wp\/v2\/media?parent=102306"}],"wp:term":[{"taxonomy":"category","embeddable":true,"href":"https:\/\/www.automakersnews.cz\/index.php\/wp-json\/wp\/v2\/categories?post=102306"},{"taxonomy":"post_tag","embeddable":true,"href":"https:\/\/www.automakersnews.cz\/index.php\/wp-json\/wp\/v2\/tags?post=102306"}],"curies":[{"name":"wp","href":"https:\/\/api.w.org\/{rel}","templated":true}]}}