{"id":102424,"date":"2023-09-13T13:06:54","date_gmt":"2023-09-13T13:06:54","guid":{"rendered":"https:\/\/www.automakersnews.cz\/?p=102424"},"modified":"2023-09-13T13:07:29","modified_gmt":"2023-09-13T13:07:29","slug":"eu-chysta-antidumpingove-vysetrovani-cinskych-automobilek","status":"publish","type":"post","link":"https:\/\/www.automakersnews.cz\/index.php\/2023\/09\/13\/eu-chysta-antidumpingove-vysetrovani-cinskych-automobilek\/","title":{"rendered":"EU chyst\u00e1 antidumpingov\u00e9 vy\u0161et\u0159ov\u00e1n\u00ed \u010d\u00ednsk\u00fdch automobilek"},"content":{"rendered":"<div class=\"entry-content mh-clearfix\">\n<p><strong>Brusel chyst\u00e1 antidumpingov\u00e9 vy\u0161et\u0159ov\u00e1n\u00ed \u010d\u00ednsk\u00fdch v\u00fdrobc\u016f elektromobil\u016f. M\u00e1 podez\u0159en\u00ed, \u017ee \u010d\u00ednsk\u00e9 automobilky jsou na evropsk\u00e9m trhu zv\u00fdhodn\u011bny st\u00e1tn\u00edmi dotacemi Pekingu.<\/strong><span id=\"more-1979\"><\/span><\/p>\n<p>\u0160\u00e9fka komise Ursula von der Layen to ozn\u00e1mila ve st\u0159edu v pravideln\u00e9m p\u0159ehledu pro unijn\u00ed z\u00e1konod\u00e1rce.<\/p>\n<p>\u201cGlob\u00e1ln\u00ed trhy za\u010daly zaplavovat \u010d\u00ednsk\u00e9 elektromobily. Plat\u00ed pro n\u011b ale stejn\u00e1 antidumpingov\u00e1 pravidla jako pro v\u00fdrobce uvnit\u0159 evropsk\u00e9ho trhu,\u201d uvedla Leyenov\u00e1.<\/p>\n<p>Pokud by Evropsk\u00e1 komise \u0161et\u0159en\u00ed zah\u00e1jila, bude se jednat o jeden z nejv\u011bt\u0161\u00edch p\u0159\u00edpad\u016f antidumpingov\u00e9 legislativy.<\/p>\n<\/div>\n<p><!--more--><\/p>\n","protected":false},"excerpt":{"rendered":"<div class=\"mh-excerpt\"><p>Brusel chyst\u00e1 antidumpingov\u00e9 vy\u0161et\u0159ov\u00e1n\u00ed \u010d\u00ednsk\u00fdch v\u00fdrobc\u016f elektromobil\u016f. M\u00e1 podez\u0159en\u00ed, \u017ee \u010d\u00ednsk\u00e9 automobilky jsou na evropsk\u00e9m trhu zv\u00fdhodn\u011bny st\u00e1tn\u00edmi dotacemi Pekingu. \u0160\u00e9fka komise Ursula von der <a class=\"mh-excerpt-more\" href=\"https:\/\/www.automakersnews.cz\/index.php\/2023\/09\/13\/eu-chysta-antidumpingove-vysetrovani-cinskych-automobilek\/\" title=\"EU chyst\u00e1 antidumpingov\u00e9 vy\u0161et\u0159ov\u00e1n\u00ed \u010d\u00ednsk\u00fdch automobilek\">[&#8230;]<\/a><\/p>\n<\/div>","protected":false},"author":1,"featured_media":715,"comment_status":"open","ping_status":"open","sticky":false,"template":"","format":"standard","meta":{"footnotes":""},"categories":[21],"tags":[],"class_list":["post-102424","post","type-post","status-publish","format-standard","has-post-thumbnail","hentry","category-legislativa"],"_links":{"self":[{"href":"https:\/\/www.automakersnews.cz\/index.php\/wp-json\/wp\/v2\/posts\/102424","targetHints":{"allow":["GET"]}}],"collection":[{"href":"https:\/\/www.automakersnews.cz\/index.php\/wp-json\/wp\/v2\/posts"}],"about":[{"href":"https:\/\/www.automakersnews.cz\/index.php\/wp-json\/wp\/v2\/types\/post"}],"author":[{"embeddable":true,"href":"https:\/\/www.automakersnews.cz\/index.php\/wp-json\/wp\/v2\/users\/1"}],"replies":[{"embeddable":true,"href":"https:\/\/www.automakersnews.cz\/index.php\/wp-json\/wp\/v2\/comments?post=102424"}],"version-history":[{"count":0,"href":"https:\/\/www.automakersnews.cz\/index.php\/wp-json\/wp\/v2\/posts\/102424\/revisions"}],"wp:featuredmedia":[{"embeddable":true,"href":"https:\/\/www.automakersnews.cz\/index.php\/wp-json\/wp\/v2\/media\/715"}],"wp:attachment":[{"href":"https:\/\/www.automakersnews.cz\/index.php\/wp-json\/wp\/v2\/media?parent=102424"}],"wp:term":[{"taxonomy":"category","embeddable":true,"href":"https:\/\/www.automakersnews.cz\/index.php\/wp-json\/wp\/v2\/categories?post=102424"},{"taxonomy":"post_tag","embeddable":true,"href":"https:\/\/www.automakersnews.cz\/index.php\/wp-json\/wp\/v2\/tags?post=102424"}],"curies":[{"name":"wp","href":"https:\/\/api.w.org\/{rel}","templated":true}]}}