{"id":102849,"date":"2023-09-14T07:40:04","date_gmt":"2023-09-14T07:40:04","guid":{"rendered":"https:\/\/www.automakersnews.cz\/?p=102849"},"modified":"2023-09-14T07:40:04","modified_gmt":"2023-09-14T07:40:04","slug":"roste-2-nejvetsi-solarni-parkoviste-v-cesku","status":"publish","type":"post","link":"https:\/\/www.automakersnews.cz\/index.php\/2023\/09\/14\/roste-2-nejvetsi-solarni-parkoviste-v-cesku\/","title":{"rendered":"Roste 2. nejv\u011bt\u0161\u00ed sol\u00e1rn\u00ed parkovi\u0161t\u011b v \u010cesku"},"content":{"rendered":"<p><strong>Nov\u00e9 parkovi\u0161t\u011b pro auta zam\u011bstnanc\u016f \u010cesk\u00e9 zbrojovky v Uhersk\u00e9m Brod\u011b bude zast\u0159e\u0161ovat fotovoltaick\u00e1 elektr\u00e1rna<\/strong><strong>.<\/strong><br \/>\n<!--more--><\/p>\n<p>Takzvan\u00fd carport bude m\u00edt v\u00fdkon 474 kW a vyrob\u00ed pro spole\u010dnost, kter\u00e1 je sou\u010d\u00e1st\u00ed mezin\u00e1rodn\u00ed skupiny Colt CZ Group, celkem 486 MWh elektrick\u00e9 energie, co\u017e odpov\u00edd\u00e1 spot\u0159eb\u011b p\u0159ibli\u017en\u011b 140 b\u011b\u017en\u00fdch dom\u00e1cnost\u00ed. Uspo\u0159\u00ed se t\u00edm z\u00e1rove\u0148 260 tun CO2, co\u017e je mno\u017estv\u00ed, kter\u00e9 ro\u010dn\u011b pohlt\u00ed 32 hektar\u016f lesa.<\/p>\n<p>Dodavatelem fotovoltaick\u00e9 elektr\u00e1rny je spole\u010dnost \u010cEZ ESCO, p\u0159edn\u00ed poskytovatel \u00fasporn\u00fdch a n\u00edzkoemisn\u00edch \u0159e\u0161en\u00ed v energetice. Vlastn\u00ed sol\u00e1rn\u00ed elektr\u00e1rna p\u0159isp\u011bje k c\u00edli skupiny Colt CZ sni\u017eovat emise CO2 a navy\u0161ovat spot\u0159ebu energie z obnoviteln\u00fdch zdroj\u016f.<\/p>\n<p>Dokon\u010den\u00e1 fotovoltaick\u00e1 elektr\u00e1rna m\u00e1 718 sol\u00e1rn\u00edch panel\u016f a zaparkuje pod n\u00ed 179 aut. Do provozu m\u00e1 b\u00fdt uvedena do konce leto\u0161n\u00edho roku.<\/p>\n<p>\u201eNov\u00e9 parkovi\u0161t\u011b vyu\u017eij\u00ed zejm\u00e9na na\u0161i zam\u011bstnanci, a tak\u00e9 p\u0159ij\u00ed\u017ed\u011bj\u00edc\u00ed host\u00e9 a obchodn\u00ed partne\u0159i. P\u0159i jeho v\u00fdstavb\u011b jsme se rozhodli postupovat co nejv\u00edce inovativn\u00edm a z\u00e1rove\u0148 k p\u0159\u00edrod\u011b \u0161etrn\u00fdm zp\u016fsobem. Ve\u0161kerou vyrobenou elekt\u0159inu spot\u0159ebujeme p\u0159\u00edmo v uherskobrodsk\u00e9m z\u00e1vod\u011b, d\u00edky \u010demu\u017e zv\u00fd\u0161\u00edme na\u0161i energetickou sob\u011bsta\u010dnost a z\u00e1rove\u0148 u\u010din\u00edme na\u0161i v\u00fdrobu zase o stup\u00ednek ekologi\u010dt\u011bj\u0161\u00ed, p\u0159esn\u011b v souladu s na\u0161\u00ed firemn\u00ed politikou. Ekologick\u00e9 projekty budeme nad\u00e1le aktivn\u011b rozv\u00edjet,\u201c \u0159\u00edk\u00e1 Jan Zaj\u00edc, gener\u00e1ln\u00ed \u0159editel a p\u0159edseda spr\u00e1vn\u00ed rady \u010cesk\u00e9 zbrojovky.<\/p>\n<p>Carport z\u00e1rove\u0148 chr\u00e1n\u00ed auta zam\u011bstnanc\u016f a n\u00e1v\u0161t\u011bvn\u00edk\u016f p\u0159ed rozmary po\u010das\u00ed. V zim\u011b chr\u00e1n\u00ed auta p\u0159ed napadan\u00fdm sn\u011bhem, v letn\u00edch m\u011bs\u00edc\u00edch bude vozy naopak st\u00ednit od siln\u00e9ho slunce, tak\u017ee se zam\u011bstnanci nebudou po pr\u00e1ci vracet do nep\u0159\u00edjemn\u011b p\u0159eh\u0159\u00e1t\u00fdch voz\u016f.<\/p>\n<p><img loading=\"lazy\" decoding=\"async\" class=\"alignnone size-medium wp-image-102879\" src=\"http:\/\/www.automakersnews.cz\/wp-content\/uploads\/2023\/09\/czub-I-300x165.jpg\" alt=\"\" width=\"300\" height=\"165\" srcset=\"https:\/\/www.automakersnews.cz\/wp-content\/uploads\/2023\/09\/czub-I-300x165.jpg 300w, https:\/\/www.automakersnews.cz\/wp-content\/uploads\/2023\/09\/czub-I-1024x564.jpg 1024w, https:\/\/www.automakersnews.cz\/wp-content\/uploads\/2023\/09\/czub-I-768x423.jpg 768w, https:\/\/www.automakersnews.cz\/wp-content\/uploads\/2023\/09\/czub-I-1536x846.jpg 1536w, https:\/\/www.automakersnews.cz\/wp-content\/uploads\/2023\/09\/czub-I.jpg 1680w\" sizes=\"auto, (max-width: 300px) 100vw, 300px\" \/><\/p>\n<p>\u201eJsme r\u00e1di, \u017ee st\u00e1le v\u00edce na\u0161ich z\u00e1kazn\u00edk\u016f se zaj\u00edm\u00e1 o vlastn\u00ed v\u00fdrobu z fotovoltaick\u00fdch panel\u016f. Sol\u00e1rn\u00ed elektr\u00e1rna umo\u017e\u0148uje firm\u00e1m nejen \u0161et\u0159it n\u00e1klady na energie, ale tak\u00e9 \u017eivotn\u00ed prost\u0159ed\u00ed. Jsme r\u00e1di, \u017ee pr\u00e1v\u011b n\u00e1s si Colt CZ Group vybral pro v\u00fdstavbu inovativn\u00edho projektu sol\u00e1rn\u00edho carportu, kter\u00fd je druh\u00fdm nejv\u011bt\u0161\u00edm u n\u00e1s v \u010cesku. D\u00edky sol\u00e1rn\u00edm panel\u016fm na carportech je dan\u00fd prostor vyu\u017eit dvakr\u00e1t, tzn. nejen pro parkov\u00e1n\u00ed automobil\u016f, ale i pro v\u00fdrobu elekt\u0159iny. Jako bonus jsou zaparkovan\u00e9 automobily kryty p\u0159ed nep\u0159\u00edzn\u00ed po\u010das\u00ed,\u201c uv\u00e1d\u00ed gener\u00e1ln\u00ed \u0159editel \u010cEZ ESCO Kamil \u010cerm\u00e1k.<\/p>\n<p>Nejv\u011bt\u0161\u00ed tuzemsk\u00e1 fotovoltaika zast\u0159e\u0161uj\u00edc\u00ed parkovi\u0161t\u011b se nach\u00e1z\u00ed p\u0159\u00edmo u Jadern\u00e9 elektr\u00e1rny Dukovany. Za prvn\u00ed rok provozu dokonce p\u0159ekonala p\u016fvodn\u011b o\u010dek\u00e1van\u00e9 mno\u017estv\u00ed vyroben\u00e9 energie, a potvrdila tak, \u017ee jde o spr\u00e1vn\u00fd zp\u016fsob vyu\u017e\u00edv\u00e1n\u00ed sol\u00e1rn\u00edch panel\u016f. Fotovoltaikou zast\u0159e\u0161en\u00e9 parkovi\u0161t\u011b se nav\u00edc t\u011b\u0161\u00ed velk\u00e9 oblib\u011b u zam\u011bstnanc\u016f, kte\u0159\u00ed ho p\u0159ednostn\u011b vyu\u017e\u00edvaj\u00ed pro parkov\u00e1n\u00ed sv\u00fdch aut. I p\u0159es del\u0161\u00ed vzd\u00e1lenost od hlavn\u00edho vstupu do elektr\u00e1rny je v\u017edy pln\u011b obsazeno jako prvn\u00ed. D\u016fvodem je pr\u00e1v\u011b ochrana automobil\u016f p\u0159ed p\u0159\u00edm\u00fdm sluncem v l\u00e9t\u011b, v zim\u011b p\u0159ed sn\u011bhem a n\u00e1mrazou.<\/p>\n<p>Skupina \u010cEZ p\u0159ipravuje do roku 2030 nov\u00e9 obnoviteln\u00e9 zdroje s hlavn\u00edm pod\u00edlem fotovoltaick\u00fdch elektr\u00e1ren o celkov\u00e9m v\u00fdkonu a\u017e 6 000 MW. Vzniknou na brownfieldech, na pozemc\u00edch b\u00fdval\u00fdch dol\u016f, na znehodnocen\u00fdch pr\u016fmyslov\u00fdch ploch\u00e1ch a na p\u016fd\u00e1ch n\u00edzk\u00fdch bonit.<\/p>\n<p>&nbsp;<\/p>\n<p><img loading=\"lazy\" decoding=\"async\" class=\"size-medium wp-image-102880 alignnone\" src=\"http:\/\/www.automakersnews.cz\/wp-content\/uploads\/2023\/09\/czub-III-300x168.jpg\" alt=\"\" width=\"300\" height=\"168\" srcset=\"https:\/\/www.automakersnews.cz\/wp-content\/uploads\/2023\/09\/czub-III-300x168.jpg 300w, https:\/\/www.automakersnews.cz\/wp-content\/uploads\/2023\/09\/czub-III-1024x574.jpg 1024w, https:\/\/www.automakersnews.cz\/wp-content\/uploads\/2023\/09\/czub-III-768x431.jpg 768w, https:\/\/www.automakersnews.cz\/wp-content\/uploads\/2023\/09\/czub-III-1536x861.jpg 1536w, https:\/\/www.automakersnews.cz\/wp-content\/uploads\/2023\/09\/czub-III-678x381.jpg 678w, https:\/\/www.automakersnews.cz\/wp-content\/uploads\/2023\/09\/czub-III.jpg 1680w\" sizes=\"auto, (max-width: 300px) 100vw, 300px\" \/><\/p>\n","protected":false},"excerpt":{"rendered":"<div class=\"mh-excerpt\"><p>Nov\u00e9 parkovi\u0161t\u011b pro auta zam\u011bstnanc\u016f \u010cesk\u00e9 zbrojovky v Uhersk\u00e9m Brod\u011b bude zast\u0159e\u0161ovat fotovoltaick\u00e1 elektr\u00e1rna.<\/p>\n<\/div>","protected":false},"author":4,"featured_media":102850,"comment_status":"open","ping_status":"open","sticky":false,"template":"","format":"standard","meta":{"footnotes":""},"categories":[38],"tags":[],"class_list":["post-102849","post","type-post","status-publish","format-standard","has-post-thumbnail","hentry","category-ekologie"],"_links":{"self":[{"href":"https:\/\/www.automakersnews.cz\/index.php\/wp-json\/wp\/v2\/posts\/102849","targetHints":{"allow":["GET"]}}],"collection":[{"href":"https:\/\/www.automakersnews.cz\/index.php\/wp-json\/wp\/v2\/posts"}],"about":[{"href":"https:\/\/www.automakersnews.cz\/index.php\/wp-json\/wp\/v2\/types\/post"}],"author":[{"embeddable":true,"href":"https:\/\/www.automakersnews.cz\/index.php\/wp-json\/wp\/v2\/users\/4"}],"replies":[{"embeddable":true,"href":"https:\/\/www.automakersnews.cz\/index.php\/wp-json\/wp\/v2\/comments?post=102849"}],"version-history":[{"count":0,"href":"https:\/\/www.automakersnews.cz\/index.php\/wp-json\/wp\/v2\/posts\/102849\/revisions"}],"wp:featuredmedia":[{"embeddable":true,"href":"https:\/\/www.automakersnews.cz\/index.php\/wp-json\/wp\/v2\/media\/102850"}],"wp:attachment":[{"href":"https:\/\/www.automakersnews.cz\/index.php\/wp-json\/wp\/v2\/media?parent=102849"}],"wp:term":[{"taxonomy":"category","embeddable":true,"href":"https:\/\/www.automakersnews.cz\/index.php\/wp-json\/wp\/v2\/categories?post=102849"},{"taxonomy":"post_tag","embeddable":true,"href":"https:\/\/www.automakersnews.cz\/index.php\/wp-json\/wp\/v2\/tags?post=102849"}],"curies":[{"name":"wp","href":"https:\/\/api.w.org\/{rel}","templated":true}]}}