{"id":102941,"date":"2023-09-14T07:50:40","date_gmt":"2023-09-14T07:50:40","guid":{"rendered":"https:\/\/www.automakersnews.cz\/?p=102941"},"modified":"2023-09-14T07:59:45","modified_gmt":"2023-09-14T07:59:45","slug":"acea-prodeje-aut-v-eu-rostou-uz-rok","status":"publish","type":"post","link":"https:\/\/www.automakersnews.cz\/index.php\/2023\/09\/14\/acea-prodeje-aut-v-eu-rostou-uz-rok\/","title":{"rendered":"ACEA: Prodeje aut v EU rostou u\u017e rok"},"content":{"rendered":"<p><strong>\u010cervenec byl 12. m\u011bs\u00edcem v \u0159ad\u011b, kdy evropsk\u00fd automobilov\u00fd trh rostl. Celkem se za toto obdob\u00ed v EU registrovalo 851 156 osobn\u00edch vozidel, solidn\u00ed r\u016fst vyk\u00e1zaly v\u0161echny \u010dty\u0159i nejv\u011bt\u0161\u00ed evropsk\u00e9 trhy \u2013 Francie (+19,9 %), N\u011bmecko (+18,1 %), \u0160pan\u011blsko (+10,7 %) a It\u00e1lie (+8,7 %). Celkov\u011b evropsk\u00fd trh vyrostl o 15,2 %. Vypl\u00fdv\u00e1 to z dat Evropsk\u00e9ho sdru\u017een\u00ed v\u00fdrobc\u016f automobil\u016f (ACEA). <\/strong><!--more--><\/p>\n<p>Od ledna do \u010dervence leto\u0161n\u00edho roku se zaregistrovalo 6,3 milionu vozidel. I p\u0159es tyto slibn\u00e9 n\u00e1znaky se ale trh je\u0161t\u011b zcela nevzpamatoval z\u00a0p\u0159eru\u0161en\u00ed dod\u00e1vek souvisej\u00edc\u00edho s\u00a0koronavirovou pandemi\u00ed. <em>\u201eTrh roste nap\u0159\u00edklad i d\u00edky m\u00edrn\u011b se zkracuj\u00edc\u00edm \u010dekac\u00edm dob\u00e1m na nov\u00e1 auta,\u201c<\/em>\u00a0\u0159\u00edk\u00e1 Ale\u0161 Pol\u00e1k, gener\u00e1ln\u00ed \u0159editel spole\u010dnosti Arval.<\/p>\n<p><strong>Elektromobilita je na vzestupu<\/strong><strong><br \/>\n<\/strong><strong><br \/>\n<\/strong>P\u0159\u00edzniv\u011b se vyv\u00edj\u00ed ost\u0159e sledovan\u00fd v\u00fdvoj trhu s\u00a0elektromobily. Registrace nov\u00fdch bateriov\u00fdch elektromobil\u016f se v\u00a0\u010dervenci zv\u00fd\u0161ily o 60,6 % na celkov\u00e9 mno\u017estv\u00ed 115\u00a0971 vozidel. Jejich pod\u00edl na trhu je tak 13,6 %. Po\u010dty elektrick\u00fdch aut stoupaj\u00ed ve v\u011bt\u0161in\u011b zem\u00ed EU. Nejvy\u0161\u0161\u00ed vzestup zaznamenala Belgie s r\u016fstem 235,9 %, n\u00e1r\u016fst zaznamenalo i N\u011bmecko (+68,9 %) a Francie (+32,4 %).<\/p>\n<p><em>\u201eElektromobily se v\u00a0tuto chv\u00edli po\u0159izuj\u00ed zejm\u00e9na z\u00a0environment\u00e1ln\u00edch d\u016fvod\u016f. Z\u00e1jem maj\u00ed hlavn\u011b firmy,\u201c <\/em>vysv\u011btluje Pol\u00e1k. Krom\u011b ochrany \u017eivotn\u00edho prost\u0159ed\u00ed hraje roli i sni\u017eov\u00e1n\u00ed provozn\u00edch n\u00e1klad\u016f nebo tak\u00e9 image firmy.<\/p>\n<p>V\u00fdznamn\u011b se zv\u00fd\u0161ily i po\u010dty registrac\u00ed hybrid\u016f. V\u00a0\u010dervenci to bylo o 31,6 %.<strong>\u00a0<\/strong>Mezi lednem a \u010dervencem<strong>\u00a0<\/strong>se prodalo t\u00e9m\u011b\u0159 1,6 milionu hybridn\u00edch vozidel, co\u017e odpov\u00edd\u00e1 jedn\u00e9 \u010dtvrtin\u011b pod\u00edlu na trhu. Registrace plug-in hybrid\u016f pak narostly o 14,5 % na 67 060 automobil\u016f. Jejich tr\u017en\u00ed pod\u00edl \u010din\u00ed 7,9 %.<\/p>\n<p><strong>KOMENT\u00c1\u0158 Ericha Handla, \u010cT 24:<\/strong><\/p>\n<iframe loading=\"lazy\"  style=\"display: block; margin: 0px auto;\"  id=\"_ytid_25089\"  width=\"800\" height=\"450\"  data-origwidth=\"800\" data-origheight=\"450\" src=\"https:\/\/www.youtube.com\/embed\/_s37Xg77jRQ?enablejsapi=1&autoplay=1&cc_load_policy=0&iv_load_policy=1&loop=1&playlist=_s37Xg77jRQ&modestbranding=0&fs=1&playsinline=0&controls=1&color=red&cc_lang_pref=&rel=1&autohide=2&theme=dark&\" class=\"__youtube_prefs__  no-lazyload\" title=\"YouTube player\"  allow=\"accelerometer; autoplay; clipboard-write; encrypted-media; gyroscope; picture-in-picture\" allowfullscreen data-no-lazy=\"1\" data-skipgform_ajax_framebjll=\"\"><\/iframe>\n<p><strong>\u201eSpalov\u00e1ky\u201c st\u00e1le vedou, alternativy ale pomalu dotahuj\u00ed<\/strong><\/p>\n<p>Evropsk\u00fd trh s\u00a0benz\u00ednov\u00fdmi auty v\u00a0\u010dervenci vyrostl o 5 % a dos\u00e1hl tak po\u010dtu 304 903 vozidel. Tr\u017en\u00ed pod\u00edl se v\u0161ak oproti lo\u0148sk\u00e9mu \u010dervenci sn\u00ed\u017eil z 39,3 % na 35,8 %. R\u016fst \u201et\u00e1hla\u201c zejm\u00e9na Francie (+16,4 %) a N\u011bmecko (+12,5 %). Za prvn\u00edch sedm m\u011bs\u00edc\u016f leto\u0161n\u00edho roku se prodalo p\u0159es 2,3 milionu benzinov\u00fdch automobil\u016f, co\u017e p\u0159edstavuje n\u00e1r\u016fst o 14,3 % ve srovn\u00e1n\u00ed s rokem 2022.<\/p>\n<p>Trh s naftov\u00fdmi auty nad\u00e1le kles\u00e1, v\u00a0\u010dervenci to bylo o 9,1 %. D\u011bje se tak navzdory r\u016fstu v N\u011bmecku (+2,7 %) a na trz\u00edch st\u0159edn\u00ed a v\u00fdchodn\u00ed Evropy, zejm\u00e9na na Slovensku (+36,1 %) a v Rumunsku (+19,8 %). Pod\u00edl dieselov\u00fdch motor\u016f na trhu je nyn\u00ed 14,1 %, p\u0159i\u010dem\u017e v\u00a0\u010dervenci lo\u0148sk\u00e9ho roku to bylo 17,9 %. <em>\u201eVyrovn\u00e1v\u00e1n\u00ed tr\u017en\u00edho pod\u00edlu automobil\u016f na naftu a elektromobil\u016f sv\u011bd\u010d\u00ed o tom, \u017ee u\u017eivatel\u00e9 o alternativn\u00edch pohonech p\u0159em\u00fd\u0161lej\u00ed. Jedn\u00edm z\u00a0v\u00fdrazn\u00fdch d\u016fvod\u016f jsou ni\u017e\u0161\u00ed provozn\u00ed n\u00e1klady. Podle na\u0161ich v\u00fdpo\u010dt\u016f jezd\u00ed pr\u016fm\u011brn\u00fd elektromobil za cenu 1,30 K\u010d bez DPH na kilometr, co\u017e je v\u00edce ne\u017e o t\u0159etinu m\u00e9n\u011b v\u00a0porovn\u00e1n\u00ed s\u00a0vozidly na naftu \u010di benz\u00edn,\u201c <\/em>uv\u00e1d\u00ed Tom\u00e1\u0161 Kade\u0159\u00e1bek z\u00a0Arvalu.<\/p>\n<p><strong>Zdroje: Arval, \u010cT 24<\/strong><\/p>\n","protected":false},"excerpt":{"rendered":"<div class=\"mh-excerpt\"><p>\u010cervenec byl 12. m\u011bs\u00edcem v \u0159ad\u011b, kdy evropsk\u00fd automobilov\u00fd trh rostl. Celkem se za toto obdob\u00ed v EU registrovalo 851 156 osobn\u00edch vozidel, solidn\u00ed r\u016fst <a class=\"mh-excerpt-more\" href=\"https:\/\/www.automakersnews.cz\/index.php\/2023\/09\/14\/acea-prodeje-aut-v-eu-rostou-uz-rok\/\" title=\"ACEA: Prodeje aut v EU rostou u\u017e rok\">[&#8230;]<\/a><\/p>\n<\/div>","protected":false},"author":1,"featured_media":102942,"comment_status":"open","ping_status":"open","sticky":false,"template":"","format":"standard","meta":{"footnotes":""},"categories":[22,8],"tags":[],"class_list":["post-102941","post","type-post","status-publish","format-standard","has-post-thumbnail","hentry","category-elektromobily","category-statistika"],"_links":{"self":[{"href":"https:\/\/www.automakersnews.cz\/index.php\/wp-json\/wp\/v2\/posts\/102941","targetHints":{"allow":["GET"]}}],"collection":[{"href":"https:\/\/www.automakersnews.cz\/index.php\/wp-json\/wp\/v2\/posts"}],"about":[{"href":"https:\/\/www.automakersnews.cz\/index.php\/wp-json\/wp\/v2\/types\/post"}],"author":[{"embeddable":true,"href":"https:\/\/www.automakersnews.cz\/index.php\/wp-json\/wp\/v2\/users\/1"}],"replies":[{"embeddable":true,"href":"https:\/\/www.automakersnews.cz\/index.php\/wp-json\/wp\/v2\/comments?post=102941"}],"version-history":[{"count":0,"href":"https:\/\/www.automakersnews.cz\/index.php\/wp-json\/wp\/v2\/posts\/102941\/revisions"}],"wp:featuredmedia":[{"embeddable":true,"href":"https:\/\/www.automakersnews.cz\/index.php\/wp-json\/wp\/v2\/media\/102942"}],"wp:attachment":[{"href":"https:\/\/www.automakersnews.cz\/index.php\/wp-json\/wp\/v2\/media?parent=102941"}],"wp:term":[{"taxonomy":"category","embeddable":true,"href":"https:\/\/www.automakersnews.cz\/index.php\/wp-json\/wp\/v2\/categories?post=102941"},{"taxonomy":"post_tag","embeddable":true,"href":"https:\/\/www.automakersnews.cz\/index.php\/wp-json\/wp\/v2\/tags?post=102941"}],"curies":[{"name":"wp","href":"https:\/\/api.w.org\/{rel}","templated":true}]}}