{"id":102952,"date":"2023-09-14T08:06:39","date_gmt":"2023-09-14T08:06:39","guid":{"rendered":"https:\/\/www.automakersnews.cz\/?p=102952"},"modified":"2023-09-14T08:57:11","modified_gmt":"2023-09-14T08:57:11","slug":"kia-uz-vybrala-obchodniho-reditele","status":"publish","type":"post","link":"https:\/\/www.automakersnews.cz\/index.php\/2023\/09\/14\/kia-uz-vybrala-obchodniho-reditele\/","title":{"rendered":"Kia u\u017e vybrala obchodn\u00edho \u0159editele"},"content":{"rendered":"<p><strong>Z pozice obchodn\u00edho \u0159editele Kia Czech p\u0159e\u0161el ke zna\u010dce MG Martin Kr\u00e1l\u00ed\u010dek a \u0161\u00e9f importu Arno\u0161t Barna sh\u00e1n\u011bl p\u0159es l\u00e9to n\u00e1hradu. V tendru bylo \u0161est kandid\u00e1t\u016f.\u00a0 Jak to pr\u016fb\u011b\u017en\u011b vypad\u00e1 s v\u00fdb\u011brem?<\/strong><span id=\"more-78632\"><\/span><!--more--><\/p>\n<p>Martin Kr\u00e1l\u00ed\u010dek p\u016fsobil v Kia Czech jako mana\u017eer dealersk\u00fdch fleetov\u00fdch obchod\u016f, loni 1. z\u00e1\u0159\u00ed pov\u00fd\u0161il a\u017e na obchodn\u00edho \u0159editele, kdy\u017e nahradil na m\u00edst\u011b vedouc\u00edho obchodn\u00edho odd\u011blen\u00ed Ivo \u0158eh\u00e1ka.\u00a0 Ani to ale Arno\u0161tu Barnovi nepomohlo Kr\u00e1l\u00ed\u010dka ve firm\u011b udr\u017eet.<\/p>\n<p>\u201eMartin ode\u0161el za v\u011bt\u0161\u00edmi pen\u011bzi a presti\u017e\u00ed \u010d\u00ednsk\u00e9 zna\u010dky,\u201c post\u011b\u017eoval si na\u0161emu \u010dasopisu \u0161\u00e9f importu. Nyn\u00ed dokon\u010duje v\u00fdb\u011brov\u00e9 \u0159\u00edzen\u00ed na nov\u00e9ho obcho\u010f\u00e1ka, v dob\u011b na\u0161eho rozhovoru m\u011bl celkem \u0161est nad\u011bjn\u00fdch kandid\u00e1t\u016f.<\/p>\n<p>Jak se to vyv\u00edj\u00ed? Podle informac\u00ed \u010dasopisu Automakers u\u017e byl nov\u00fd obcho\u010f\u00e1k vybr\u00e1n, nen\u00ed to jm\u00e9no z firmy, ale zvenku.<\/p>\n<p>Import ale zat\u00edm jeho jm\u00e9no neup\u0159esnil. &#8222;V\u0161e se dozv\u00edte z tiskov\u00e9 zpr\u00e1vy,&#8220; \u0159ekla n\u00e1m mluv\u010d\u00ed zna\u010dky Kate\u0159ina Va\u0148kov\u00e1 Jaougl\u00ed\u010dkov\u00e1.<\/p>\n<figure id=\"attachment_72371\" aria-describedby=\"caption-attachment-72371\" style=\"width: 640px\" class=\"wp-caption alignnone\"><img loading=\"lazy\" decoding=\"async\" class=\"size-full wp-image-72371\" src=\"http:\/\/www.automakersnews.cz\/wp-content\/uploads\/2023\/08\/Martin_Kralicek_01.jpg\" alt=\"\" width=\"640\" height=\"480\" srcset=\"https:\/\/www.automakersnews.cz\/wp-content\/uploads\/2023\/08\/Martin_Kralicek_01.jpg 640w, https:\/\/www.automakersnews.cz\/wp-content\/uploads\/2023\/08\/Martin_Kralicek_01-300x225.jpg 300w, https:\/\/www.automakersnews.cz\/wp-content\/uploads\/2023\/08\/Martin_Kralicek_01-326x245.jpg 326w, https:\/\/www.automakersnews.cz\/wp-content\/uploads\/2023\/08\/Martin_Kralicek_01-80x60.jpg 80w\" sizes=\"auto, (max-width: 640px) 100vw, 640px\" \/><figcaption id=\"caption-attachment-72371\" class=\"wp-caption-text\">Martin Kr\u00e1l\u00ed\u010dek p\u0159e\u0161el v l\u00e9t\u011b k \u010d\u00ednsk\u00e9 zna\u010dce MG<\/figcaption><\/figure>\n","protected":false},"excerpt":{"rendered":"<div class=\"mh-excerpt\"><p>Z pozice obchodn\u00edho \u0159editele Kia Czech p\u0159e\u0161el ke zna\u010dce MG Martin Kr\u00e1l\u00ed\u010dek a \u0161\u00e9f importu Arno\u0161t Barna sh\u00e1n\u011bl p\u0159es l\u00e9to n\u00e1hradu. V tendru bylo \u0161est <a class=\"mh-excerpt-more\" href=\"https:\/\/www.automakersnews.cz\/index.php\/2023\/09\/14\/kia-uz-vybrala-obchodniho-reditele\/\" title=\"Kia u\u017e vybrala obchodn\u00edho \u0159editele\">[&#8230;]<\/a><\/p>\n<\/div>","protected":false},"author":1,"featured_media":5956,"comment_status":"open","ping_status":"open","sticky":false,"template":"","format":"standard","meta":{"footnotes":""},"categories":[37,3],"tags":[],"class_list":["post-102952","post","type-post","status-publish","format-standard","has-post-thumbnail","hentry","category-importeri","category-personalie"],"_links":{"self":[{"href":"https:\/\/www.automakersnews.cz\/index.php\/wp-json\/wp\/v2\/posts\/102952","targetHints":{"allow":["GET"]}}],"collection":[{"href":"https:\/\/www.automakersnews.cz\/index.php\/wp-json\/wp\/v2\/posts"}],"about":[{"href":"https:\/\/www.automakersnews.cz\/index.php\/wp-json\/wp\/v2\/types\/post"}],"author":[{"embeddable":true,"href":"https:\/\/www.automakersnews.cz\/index.php\/wp-json\/wp\/v2\/users\/1"}],"replies":[{"embeddable":true,"href":"https:\/\/www.automakersnews.cz\/index.php\/wp-json\/wp\/v2\/comments?post=102952"}],"version-history":[{"count":0,"href":"https:\/\/www.automakersnews.cz\/index.php\/wp-json\/wp\/v2\/posts\/102952\/revisions"}],"wp:featuredmedia":[{"embeddable":true,"href":"https:\/\/www.automakersnews.cz\/index.php\/wp-json\/wp\/v2\/media\/5956"}],"wp:attachment":[{"href":"https:\/\/www.automakersnews.cz\/index.php\/wp-json\/wp\/v2\/media?parent=102952"}],"wp:term":[{"taxonomy":"category","embeddable":true,"href":"https:\/\/www.automakersnews.cz\/index.php\/wp-json\/wp\/v2\/categories?post=102952"},{"taxonomy":"post_tag","embeddable":true,"href":"https:\/\/www.automakersnews.cz\/index.php\/wp-json\/wp\/v2\/tags?post=102952"}],"curies":[{"name":"wp","href":"https:\/\/api.w.org\/{rel}","templated":true}]}}