{"id":103,"date":"2022-02-11T14:25:04","date_gmt":"2022-02-11T14:25:04","guid":{"rendered":"http:\/\/www.automakersnews.cz\/?p=103"},"modified":"2022-02-11T14:25:04","modified_gmt":"2022-02-11T14:25:04","slug":"anketa-pr-roku-2021-odevzdany-prvni-hlasy","status":"publish","type":"post","link":"https:\/\/www.automakersnews.cz\/index.php\/2022\/02\/11\/anketa-pr-roku-2021-odevzdany-prvni-hlasy\/","title":{"rendered":"Anketa PR roku 2021 \u2013 odevzd\u00e1ny prvn\u00ed hlasy"},"content":{"rendered":"<p><strong>\u010casopis Automakers letos op\u011bt organizuje, ve spolupr\u00e1ci s novin\u00e1\u0159sk\u00fdmi kluby, anketu o nejlep\u0161\u00ed medi\u00e1ln\u00ed servis v r\u00e1mci Svazu dovozc\u016f automobil\u016f v roce 2021. Leden byl ur\u010den pro distribuci hlasovac\u00edch l\u00edstk\u016f, s koncem \u00fanora se uzav\u0159e samotn\u00e9 hlasov\u00e1n\u00ed? Prozat\u00edm hlasovalo 13 porotc\u016f.<br \/>\n<\/strong><span id=\"more-148546\"><\/span><!--more--><\/p>\n<p>Klub motoristick\u00fdch novin\u00e1\u0159\u016f a Klub motoristick\u00fdch publicist\u016f vyhla\u0161uj\u00ed anketu v novodob\u00e9 historii u\u017e po\u0161est\u00e9.<\/p>\n<p>Jejich \u010dlenov\u00e9 budou moci d\u00e1vat sv\u00e9 hlasy v\u0161em ofici\u00e1ln\u00edm mluv\u010d\u00edm spole\u010dnost\u00ed sdru\u017een\u00fdch v SDA, kte\u0159\u00ed poskytovali PR servis v pr\u016fb\u011bhu roku 2021.<\/p>\n<p>Do sout\u011b\u017ee bude op\u011bt nominov\u00e1n ka\u017ed\u00fd mana\u017eer, kter\u00fd obdr\u017e\u00ed alespo\u0148 jeden novin\u00e1\u0159sk\u00fd hlas. Loni takto volilo sv\u00e9 obl\u00edben\u00e9 mluv\u010d\u00ed p\u0159es 20 motonovin\u00e1\u0159\u016f.<\/p>\n<p>\u201eLetos se op\u011bt po\u010d\u00edt\u00e1 s vedlej\u0161\u00ed kategori\u00ed Tiskovka roku,\u201c uvedl \u0161\u00e9fredaktor Automakers Erich Handl s t\u00edm, \u017ee organiza\u010dn\u00ed v\u00fdbor zva\u017euje jin\u00e9 doprovodn\u00e9 kategorie.<\/p>\n<p><strong>Prozat\u00edm odevzdan\u00e9 hlasy \/uv\u00e1d\u00edme p\u0159\u00edjmen\u00ed porotc\u016f, tak jak uvedeno na l\u00edstku\/:<\/strong><\/p>\n<p>Bart\u00e1k, Ber\u00e1nek, Jirou\u0161, Kortus, Kot\u00e1s, Kvartek, Kv\u00e1\u0161ov\u00e1, Novotn\u00fd, Pechr, Svoboda, Vavera, Vondr\u00e1\u010dek, Vysko\u010dil<\/p>\n<p>\u201eZat\u00edm m\u00e1me hlasy posb\u00edran\u00e9 na tiskovk\u00e1ch, hlavn\u00ed bal\u00edk z elektronick\u00e9ho hlasov\u00e1n\u00ed v klubech teprve p\u0159ijde. Fin\u00e1ln\u011b po\u010d\u00edt\u00e1me zhruba s 25 hlasy, nominov\u00e1no zat\u00edm bylo zhruba 15 PR mana\u017eer\u016f. Hlasov\u00e1n\u00ed bychom cht\u011bli uzav\u0159\u00edt 28. \u00fanora,\u201c uvedl Handl.<\/p>\n<p><img loading=\"lazy\" decoding=\"async\" class=\"alignnone size-medium wp-image-65\" src=\"http:\/\/www.automakersnews.cz\/wp-content\/uploads\/2022\/01\/Anketa-PR-roku-2016-ceny-300x196.jpg\" alt=\"\" width=\"300\" height=\"196\" srcset=\"https:\/\/www.automakersnews.cz\/wp-content\/uploads\/2022\/01\/Anketa-PR-roku-2016-ceny-300x196.jpg 300w, https:\/\/www.automakersnews.cz\/wp-content\/uploads\/2022\/01\/Anketa-PR-roku-2016-ceny-768x502.jpg 768w, https:\/\/www.automakersnews.cz\/wp-content\/uploads\/2022\/01\/Anketa-PR-roku-2016-ceny.jpg 1000w\" sizes=\"auto, (max-width: 300px) 100vw, 300px\" \/><\/p>\n","protected":false},"excerpt":{"rendered":"<div class=\"mh-excerpt\"><p>\u010casopis Automakers letos op\u011bt organizuje, ve spolupr\u00e1ci s novin\u00e1\u0159sk\u00fdmi kluby, anketu o nejlep\u0161\u00ed medi\u00e1ln\u00ed servis v r\u00e1mci Svazu dovozc\u016f automobil\u016f v roce 2021. Leden byl <a class=\"mh-excerpt-more\" href=\"https:\/\/www.automakersnews.cz\/index.php\/2022\/02\/11\/anketa-pr-roku-2021-odevzdany-prvni-hlasy\/\" title=\"Anketa PR roku 2021 \u2013 odevzd\u00e1ny prvn\u00ed hlasy\">[&#8230;]<\/a><\/p>\n<\/div>","protected":false},"author":1,"featured_media":104,"comment_status":"open","ping_status":"open","sticky":false,"template":"","format":"standard","meta":{"footnotes":""},"categories":[7],"tags":[],"class_list":["post-103","post","type-post","status-publish","format-standard","has-post-thumbnail","hentry","category-ankety"],"_links":{"self":[{"href":"https:\/\/www.automakersnews.cz\/index.php\/wp-json\/wp\/v2\/posts\/103","targetHints":{"allow":["GET"]}}],"collection":[{"href":"https:\/\/www.automakersnews.cz\/index.php\/wp-json\/wp\/v2\/posts"}],"about":[{"href":"https:\/\/www.automakersnews.cz\/index.php\/wp-json\/wp\/v2\/types\/post"}],"author":[{"embeddable":true,"href":"https:\/\/www.automakersnews.cz\/index.php\/wp-json\/wp\/v2\/users\/1"}],"replies":[{"embeddable":true,"href":"https:\/\/www.automakersnews.cz\/index.php\/wp-json\/wp\/v2\/comments?post=103"}],"version-history":[{"count":0,"href":"https:\/\/www.automakersnews.cz\/index.php\/wp-json\/wp\/v2\/posts\/103\/revisions"}],"wp:featuredmedia":[{"embeddable":true,"href":"https:\/\/www.automakersnews.cz\/index.php\/wp-json\/wp\/v2\/media\/104"}],"wp:attachment":[{"href":"https:\/\/www.automakersnews.cz\/index.php\/wp-json\/wp\/v2\/media?parent=103"}],"wp:term":[{"taxonomy":"category","embeddable":true,"href":"https:\/\/www.automakersnews.cz\/index.php\/wp-json\/wp\/v2\/categories?post=103"},{"taxonomy":"post_tag","embeddable":true,"href":"https:\/\/www.automakersnews.cz\/index.php\/wp-json\/wp\/v2\/tags?post=103"}],"curies":[{"name":"wp","href":"https:\/\/api.w.org\/{rel}","templated":true}]}}