{"id":103603,"date":"2023-09-15T07:22:56","date_gmt":"2023-09-15T07:22:56","guid":{"rendered":"https:\/\/www.automakersnews.cz\/?p=103603"},"modified":"2023-09-15T07:23:24","modified_gmt":"2023-09-15T07:23:24","slug":"f-automobile-import-presouva-press-flotilu","status":"publish","type":"post","link":"https:\/\/www.automakersnews.cz\/index.php\/2023\/09\/15\/f-automobile-import-presouva-press-flotilu\/","title":{"rendered":"F Automobile Import p\u0159esouv\u00e1 press flotilu"},"content":{"rendered":"<p><strong>Motoristi\u010dt\u00ed novin\u00e1\u0159i byli dlouh\u00e1 l\u00e9ta zvykl\u00ed vyzved\u00e1vat press vozy zna\u010dek b\u00fdval\u00e9ho FCA (Abarth, Fiat, Fiat Professional, Jeep, Alfa Romeo) v Imof\u011b. Flotila se nyn\u00ed p\u0159esouv\u00e1 do Hostiva\u0159e.<\/strong><!--more--><\/p>\n<p>Import\u00e9rsk\u00e1 skupina Emil Frey Group loni v \u0159\u00edjnu integrovala do sv\u00e9 struktury zna\u010dky FCA a z\u0159\u00eddila F Automobile Import. Novin\u00e1\u0159skou flotilu tam stejn\u011b jako v FCA \u0159\u00edd\u00ed Sylva Marounkov\u00e1.<\/p>\n<p>&#8222;Obnovili jsme flotilu novin\u00e1\u0159sk\u00fdch testovac\u00edch voz\u016f, od ka\u017ed\u00e9ho modelu tam nyn\u00ed m\u00e1me jeden i v\u00edce kus\u016f v r\u016fzn\u00fdch motorizac\u00edch. P\u0159ed\u00e1vky novin\u00e1\u0159\u016fm dosud zaji\u0161\u0165ovala Imofa, ale cel\u00e1 flotila se nyn\u00ed p\u0159esouv\u00e1 do car parku EFG v Hostiva\u0159i,&#8220; \u0159ekla Automakers Marounkov\u00e1.<\/p>\n<p>&#8222;Od<b>\u00a0\u00fater\u00fd 19. 9. 2023<\/b> pro n\u00e1s agendu novin\u00e1\u0159sk\u00fdch voz\u016f bude zaji\u0161\u0165ovat na\u0161e divize EF Mobility,&#8220; up\u0159esnila.<\/p>\n<p class=\"v1MsoNormal\">\u00a0\u00a0\u00a0\u00a0\u00a0\u00a0\u00a0\u00a0\u00a0\u00a0\u00a0\u00a0\u00a0<b>\u00a0\u00a0\u00a0\u00a0\u00a0\u00a0\u00a0\u00a0\u00a0\u00a0\u00a0\u00a0<u>Kontakt pro vyzved\u00e1v\u00e1n\u00ed \/ vr\u00e1cen\u00ed novin\u00e1\u0159sk\u00fdch voz\u016f v\u00fd\u0161e uveden\u00fdch zna\u010dek je:<\/u><\/b><\/p>\n<p class=\"v1MsoNormal\">\u00a0\u00a0\u00a0\u00a0\u00a0\u00a0\u00a0\u00a0\u00a0\u00a0\u00a0\u00a0\u00a0 V Chotejn\u011b 822<\/p>\n<p class=\"v1MsoNormal\">\u00a0\u00a0\u00a0\u00a0\u00a0\u00a0\u00a0\u00a0\u00a0\u00a0\u00a0\u00a0\u00a0 Praha 10 \u2013 Hostiva\u0159<\/p>\n<p class=\"v1MsoNormal\">\u00a0\u00a0\u00a0\u00a0\u00a0\u00a0\u00a0\u00a0\u00a0\u00a0\u00a0\u00a0\u00a0 Telefon: \u00a0702\u00a0251\u00a0536<\/p>\n<p class=\"v1MsoNormal\">\u00a0\u00a0\u00a0\u00a0\u00a0\u00a0\u00a0\u00a0\u00a0\u00a0\u00a0\u00a0\u00a0 Otev\u00edrac\u00ed doba:<\/p>\n<p class=\"v1MsoNormal\">\u00a0\u00a0\u00a0\u00a0\u00a0\u00a0\u00a0\u00a0\u00a0\u00a0\u00a0\u00a0\u00a0 Po \u2013 P\u00e1 \u00a09.00\u00a0 &#8211; 12.00 \u00a0\/ 12.30 \u2013 16.30<\/p>\n","protected":false},"excerpt":{"rendered":"<div class=\"mh-excerpt\"><p>Motoristi\u010dt\u00ed novin\u00e1\u0159i byli dlouh\u00e1 l\u00e9ta zvykl\u00ed vyzved\u00e1vat press vozy zna\u010dek b\u00fdval\u00e9ho FCA (Abarth, Fiat, Fiat Professional, Jeep, Alfa Romeo) v Imof\u011b. Flotila se nyn\u00ed p\u0159esouv\u00e1 <a class=\"mh-excerpt-more\" href=\"https:\/\/www.automakersnews.cz\/index.php\/2023\/09\/15\/f-automobile-import-presouva-press-flotilu\/\" title=\"F Automobile Import p\u0159esouv\u00e1 press flotilu\">[&#8230;]<\/a><\/p>\n<\/div>","protected":false},"author":1,"featured_media":34007,"comment_status":"open","ping_status":"open","sticky":false,"template":"","format":"standard","meta":{"footnotes":""},"categories":[27,49],"tags":[],"class_list":["post-103603","post","type-post","status-publish","format-standard","has-post-thumbnail","hentry","category-media","category-novinari"],"_links":{"self":[{"href":"https:\/\/www.automakersnews.cz\/index.php\/wp-json\/wp\/v2\/posts\/103603","targetHints":{"allow":["GET"]}}],"collection":[{"href":"https:\/\/www.automakersnews.cz\/index.php\/wp-json\/wp\/v2\/posts"}],"about":[{"href":"https:\/\/www.automakersnews.cz\/index.php\/wp-json\/wp\/v2\/types\/post"}],"author":[{"embeddable":true,"href":"https:\/\/www.automakersnews.cz\/index.php\/wp-json\/wp\/v2\/users\/1"}],"replies":[{"embeddable":true,"href":"https:\/\/www.automakersnews.cz\/index.php\/wp-json\/wp\/v2\/comments?post=103603"}],"version-history":[{"count":0,"href":"https:\/\/www.automakersnews.cz\/index.php\/wp-json\/wp\/v2\/posts\/103603\/revisions"}],"wp:featuredmedia":[{"embeddable":true,"href":"https:\/\/www.automakersnews.cz\/index.php\/wp-json\/wp\/v2\/media\/34007"}],"wp:attachment":[{"href":"https:\/\/www.automakersnews.cz\/index.php\/wp-json\/wp\/v2\/media?parent=103603"}],"wp:term":[{"taxonomy":"category","embeddable":true,"href":"https:\/\/www.automakersnews.cz\/index.php\/wp-json\/wp\/v2\/categories?post=103603"},{"taxonomy":"post_tag","embeddable":true,"href":"https:\/\/www.automakersnews.cz\/index.php\/wp-json\/wp\/v2\/tags?post=103603"}],"curies":[{"name":"wp","href":"https:\/\/api.w.org\/{rel}","templated":true}]}}