{"id":103635,"date":"2023-09-15T08:29:14","date_gmt":"2023-09-15T08:29:14","guid":{"rendered":"https:\/\/www.automakersnews.cz\/?p=103635"},"modified":"2023-09-15T08:45:07","modified_gmt":"2023-09-15T08:45:07","slug":"zikmund-predvedl-novou-toyotu-c-hr","status":"publish","type":"post","link":"https:\/\/www.automakersnews.cz\/index.php\/2023\/09\/15\/zikmund-predvedl-novou-toyotu-c-hr\/","title":{"rendered":"Zikmund p\u0159edvedl novou Toyotu C-HR"},"content":{"rendered":"<p class=\"v1MsoNormal\"><b>Toyota uspo\u0159\u00e1dala v Praze prvn\u00ed statickou prezentaci nov\u00e9 generace Toyoty C-HR. Produktov\u00e9 a technick\u00e9 informace k modelu sd\u011blil <\/b><b>v s\u00eddle Toyoty Central Europe-Czech mana\u017eer zna\u010dky V\u00e1clav Zikmund.<\/b><!--more--><\/p>\n<p>&#8222;Auto se rozkro\u010dilo do \u0161\u00ed\u0159ky a povyrostlo, je sebev\u011bdom\u00e9 d\u00edky \u0161ir\u0161\u00edmu rozchodu kol. Zdob\u00ed ho\u00a0panoramatick\u00e1 st\u0159echa a nab\u00eddneme jak pln\u00fd hybrid tak pluginovou verzi, kter\u00e1 ujede 70 km v \u010dist\u011b elektrick\u00e9m m\u00f3du p\u0159i spot\u0159eb\u011b spot\u0159eba 5,5 litru na sto kilometr\u016f j\u00edzdy,&#8220; uvedl Zikmund s t\u00edm, \u017ee ceny za\u010d\u00ednaj\u00ed na\u00a0859 900 za 1,8kov\u00fd z\u00e1klad. Kon\u010d\u00ed se na 1 260 000 korun\u00e1ch. Plugin vyjde p\u0159es milion korun.<\/p>\n<p><img loading=\"lazy\" decoding=\"async\" class=\"alignnone size-large wp-image-103640\" src=\"http:\/\/www.automakersnews.cz\/wp-content\/uploads\/2023\/09\/Toyota-TK-Vaclav-Zikmund-1024x768.jpg\" alt=\"\" width=\"1024\" height=\"768\" srcset=\"https:\/\/www.automakersnews.cz\/wp-content\/uploads\/2023\/09\/Toyota-TK-Vaclav-Zikmund-1024x768.jpg 1024w, https:\/\/www.automakersnews.cz\/wp-content\/uploads\/2023\/09\/Toyota-TK-Vaclav-Zikmund-300x225.jpg 300w, https:\/\/www.automakersnews.cz\/wp-content\/uploads\/2023\/09\/Toyota-TK-Vaclav-Zikmund-768x576.jpg 768w, https:\/\/www.automakersnews.cz\/wp-content\/uploads\/2023\/09\/Toyota-TK-Vaclav-Zikmund-1536x1152.jpg 1536w, https:\/\/www.automakersnews.cz\/wp-content\/uploads\/2023\/09\/Toyota-TK-Vaclav-Zikmund-678x509.jpg 678w, https:\/\/www.automakersnews.cz\/wp-content\/uploads\/2023\/09\/Toyota-TK-Vaclav-Zikmund-326x245.jpg 326w, https:\/\/www.automakersnews.cz\/wp-content\/uploads\/2023\/09\/Toyota-TK-Vaclav-Zikmund-80x60.jpg 80w, https:\/\/www.automakersnews.cz\/wp-content\/uploads\/2023\/09\/Toyota-TK-Vaclav-Zikmund.jpg 2040w\" sizes=\"auto, (max-width: 1024px) 100vw, 1024px\" \/><\/p>\n<p><b>Prodejn\u00ed pl\u00e1ny a d\u016fle\u017eit\u00e9 term\u00edny.<\/b><\/p>\n<p>&#8222;V p\u016flce z\u00e1\u0159\u00ed se rozjede roadshow, kde uk\u00e1\u017eeme krom\u011b C-HR tak\u00e9 Prius a Mirai. Za\u010d\u00e1tek v\u00fdroby hybridu je stanoven na listopadu, plugin najede na v\u00fdrobn\u00ed linky v lednu a vozy tu budou v b\u0159eznu. P\u0159itom doprod\u00e1v\u00e1me je\u0161t\u011b 2000 aut pro \u010cR, SR a Ma\u010farsko ze star\u00e9 \u0161ar\u017ee, na kterou je\u00a0 100 000 korun sleva,&#8220; up\u0159esnil Zikmund.<\/p>\n<p><img loading=\"lazy\" decoding=\"async\" class=\"alignnone size-large wp-image-103673\" src=\"http:\/\/www.automakersnews.cz\/wp-content\/uploads\/2023\/09\/Toyota-C-HR-lokalni-1024x795.jpg\" alt=\"\" width=\"1024\" height=\"795\" \/><\/p>\n<p><strong>V\u00fdbavy a ceny:<\/strong><\/p>\n<p>Leto\u0161n\u00ed generace Toyoty C-HR debutovala letos v l\u00e9t\u011b. Z\u00e1kladn\u00ed Comfort vyjde na 859.900 K\u010d a odk\u00e1\u017ee z\u00e1jemce v\u00fdhradn\u011b na motorizaci 1.8 Hybrid o v\u00fdkonu 103 kW. Ve standardu najdou polo\u017eky jako dvouz\u00f3nov\u00e1 automatick\u00e1 klimatizace, Bi-LED p\u0159edn\u00ed sv\u011btlomety, 17palcov\u00e1 kola, adaptivn\u00ed tempomat, bezdr\u00e1tov\u00e9 p\u0159ipojen\u00ed chytr\u00fdch telefon\u016f nebo syst\u00e9m sledov\u00e1n\u00ed slep\u00fdch \u00fahl\u016f.<\/p>\n<p>Vy\u0161\u0161\u00ed v\u00fdbava Style u\u017e je k m\u00e1n\u00ed i s dvoulitrem o v\u00fdkonu 145 kW v\u010detn\u011b verze s pohonem v\u0161ech kol. Do v\u00fdbavy p\u0159ibudou p\u0159edn\u00ed a zadn\u00ed parkovac\u00ed senzory, osmn\u00e1ctky, vyh\u0159\u00edv\u00e1n\u00ed p\u0159edn\u00edch sedadel a volantu nebo senzor de\u0161t\u011b. Povy\u0161te to na v\u00fdbavu Executive za 1.009.900 K\u010d a z\u00edsk\u00e1te je\u0161t\u011b ambientn\u00ed osv\u011btlen\u00ed interi\u00e9ru, elektricky nastaviteln\u00e9 sedadlo \u0159idi\u010de, devaten\u00e1ctky, sportovn\u00ed sedadla nebo \u010di\u0161t\u011bn\u00ed vzduchu Nanoe-X.<\/p>\n<div class=\"addOn_wrapper addOn_video addOn_video_cnc\">\n<div class=\"artObj\">\n<div class=\"landscape-16by9-wrapper\">\n<div>\n<div id=\"video-5488-vjsnmmbz\" class=\"vp-player vp-holder vp-float-animation vp-bottom_right vp-size-breakpoint-3 vp-player-inactive\">\n<div class=\"vp--wrapper\">\n<div class=\"vp-overlay\">\n<div class=\"vp-setting-modal\">\n<div class=\"vp-settings-wrapper\">\n<div class=\"vp-settings-holder\">\n<div class=\"vp-settings-item vp-quality\"><\/div>\n<\/div>\n<\/div>\n<\/div>\n<\/div>\n<\/div>\n<\/div>\n<\/div>\n<\/div>\n<\/div>\n<\/div>\n<div class=\"cnc_article_ad_position\" data-repeater-pos=\"3\">\n<div class=\"cnc-ads cnc-ads--rectangle_480_repeater\">\n<div id=\"cnc_rectangle_480_repeater__1\" class=\"cnc-ads__within cnc-rendered\" data-google-query-id=\"CL72h8WWrIEDFQER4Aod9P8AfA\">\n<div id=\"google_ads_iframe_\/21869710533\/cnc260\/autorevue\/rectangle_480_repeater\/article\/ostatni_0__container__\">Verzi Premiere Edition m\u00e1 pak i v\u00fdbava Executive, z\u00edsk\u00e1te s n\u00ed nav\u00edc panoramatickou st\u0159echu nebo takt\u00e9\u017e syst\u00e9m JBL nebo head-up displej. U v\u00fdbavy Executive lze p\u0159iplatit 70.000 K\u010d za paket Tech a dal\u0161\u00edch 70.000 K\u010d za paket VIP, kter\u00fd plat\u00ed i pro v\u00fdbavu GR Sport. V\u00fd\u010det polo\u017eek v paketech ale v\u00edcem\u00e9n\u011b kop\u00edruje to, co z\u00edsk\u00e1te s v\u00fdbavami Premiere Edition.<\/div>\n<div><\/div>\n<\/div>\n<\/div>\n<\/div>\n<table class=\"article-macro-table\" dir=\"ltr\" border=\"1\" cellspacing=\"0\" cellpadding=\"0\">\n<thead>\n<tr>\n<th colspan=\"4\" rowspan=\"1\" scope=\"col\" data-sheets-value=\"{&quot;1&quot;:2,&quot;2&quot;:&quot;Toyota C-HR 2023: Technick\u00e9 \u00fadaje a ceny&quot;}\">Toyota C-HR 2023: Technick\u00e9 \u00fadaje a ceny<\/th>\n<\/tr>\n<\/thead>\n<tbody>\n<tr>\n<td data-sheets-value=\"{&quot;1&quot;:2,&quot;2&quot;:&quot;Motor&quot;}\"><strong>Motor<\/strong><\/td>\n<td data-sheets-value=\"{&quot;1&quot;:2,&quot;2&quot;:&quot;1.8 Hybrid&quot;}\"><strong>1.8 Hybrid<\/strong><\/td>\n<td data-sheets-value=\"{&quot;1&quot;:2,&quot;2&quot;:&quot;2.0 Hybrid&quot;}\"><strong>2.0 Hybrid<\/strong><\/td>\n<td data-sheets-value=\"{&quot;1&quot;:2,&quot;2&quot;:&quot;2.0 Hybrid AWD&quot;}\"><strong>2.0 Hybrid AWD<\/strong><\/td>\n<\/tr>\n<tr>\n<td data-sheets-value=\"{&quot;1&quot;:2,&quot;2&quot;:&quot;Objem [ccm]&quot;}\"><strong>Objem [ccm]<\/strong><\/td>\n<td data-sheets-value=\"{&quot;1&quot;:3,&quot;3&quot;:1798}\">1798<\/td>\n<td colspan=\"2\" rowspan=\"1\" data-sheets-value=\"{&quot;1&quot;:3,&quot;3&quot;:1987}\">1987<\/td>\n<\/tr>\n<tr>\n<td data-sheets-value=\"{&quot;1&quot;:2,&quot;2&quot;:&quot;V\u00fdkon [kW\/ot.min]&quot;}\"><strong>V\u00fdkon [kW\/ot.min]<\/strong><\/td>\n<td data-sheets-value=\"{&quot;1&quot;:2,&quot;2&quot;:&quot;72\/5200&quot;}\">72\/5200<\/td>\n<td colspan=\"2\" rowspan=\"1\" data-sheets-value=\"{&quot;1&quot;:2,&quot;2&quot;:&quot;112\/6000&quot;}\">112\/6000<\/td>\n<\/tr>\n<tr>\n<td data-sheets-value=\"{&quot;1&quot;:2,&quot;2&quot;:&quot;Syst\u00e9mov\u00fd v\u00fdkon [kW]&quot;}\"><strong>Syst\u00e9mov\u00fd v\u00fdkon [kW]<\/strong><\/td>\n<td data-sheets-value=\"{&quot;1&quot;:3,&quot;3&quot;:103}\">103<\/td>\n<td colspan=\"2\" rowspan=\"1\" data-sheets-value=\"{&quot;1&quot;:3,&quot;3&quot;:145}\">145<\/td>\n<\/tr>\n<tr>\n<td data-sheets-value=\"{&quot;1&quot;:2,&quot;2&quot;:&quot;Maxim\u00e1ln\u00ed rychlost [km\/h]&quot;}\"><strong>Maxim\u00e1ln\u00ed rychlost [km\/h]<\/strong><\/td>\n<td data-sheets-value=\"{&quot;1&quot;:3,&quot;3&quot;:170}\">170<\/td>\n<td colspan=\"2\" rowspan=\"1\" data-sheets-value=\"{&quot;1&quot;:3,&quot;3&quot;:180}\">180<\/td>\n<\/tr>\n<tr>\n<td data-sheets-value=\"{&quot;1&quot;:2,&quot;2&quot;:&quot;Zrychlen\u00ed [s]&quot;}\"><strong>Zrychlen\u00ed [s]<\/strong><\/td>\n<td data-sheets-value=\"{&quot;1&quot;:3,&quot;3&quot;:9.9}\">9,9<\/td>\n<td data-sheets-value=\"{&quot;1&quot;:3,&quot;3&quot;:8.1}\">8,1<\/td>\n<td data-sheets-value=\"{&quot;1&quot;:3,&quot;3&quot;:7.9}\">7,9<\/td>\n<\/tr>\n<tr>\n<td data-sheets-value=\"{&quot;1&quot;:2,&quot;2&quot;:&quot;Spot\u0159eba [l\/100 km]&quot;}\"><strong>Spot\u0159eba [l\/100 km]<\/strong><\/td>\n<td data-sheets-value=\"{&quot;1&quot;:2,&quot;2&quot;:&quot;4,8 - 5,0&quot;}\">4,8 &#8211; 5,0<\/td>\n<td data-sheets-value=\"{&quot;1&quot;:2,&quot;2&quot;:&quot;4,8 - 5,0&quot;}\">4,8 &#8211; 5,0<\/td>\n<td data-sheets-value=\"{&quot;1&quot;:2,&quot;2&quot;:&quot;5,1 - 5,3&quot;}\">5,1 &#8211; 5,3<\/td>\n<\/tr>\n<tr>\n<td data-sheets-value=\"{&quot;1&quot;:2,&quot;2&quot;:&quot;Cena Comfort [K\u010d]&quot;}\"><strong>Cena Comfort [K\u010d]<\/strong><\/td>\n<td data-sheets-value=\"{&quot;1&quot;:2,&quot;2&quot;:&quot;859.900&quot;}\"><strong>859.900<\/strong><\/td>\n<td data-sheets-value=\"{&quot;1&quot;:2,&quot;2&quot;:&quot;-&quot;}\"><strong>&#8211;<\/strong><\/td>\n<td data-sheets-value=\"{&quot;1&quot;:2,&quot;2&quot;:&quot;-&quot;}\"><strong>&#8211;<\/strong><\/td>\n<\/tr>\n<tr>\n<td data-sheets-value=\"{&quot;1&quot;:2,&quot;2&quot;:&quot;Cena Style [K\u010d]&quot;}\"><strong>Cena Style [K\u010d]<\/strong><\/td>\n<td data-sheets-value=\"{&quot;1&quot;:2,&quot;2&quot;:&quot;939.900&quot;}\"><strong>939.900<\/strong><\/td>\n<td data-sheets-value=\"{&quot;1&quot;:2,&quot;2&quot;:&quot;989.900&quot;}\"><strong>989.900<\/strong><\/td>\n<td data-sheets-value=\"{&quot;1&quot;:2,&quot;2&quot;:&quot;1.049.900&quot;}\"><strong>1.049.900<\/strong><\/td>\n<\/tr>\n<tr>\n<td data-sheets-value=\"{&quot;1&quot;:2,&quot;2&quot;:&quot;Cena Executive [K\u010d]&quot;}\"><strong>Cena Executive [K\u010d]<\/strong><\/td>\n<td data-sheets-value=\"{&quot;1&quot;:2,&quot;2&quot;:&quot;1.009.900&quot;}\"><strong>1.009.900<\/strong><\/td>\n<td data-sheets-value=\"{&quot;1&quot;:2,&quot;2&quot;:&quot;1.059.900&quot;}\"><strong>1.059.900<\/strong><\/td>\n<td data-sheets-value=\"{&quot;1&quot;:2,&quot;2&quot;:&quot;1.119.900&quot;}\"><strong>1.119.900<\/strong><\/td>\n<\/tr>\n<tr>\n<td data-sheets-value=\"{&quot;1&quot;:2,&quot;2&quot;:&quot;Cena GR Sport [K\u010d]&quot;}\"><strong>Cena GR Sport [K\u010d]<\/strong><\/td>\n<td data-sheets-value=\"{&quot;1&quot;:2,&quot;2&quot;:&quot;-&quot;}\"><strong>&#8211;<\/strong><\/td>\n<td data-sheets-value=\"{&quot;1&quot;:2,&quot;2&quot;:&quot;1.119.900&quot;}\"><strong>1.119.900<\/strong><\/td>\n<td data-sheets-value=\"{&quot;1&quot;:2,&quot;2&quot;:&quot;1.179.900&quot;}\"><strong>1.179.900<\/strong><\/td>\n<\/tr>\n<tr>\n<td data-sheets-value=\"{&quot;1&quot;:2,&quot;2&quot;:&quot;Cena Executive Premiere Edition [K\u010d]&quot;}\"><strong>Cena Executive Premiere Edition [K\u010d]<\/strong><\/td>\n<td data-sheets-value=\"{&quot;1&quot;:2,&quot;2&quot;:&quot;-&quot;}\"><strong>&#8211;<\/strong><\/td>\n<td data-sheets-value=\"{&quot;1&quot;:2,&quot;2&quot;:&quot;1.204.900&quot;}\"><strong>1.204.900<\/strong><\/td>\n<td data-sheets-value=\"{&quot;1&quot;:2,&quot;2&quot;:&quot;1.264.900&quot;}\"><strong>1.264.900<\/strong><\/td>\n<\/tr>\n<tr>\n<td data-sheets-value=\"{&quot;1&quot;:2,&quot;2&quot;:&quot;Cena GR Sport Premiere Edition&quot;}\"><strong>Cena GR Sport Premiere Edition<\/strong><\/td>\n<td data-sheets-value=\"{&quot;1&quot;:2,&quot;2&quot;:&quot;-&quot;}\"><strong>&#8211;<\/strong><\/td>\n<td data-sheets-value=\"{&quot;1&quot;:2,&quot;2&quot;:&quot;1.194.900&quot;}\"><strong>1.194.900<\/strong><\/td>\n<td data-sheets-value=\"{&quot;1&quot;:2,&quot;2&quot;:&quot;1.254.900&quot;}\"><strong>1.254.900<\/strong><\/td>\n<\/tr>\n<\/tbody>\n<\/table>\n<p class=\"v1xmsonormal\">Zdroj: TK Toyota, Erich Handl, s vyu\u017eit\u00edm cen\u00edku na Autorevue.cz<\/p>\n<p><img loading=\"lazy\" decoding=\"async\" class=\"alignnone size-full wp-image-103641\" src=\"http:\/\/www.automakersnews.cz\/wp-content\/uploads\/2023\/09\/Toyota-TK-CHR-kolaz.jpg\" alt=\"\" width=\"1008\" height=\"1008\" srcset=\"https:\/\/www.automakersnews.cz\/wp-content\/uploads\/2023\/09\/Toyota-TK-CHR-kolaz.jpg 1008w, https:\/\/www.automakersnews.cz\/wp-content\/uploads\/2023\/09\/Toyota-TK-CHR-kolaz-300x300.jpg 300w, https:\/\/www.automakersnews.cz\/wp-content\/uploads\/2023\/09\/Toyota-TK-CHR-kolaz-150x150.jpg 150w, https:\/\/www.automakersnews.cz\/wp-content\/uploads\/2023\/09\/Toyota-TK-CHR-kolaz-768x768.jpg 768w\" sizes=\"auto, (max-width: 1008px) 100vw, 1008px\" \/><\/p>\n","protected":false},"excerpt":{"rendered":"<div class=\"mh-excerpt\"><p>Toyota uspo\u0159\u00e1dala v Praze prvn\u00ed statickou prezentaci nov\u00e9 generace Toyoty C-HR. Produktov\u00e9 a technick\u00e9 informace k modelu sd\u011blil v s\u00eddle Toyoty Central Europe-Czech mana\u017eer zna\u010dky <a class=\"mh-excerpt-more\" href=\"https:\/\/www.automakersnews.cz\/index.php\/2023\/09\/15\/zikmund-predvedl-novou-toyotu-c-hr\/\" title=\"Zikmund p\u0159edvedl novou Toyotu C-HR\">[&#8230;]<\/a><\/p>\n<\/div>","protected":false},"author":1,"featured_media":103639,"comment_status":"open","ping_status":"open","sticky":false,"template":"","format":"standard","meta":{"footnotes":""},"categories":[44,29],"tags":[],"class_list":["post-103635","post","type-post","status-publish","format-standard","has-post-thumbnail","hentry","category-ceny-novinek","category-tiskovky"],"_links":{"self":[{"href":"https:\/\/www.automakersnews.cz\/index.php\/wp-json\/wp\/v2\/posts\/103635","targetHints":{"allow":["GET"]}}],"collection":[{"href":"https:\/\/www.automakersnews.cz\/index.php\/wp-json\/wp\/v2\/posts"}],"about":[{"href":"https:\/\/www.automakersnews.cz\/index.php\/wp-json\/wp\/v2\/types\/post"}],"author":[{"embeddable":true,"href":"https:\/\/www.automakersnews.cz\/index.php\/wp-json\/wp\/v2\/users\/1"}],"replies":[{"embeddable":true,"href":"https:\/\/www.automakersnews.cz\/index.php\/wp-json\/wp\/v2\/comments?post=103635"}],"version-history":[{"count":0,"href":"https:\/\/www.automakersnews.cz\/index.php\/wp-json\/wp\/v2\/posts\/103635\/revisions"}],"wp:featuredmedia":[{"embeddable":true,"href":"https:\/\/www.automakersnews.cz\/index.php\/wp-json\/wp\/v2\/media\/103639"}],"wp:attachment":[{"href":"https:\/\/www.automakersnews.cz\/index.php\/wp-json\/wp\/v2\/media?parent=103635"}],"wp:term":[{"taxonomy":"category","embeddable":true,"href":"https:\/\/www.automakersnews.cz\/index.php\/wp-json\/wp\/v2\/categories?post=103635"},{"taxonomy":"post_tag","embeddable":true,"href":"https:\/\/www.automakersnews.cz\/index.php\/wp-json\/wp\/v2\/tags?post=103635"}],"curies":[{"name":"wp","href":"https:\/\/api.w.org\/{rel}","templated":true}]}}