{"id":10399,"date":"2022-12-22T10:14:48","date_gmt":"2022-12-22T10:14:48","guid":{"rendered":"https:\/\/www.automakersnews.cz\/?p=10399"},"modified":"2022-12-22T10:14:48","modified_gmt":"2022-12-22T10:14:48","slug":"na-trhu-ojetin-ubylo-dalsich-50-tisic-aut","status":"publish","type":"post","link":"https:\/\/www.automakersnews.cz\/index.php\/2022\/12\/22\/na-trhu-ojetin-ubylo-dalsich-50-tisic-aut\/","title":{"rendered":"Na trhu ojetin ubylo dal\u0161\u00edch 50\u00a0tis\u00edc aut"},"content":{"rendered":"<p align=\"JUSTIFY\"><span style=\"font-family: Helvetica, serif;\"><b>B\u011bhem pr\u00e1v\u011b kon\u010d\u00edc\u00edho roku 2022 si \u010de\u0161t\u00ed \u0159idi\u010di mohli na sekund\u00e1rn\u00edm trhu s\u00a0automobily v\u00a0\u010cesk\u00e9 republice vyb\u00edrat z\u00a0celkem 785 550 voz\u016f za 190 tis\u00edc korun. Pr\u016fm\u011brn\u00e9 st\u00e1\u0159\u00ed voz\u016f \u010dinilo 11 let a \u0161lo tak o v\u016fbec nejstar\u0161\u00ed nab\u00eddku automobil\u016f na \u010desk\u00e9m trhu za posledn\u00edch 8 let.<\/b><\/span><!--more--><\/p>\n<p align=\"JUSTIFY\"><span style=\"font-family: Helvetica, serif;\"> S poklesem nab\u00eddky doprov\u00e1zen\u00fdm rekordn\u00edm st\u00e1\u0159\u00edm a cenami za posledn\u00edch 8 let se pot\u00fdkaj\u00ed i dal\u0161\u00ed evropsk\u00e9 zem\u011b v\u010detn\u011b Slovenska, Polska nebo Ma\u010farska. Statistiky vypl\u00fdvaj\u00ed z pravideln\u00e9 anal\u00fdzy trhu ojet\u00fdch voz\u016f, kterou prov\u00e1d\u00ed spole\u010dnost AURES Holdings, provozovatel s\u00edt\u011b autocenter AAA\u00a0AUTO a Mototechna.<\/span><\/p>\n<p align=\"JUSTIFY\"><span style=\"font-family: Helvetica, serif;\">Rok se se\u0161el s\u00a0rokem a nejv\u011bt\u0161\u00ed s\u00ed\u0165 autobazar\u016f v\u00a0\u010cesku a na Slovensku p\u0159ipravila ka\u017edoro\u010dn\u00ed komplexn\u00ed statistiky v\u00fdvoje trh\u016f V4. Letos z\u0159ejm\u011b v\u00edce ne\u017e kdy jindy dopadly na trh s\u00a0ojet\u00fdmi automobily d\u016fsledky nejen infla\u010dn\u00ed krize, ale tak\u00e9 t\u00e9m\u011b\u0159 deseti m\u011bs\u00edc\u016f trvaj\u00edc\u00edho konfliktu na Ukrajin\u011b. To se projevuje p\u0159edev\u0161\u00edm nedostatkem surovin, jemu\u017e se nevyhnula ani oblast automotive.<\/span><\/p>\n<p align=\"JUSTIFY\"><span style=\"font-family: Helvetica, serif;\"> To se pochopiteln\u011b projevilo i na po\u010dtu ojet\u00fdch aut v\u00a0nab\u00eddce st\u00e1t\u016f V4. Zat\u00edmco v\u00a0roce 2021 si \u010de\u0161t\u00ed z\u00e1kazn\u00edci mohli vybrat z\u00a0celkov\u00e9ho po\u010dtu 838\u00a0572 voz\u016f, letos to bylo pouh\u00fdch 785\u00a0550. Propad v\u00a0nab\u00eddce zaznamenaly i dal\u0161\u00ed evropsk\u00e9 zem\u011b jako Polsko, kde nab\u00eddka klesla o v\u00edce ne\u017e 300 000. Jednou z\u00a0m\u00e1la v\u00fdjimek je Slovensko, kde je meziro\u010dn\u00ed nab\u00eddka v\u00a0podstat\u011b stejn\u00e1, a to doposud 381\u00a0078 automobil\u016f.<\/span><\/p>\n<p align=\"JUSTIFY\">\u201e<span style=\"font-family: Helvetica, serif;\"><i>P\u0159esto\u017ee se trh posledn\u00ed roky pot\u00fdk\u00e1 s\u00a0\u00fabytkem celkov\u00e9 nab\u00eddky nov\u00fdch i ojet\u00fdch automobil\u016f, posledn\u00ed m\u011bs\u00edce do\u0161lo na sekund\u00e1rn\u00edm trhu ke stagnaci. Auta neub\u00fdvaj\u00ed takov\u00fdm tempem a cena se ji\u017e n\u011bkolik m\u011bs\u00edc\u016f dr\u017e\u00ed okolo 190\u00a0000 K\u010d. Nicm\u00e9n\u011b v\u00a0p\u0159\u00edpad\u011b ceny jde i tak o absolutn\u011b rekordn\u00ed hodnotu. Meziro\u010dn\u011b se ceny zvedly o v\u00edce ne\u017e 18\u00a0%. Rekordn\u00ed je i hodnota st\u00e1\u0159\u00ed nab\u00edzen\u00fdch aut, kter\u00e1 se v\u00a0leto\u0161n\u00edm roce vy\u0161plhala na historicky nejvy\u0161\u0161\u00ed medi\u00e1novou hodnotu, a to 11 let. Bohu\u017eel velkou roli hraje st\u00e1le dovoz nekvalitn\u00edch p\u0159est\u00e1rl\u00fdch ojetin ze zahrani\u010d\u00ed,\u201c<\/i><\/span><span style=\"font-family: Helvetica, serif;\"> uv\u00e1d\u00ed Karol\u00edna Topolov\u00e1, gener\u00e1ln\u00ed \u0159editelka a p\u0159edsedkyn\u011b p\u0159edstavenstva skupiny AURES Holdings, provozovatele s\u00edt\u011b autocenter AAA AUTO a Mototechna. <\/span><\/p>\n<p align=\"JUSTIFY\"><span style=\"font-family: Helvetica, serif;\">Ceny v\u00a0\u010cR se meziro\u010dn\u011b zvedly o v\u00edce ne\u017e 18\u00a0%. Zdra\u017een\u00ed se dotklo i dal\u0161\u00edch zem\u00ed Visegradsk\u00e9 \u010dty\u0159ky. Na Slovensku do\u0161lo k\u00a0nejmen\u0161\u00edmu meziro\u010dn\u00edmu r\u016fstu o 15\u00a0%, a to ze 145\u00a0200 na 167\u00a0000 K\u010d, v\u00a0Polsku o 22\u00a0% na t\u00e9m\u011b\u0159 124\u00a0000 a v\u00a0Ma\u010farsku dokonce o t\u00e9m\u011b\u0159 28\u00a0% na 141\u00a0900 korun.<\/span><\/p>\n<p align=\"JUSTIFY\"><a name=\"Bookmark\"><\/a><span style=\"font-family: Helvetica, serif;\">A jak \u010ce\u0161i vn\u00edmaj\u00ed vy\u0161\u0161\u00ed ceny a ni\u017e\u0161\u00ed po\u010det ojetin na trhu? <\/span><span style=\"font-family: Helvetica, serif;\"><i>\u201e\u010ce\u0161t\u00ed \u0159idi\u010di se zejm\u00e9na za posledn\u00ed rok nau\u010dili vn\u00edmat automobil nejen jako nutn\u00fd p\u0159epravn\u00ed prost\u0159edek, ale tak\u00e9 jako ur\u010ditou investici do budoucna. P\u0159esto\u017ee ceny ojetin za posledn\u00ed m\u011bs\u00edce stagnuj\u00ed, o\u010dek\u00e1v\u00e1me, \u017ee p\u0159\u00ed\u0161t\u00ed rok op\u011bt porostou, by\u0165 ne u\u017e tak vysok\u00fdm tempem. Auta si tak d\u00e9le dr\u017e\u00ed svoji hodnotu a velk\u00e1 \u010d\u00e1st z\u00a0nich je d\u00edky klesaj\u00edc\u00ed nab\u00eddce nedostatkov\u00fdm zbo\u017e\u00edm,\u201c upozor\u0148uje <\/i><\/span><span style=\"font-family: Helvetica, serif;\">Topolov\u00e1 a dopl\u0148uje: <\/span><\/p>\n<p align=\"JUSTIFY\"><span style=\"font-family: Helvetica, serif;\"><i>\u201eZ\u00e1kazn\u00edci si bohu\u017eel mus\u00ed na vy\u0161\u0161\u00ed ceny zvyknout. Nelze o\u010dek\u00e1vat, \u017ee by se hodnoty vr\u00e1tily na p\u0159edcovidov\u00e1 \u010d\u00edsla. Ceny ur\u010dit\u011b je\u0161t\u011b n\u011bjakou dobu nebudou \u00fapln\u011b p\u0159\u00edzniv\u00e9. V\u00a0posledn\u00edch m\u011bs\u00edc\u00edch doch\u00e1z\u00ed k\u00a0zvy\u0161ov\u00e1n\u00ed z\u00e1jmu o financov\u00e1n\u00ed, d\u00edky kter\u00e9mu si z\u00e1kazn\u00edci chyb\u011bj\u00edc\u00ed finan\u010dn\u00ed prost\u0159edky jednodu\u0161e dopln\u00ed.\u201c<\/i><\/span><\/p>\n","protected":false},"excerpt":{"rendered":"<div class=\"mh-excerpt\"><p>B\u011bhem pr\u00e1v\u011b kon\u010d\u00edc\u00edho roku 2022 si \u010de\u0161t\u00ed \u0159idi\u010di mohli na sekund\u00e1rn\u00edm trhu s\u00a0automobily v\u00a0\u010cesk\u00e9 republice vyb\u00edrat z\u00a0celkem 785 550 voz\u016f za 190 tis\u00edc korun. Pr\u016fm\u011brn\u00e9 <a class=\"mh-excerpt-more\" href=\"https:\/\/www.automakersnews.cz\/index.php\/2022\/12\/22\/na-trhu-ojetin-ubylo-dalsich-50-tisic-aut\/\" title=\"Na trhu ojetin ubylo dal\u0161\u00edch 50\u00a0tis\u00edc aut\">[&#8230;]<\/a><\/p>\n<\/div>","protected":false},"author":1,"featured_media":7128,"comment_status":"open","ping_status":"open","sticky":false,"template":"","format":"standard","meta":{"footnotes":""},"categories":[40,8],"tags":[],"class_list":["post-10399","post","type-post","status-publish","format-standard","has-post-thumbnail","hentry","category-bazary","category-statistika"],"_links":{"self":[{"href":"https:\/\/www.automakersnews.cz\/index.php\/wp-json\/wp\/v2\/posts\/10399","targetHints":{"allow":["GET"]}}],"collection":[{"href":"https:\/\/www.automakersnews.cz\/index.php\/wp-json\/wp\/v2\/posts"}],"about":[{"href":"https:\/\/www.automakersnews.cz\/index.php\/wp-json\/wp\/v2\/types\/post"}],"author":[{"embeddable":true,"href":"https:\/\/www.automakersnews.cz\/index.php\/wp-json\/wp\/v2\/users\/1"}],"replies":[{"embeddable":true,"href":"https:\/\/www.automakersnews.cz\/index.php\/wp-json\/wp\/v2\/comments?post=10399"}],"version-history":[{"count":0,"href":"https:\/\/www.automakersnews.cz\/index.php\/wp-json\/wp\/v2\/posts\/10399\/revisions"}],"wp:featuredmedia":[{"embeddable":true,"href":"https:\/\/www.automakersnews.cz\/index.php\/wp-json\/wp\/v2\/media\/7128"}],"wp:attachment":[{"href":"https:\/\/www.automakersnews.cz\/index.php\/wp-json\/wp\/v2\/media?parent=10399"}],"wp:term":[{"taxonomy":"category","embeddable":true,"href":"https:\/\/www.automakersnews.cz\/index.php\/wp-json\/wp\/v2\/categories?post=10399"},{"taxonomy":"post_tag","embeddable":true,"href":"https:\/\/www.automakersnews.cz\/index.php\/wp-json\/wp\/v2\/tags?post=10399"}],"curies":[{"name":"wp","href":"https:\/\/api.w.org\/{rel}","templated":true}]}}