{"id":10430,"date":"2022-12-22T13:22:14","date_gmt":"2022-12-22T13:22:14","guid":{"rendered":"https:\/\/www.automakersnews.cz\/?p=10430"},"modified":"2022-12-22T13:22:14","modified_gmt":"2022-12-22T13:22:14","slug":"hyundai-kona-s-novym-designem","status":"publish","type":"post","link":"https:\/\/www.automakersnews.cz\/index.php\/2022\/12\/22\/hyundai-kona-s-novym-designem\/","title":{"rendered":"Hyundai KONA s nov\u00fdm designem"},"content":{"rendered":"<p><strong>Hyundai odhalil futuristick\u00fd design nov\u00e9 generace mal\u00e9ho SUV KONA, zalo\u017een\u00fd na verzi s elektrick\u00fdm pohonem. Model bude k dispozici ve \u010dty\u0159ech variant\u00e1ch, zahrnuj\u00edc\u00edch elektromobil, hybrid, varianty poh\u00e1n\u011bn\u00e9 spalovac\u00edm motorem a sportovn\u00ed stupe\u0148 v\u00fdbavy N Line. Jejich z\u00e1kladem bude univerz\u00e1ln\u00ed platforma.<\/strong><!--more--><\/p>\n<p>Nov\u00fdm modelem KONA potvrzuje Hyundai podle vlastn\u00edho vyj\u00e1d\u0159en\u00ed sv\u00e9 zam\u011b\u0159en\u00ed na trvale udr\u017eitelnou mobilitu a technicky orientovan\u00fd p\u0159\u00edstup k designu.<\/p>\n<p>Sou\u010dasn\u011b j\u00edm chce zatraktivnit svou nab\u00eddku elektromobil\u016f, kterou inovovala a posunula na je\u0161t\u011b vy\u0161\u0161\u00ed \u00farove\u0148 oce\u0148ovan\u00e1 produktov\u00e1 \u0159ada IONIQ.<\/p>\n<p>\u201eSv\u00fdm unik\u00e1tn\u00ed designem vylep\u0161en\u00e1 Kona sebev\u011bdom\u011b vyjad\u0159uje sv\u016fj dynamick\u00fd charakter. Vyvinula se ve v\u0161ech sm\u011brech, je rozmanit\u00e1 a podporuje jak\u00fdkoliv \u017eivotn\u00ed styl,\u201c \u0159ekl SangYup Lee, v\u00fdkonn\u00fd viceprezident a vedouc\u00ed design\u00e9rsk\u00e9ho centra Hyundai.<\/p>\n<p><img loading=\"lazy\" decoding=\"async\" class=\"alignnone wp-image-10432\" src=\"http:\/\/www.automakersnews.cz\/wp-content\/uploads\/2022\/12\/2.-SX2-EV-Rear-view-small-1-300x169.jpg\" alt=\"\" width=\"657\" height=\"370\" srcset=\"https:\/\/www.automakersnews.cz\/wp-content\/uploads\/2022\/12\/2.-SX2-EV-Rear-view-small-1-300x169.jpg 300w, https:\/\/www.automakersnews.cz\/wp-content\/uploads\/2022\/12\/2.-SX2-EV-Rear-view-small-1-1024x576.jpg 1024w, https:\/\/www.automakersnews.cz\/wp-content\/uploads\/2022\/12\/2.-SX2-EV-Rear-view-small-1-768x432.jpg 768w, https:\/\/www.automakersnews.cz\/wp-content\/uploads\/2022\/12\/2.-SX2-EV-Rear-view-small-1-1536x864.jpg 1536w, https:\/\/www.automakersnews.cz\/wp-content\/uploads\/2022\/12\/2.-SX2-EV-Rear-view-small-1-678x381.jpg 678w, https:\/\/www.automakersnews.cz\/wp-content\/uploads\/2022\/12\/2.-SX2-EV-Rear-view-small-1.jpg 1930w\" sizes=\"auto, (max-width: 657px) 100vw, 657px\" \/><\/p>\n<p><strong>Nov\u00e1 KONA zaujme na silnici dynami\u010dt\u011bj\u0161\u00edm vzhledem a nab\u00eddne v\u00edce \u201e\u017eivotn\u00edho prostoru\u201c<\/strong><\/p>\n<p>Nov\u00e1 KONA je v\u011bt\u0161\u00edm SUV ne\u017e dosud, ale st\u00e1le z\u016fst\u00e1v\u00e1 zam\u011b\u0159ena na m\u011bstsk\u00fd provoz. Jej\u00ed odv\u00e1\u017en\u011bj\u0161\u00ed design dod\u00e1v\u00e1 vozu na silnici dynami\u010dt\u011bj\u0161\u00ed vzhled a interi\u00e9r je c\u00edlen\u011b orientovan\u00fd na \u0159idi\u010de. Hyundai v n\u011bm chce z\u00e1kazn\u00edk\u016fm poskytnout maxim\u00e1ln\u00ed \u201e\u017eivotn\u00ed prostor\u201c. Zcela nov\u00fd model proto povyrostl v pln\u011b elektrick\u00e9 variant\u011b do d\u00e9lky na 4355 mm, co\u017e je o 150 mm v\u00edce ne\u017e u p\u0159edchoz\u00ed generace. V porovn\u00e1n\u00ed s dosavadn\u00edm modelem se zv\u011bt\u0161ila tak\u00e9 \u0161\u00ed\u0159ka, a to o 25 mm, a rozvor n\u00e1prav o 60 mm, ani\u017e by KONA ztratila cokoli ze sv\u00e9 ikonick\u00e9 designov\u00e9 identity.<\/p>\n<p>Na rozd\u00edl od v\u011bt\u0161iny vozidel nab\u00edzen\u00fdch s r\u016fzn\u00fdmi pohony za\u010daly design\u00e9rsk\u00e9 a v\u00fdvoj\u00e1\u0159sk\u00e9 t\u00fdmy pracovat na pln\u011b elektrick\u00e9 verzi, a teprve pot\u00e9 se v\u011bnovaly variant\u00e1m se spalovac\u00edmi motory, hybridy a v\u00fdbavov\u00e9m stupni N Line. Tento nekonven\u010dn\u00ed p\u0159\u00edstup umo\u017enil zna\u010dce Hyundai realizovat technicky orientovan\u00fd design u v\u0161ech variant modelu. Navzdory sd\u00edlen\u00e9 platform\u011b m\u00e1 ka\u017ed\u00e1 varianta sv\u016fj origin\u00e1ln\u00ed futuristick\u00fd design.<\/p>\n<p>Osobit\u00e1 p\u0159\u00ed\u010f se vyzna\u010duje \u010dist\u00fdm tvarov\u00fdm \u0159e\u0161en\u00edm, co\u017e p\u0159isp\u00edv\u00e1 k vynikaj\u00edc\u00edm aerodynamick\u00fdm vlastnostem vozu. \u010cist\u00e9 plochy rozd\u011bluje nep\u0159eru\u0161ovan\u00e1 horizont\u00e1ln\u00ed linie sv\u011btlomet\u016f, kter\u00e9 pou\u017e\u00edvaj\u00ed u elektricky poh\u00e1n\u011bn\u00e9 verze technologii parametrick\u00fdch pixel\u016f. Nov\u00e1 elektrick\u00e1 KONA je tak prvn\u00edm modelem zna\u010dky Hyundai se souvisl\u00fdmi horizont\u00e1ln\u00edmi sv\u011btlomety osazen\u00fdmi parametrick\u00fdmi pixely, kter\u00e9 zv\u00fdraz\u0148uj\u00ed jeho unik\u00e1tn\u00ed charakter. S parametrick\u00fdmi pixely p\u0159eb\u00edr\u00e1 KONA tak\u00e9 osobit\u00fd designov\u00fd prvek od obl\u00edben\u00e9 produktov\u00e9 \u0159ady elektromobil\u016f Hyundai.<\/p>\n<p>Nov\u00e1 KONA navzdory sv\u00e9mu futuristick\u00e9mu vzhledu nenech\u00e1 nikoho na pochyb\u00e1ch, \u017ee pat\u0159\u00ed do kategorie SUV. Jej\u00ed dynamick\u00fd design je umocn\u011bn odv\u00e1\u017en\u011b tvarovan\u00fdmi lemy podb\u011bh\u016f kol, na kter\u00e9 navazuj\u00ed vp\u0159edu sv\u011btlomety a vzadu koncov\u00e9 sv\u00edtilny. T\u00edm je zv\u00fdrazn\u011bna jej\u00ed robustn\u00ed konstrukce.<\/p>\n<p><img loading=\"lazy\" decoding=\"async\" class=\"alignnone wp-image-10433\" src=\"http:\/\/www.automakersnews.cz\/wp-content\/uploads\/2022\/12\/4.-SX2-ICE_2-small-4-300x169.jpg\" alt=\"\" width=\"937\" height=\"528\" srcset=\"https:\/\/www.automakersnews.cz\/wp-content\/uploads\/2022\/12\/4.-SX2-ICE_2-small-4-300x169.jpg 300w, https:\/\/www.automakersnews.cz\/wp-content\/uploads\/2022\/12\/4.-SX2-ICE_2-small-4-1024x576.jpg 1024w, https:\/\/www.automakersnews.cz\/wp-content\/uploads\/2022\/12\/4.-SX2-ICE_2-small-4-768x432.jpg 768w, https:\/\/www.automakersnews.cz\/wp-content\/uploads\/2022\/12\/4.-SX2-ICE_2-small-4-1536x864.jpg 1536w, https:\/\/www.automakersnews.cz\/wp-content\/uploads\/2022\/12\/4.-SX2-ICE_2-small-4-678x381.jpg 678w, https:\/\/www.automakersnews.cz\/wp-content\/uploads\/2022\/12\/4.-SX2-ICE_2-small-4.jpg 1930w\" sizes=\"auto, (max-width: 937px) 100vw, 937px\" \/><\/p>\n<p>Nov\u00e1 KONA p\u0159ekypuje parametrick\u00fdmi povrchy. Ostr\u00e9 diagon\u00e1ln\u00ed prolisy na boc\u00edch propojuj\u00ed chromovanou li\u0161tu se spoilerem a v\u00fdsledn\u00e1 kontura obep\u00edn\u00e1 cel\u00e9 vozidlo. Rovn\u011b\u017e zadn\u00ed sv\u00edtilny maj\u00ed podobu nep\u0159eru\u0161ovan\u00e9 horizont\u00e1ln\u00ed linie, kterou dopl\u0148uje t\u0159et\u00ed brzdov\u00e9 sv\u011btlo hladce zapu\u0161t\u011bn\u00e9 do chromovan\u00e9 li\u0161ty.<\/p>\n<p>Design jednotliv\u00fdch variant pohonu se odli\u0161uje v n\u011bkolika ohledech. Elektromobil m\u00e1 pixelov\u00e9 grafick\u00e9 detaily na m\u0159\u00ed\u017ece otvoru pro p\u0159\u00edvod vzduchu a na zadn\u00edm n\u00e1razn\u00edku, 19\u201c kola z lehk\u00e9 slitiny s designem inspirovan\u00fdm pixely, aerodynamick\u00e9 bo\u010dn\u00ed prahy, \u010dernou obvodovou linii a voliteln\u00e1 \u010dern\u00e1 vn\u011bj\u0161\u00ed zp\u011btn\u00e1 zrc\u00e1tka a \u010dernou st\u0159echu. Varianty poh\u00e1n\u011bn\u00e9 spalovac\u00edmi motory nebo hybridn\u00edmi syst\u00e9my sd\u00edlej\u00ed odv\u00e1\u017en\u00fd a robustn\u00ed design n\u00e1razn\u00edku se spodn\u00edm ochrann\u00fdm krytem a \u010dern\u00e9 lemy podb\u011bh\u016f kol.<\/p>\n<p>Stupe\u0148 v\u00fdbavy N Line se m\u016f\u017ee pochlubit voliteln\u00fdmi \u010dern\u00fdmi vn\u011bj\u0161\u00edmi zp\u011btn\u00fdmi zrc\u00e1tky a \u010dernou st\u0159echou, spoilerem s motivem k\u0159\u00eddla, agresivn\u011bj\u0161\u00edm designem p\u0159\u00edd\u011b a z\u00e1d\u011b s k\u0159\u00eddlovit\u011b tvarovan\u00fdm n\u00e1razn\u00edkem, kter\u00fd v\u016fz vizu\u00e1ln\u011b sni\u017euje, osobit\u00fdmi 19\u201c koly z lehk\u00e9 slitiny, dvojitou koncovkou v\u00fdfuku a st\u0159\u00edbrn\u00fdm oblo\u017een\u00edm bo\u010dn\u00edch prah\u016f.<\/p>\n<p><strong>Uspo\u0159\u00e1d\u00e1n\u00ed orientovan\u00e9 na \u0159idi\u010de umo\u017e\u0148uje vyu\u017eitelnost pro r\u016fzn\u00e9 \u017eivotn\u00ed styly<\/strong><\/p>\n<p>V\u011bt\u0161\u00ed \u201e\u017eivotn\u00ed prostor\u201c v interi\u00e9ru zcela nov\u00e9 KONY nab\u00edz\u00ed praktick\u00e9 prvky v\u00fdbavy, kter\u00e9 vych\u00e1zej\u00ed vst\u0159\u00edc po\u017eadavk\u016fm r\u016fzn\u00fdch \u017eivotn\u00edch styl\u016f. Univerz\u00e1ln\u00ed platforma odvozen\u00e1 od elektrick\u00e9 verze ponechala prostor pro sportovn\u00ed uspo\u0159\u00e1d\u00e1n\u00ed s horizont\u00e1ln\u011b \u0159e\u0161en\u00fdm, \u201eplovouc\u00edm\u201c ovl\u00e1dac\u00edm panelem. Toto \u0159e\u0161en\u00ed umoc\u0148uje \u0161\u00ed\u0159ku interi\u00e9ru vozu, kter\u00fd nab\u00edz\u00ed \u0159idi\u010di a cestuj\u00edc\u00edm v\u0161estrann\u011b vyu\u017eiteln\u00fd prostor.<\/p>\n<p>Displej s \u00fahlop\u0159\u00ed\u010dkou 12,3 palce vytv\u00e1\u0159\u00ed spole\u010dn\u011b s \u201eplovouc\u00edm\u201c modulem modern\u00ed atmosf\u00e9ru. U\u017eivatelsk\u00e9 z\u00e1\u017eitky umoc\u0148uje ambientn\u00ed osv\u011btlen\u00ed, pln\u00edc\u00ed i praktickou funkci a zvy\u0161uje komfort. Voli\u010d p\u0159evodovky byl p\u0159em\u00edst\u011bn ze st\u0159edov\u00e9 konzoly za volant. V\u00fdsledkem je p\u0159ehledn\u00e9 uspo\u0159\u00e1d\u00e1n\u00ed a velkorys\u00fd prostor pro odlo\u017een\u00ed nejr\u016fzn\u011bj\u0161\u00edch p\u0159edm\u011bt\u016f.<\/p>\n<p>Speci\u00e1ln\u011b navr\u017een\u00e1 spojit\u00e1 sedadla ve druh\u00e9 \u0159ad\u011b umoc\u0148uj\u00ed estetick\u00e9 pojet\u00ed 21. stolet\u00ed, kter\u00e9 zt\u011bles\u0148uje m\u011bstsk\u00fd design modelu. Tento nov\u011b koncipovan\u00fd \u017eivotn\u00ed prostor v interi\u00e9ru nab\u00edz\u00ed jedine\u010dn\u00e9 z\u00e1\u017eitky s maxim\u00e1ln\u00ed vyu\u017eitelnost\u00ed, komfortem a v\u0161estrannost\u00ed. Za druhou \u0159adou sedadel je podstatn\u011b zv\u011bt\u0161en\u00fd zavazadlov\u00fd prostor.<\/p>\n<p>Podrobn\u011bj\u0161\u00ed informace o zcela nov\u00e9m modelu Hyundai KONA budou zve\u0159ejn\u011bny v nadch\u00e1zej\u00edc\u00edch m\u011bs\u00edc\u00edch.<\/p>\n<p><img loading=\"lazy\" decoding=\"async\" class=\"alignnone wp-image-10434\" src=\"http:\/\/www.automakersnews.cz\/wp-content\/uploads\/2022\/12\/5.-SX2-INT-small-3-1-300x168.jpg\" alt=\"\" width=\"932\" height=\"522\" srcset=\"https:\/\/www.automakersnews.cz\/wp-content\/uploads\/2022\/12\/5.-SX2-INT-small-3-1-300x168.jpg 300w, https:\/\/www.automakersnews.cz\/wp-content\/uploads\/2022\/12\/5.-SX2-INT-small-3-1-1024x573.jpg 1024w, https:\/\/www.automakersnews.cz\/wp-content\/uploads\/2022\/12\/5.-SX2-INT-small-3-1-768x430.jpg 768w, https:\/\/www.automakersnews.cz\/wp-content\/uploads\/2022\/12\/5.-SX2-INT-small-3-1-1536x860.jpg 1536w, https:\/\/www.automakersnews.cz\/wp-content\/uploads\/2022\/12\/5.-SX2-INT-small-3-1-678x381.jpg 678w, https:\/\/www.automakersnews.cz\/wp-content\/uploads\/2022\/12\/5.-SX2-INT-small-3-1.jpg 1935w\" sizes=\"auto, (max-width: 932px) 100vw, 932px\" \/><\/p>\n","protected":false},"excerpt":{"rendered":"<div class=\"mh-excerpt\"><p>Hyundai odhalil futuristick\u00fd design nov\u00e9 generace mal\u00e9ho SUV KONA, zalo\u017een\u00fd na verzi s elektrick\u00fdm pohonem. Model bude k dispozici ve \u010dty\u0159ech variant\u00e1ch, zahrnuj\u00edc\u00edch elektromobil, hybrid, <a class=\"mh-excerpt-more\" href=\"https:\/\/www.automakersnews.cz\/index.php\/2022\/12\/22\/hyundai-kona-s-novym-designem\/\" title=\"Hyundai KONA s nov\u00fdm designem\">[&#8230;]<\/a><\/p>\n<\/div>","protected":false},"author":4,"featured_media":10431,"comment_status":"open","ping_status":"open","sticky":false,"template":"","format":"standard","meta":{"footnotes":""},"categories":[19,22],"tags":[],"class_list":["post-10430","post","type-post","status-publish","format-standard","has-post-thumbnail","hentry","category-design","category-elektromobily"],"_links":{"self":[{"href":"https:\/\/www.automakersnews.cz\/index.php\/wp-json\/wp\/v2\/posts\/10430","targetHints":{"allow":["GET"]}}],"collection":[{"href":"https:\/\/www.automakersnews.cz\/index.php\/wp-json\/wp\/v2\/posts"}],"about":[{"href":"https:\/\/www.automakersnews.cz\/index.php\/wp-json\/wp\/v2\/types\/post"}],"author":[{"embeddable":true,"href":"https:\/\/www.automakersnews.cz\/index.php\/wp-json\/wp\/v2\/users\/4"}],"replies":[{"embeddable":true,"href":"https:\/\/www.automakersnews.cz\/index.php\/wp-json\/wp\/v2\/comments?post=10430"}],"version-history":[{"count":0,"href":"https:\/\/www.automakersnews.cz\/index.php\/wp-json\/wp\/v2\/posts\/10430\/revisions"}],"wp:featuredmedia":[{"embeddable":true,"href":"https:\/\/www.automakersnews.cz\/index.php\/wp-json\/wp\/v2\/media\/10431"}],"wp:attachment":[{"href":"https:\/\/www.automakersnews.cz\/index.php\/wp-json\/wp\/v2\/media?parent=10430"}],"wp:term":[{"taxonomy":"category","embeddable":true,"href":"https:\/\/www.automakersnews.cz\/index.php\/wp-json\/wp\/v2\/categories?post=10430"},{"taxonomy":"post_tag","embeddable":true,"href":"https:\/\/www.automakersnews.cz\/index.php\/wp-json\/wp\/v2\/tags?post=10430"}],"curies":[{"name":"wp","href":"https:\/\/api.w.org\/{rel}","templated":true}]}}