{"id":10443,"date":"2022-12-22T13:23:55","date_gmt":"2022-12-22T13:23:55","guid":{"rendered":"https:\/\/www.automakersnews.cz\/?p=10443"},"modified":"2022-12-22T13:23:55","modified_gmt":"2022-12-22T13:23:55","slug":"harley-davidson-chysta-oslavy-120-vyroci","status":"publish","type":"post","link":"https:\/\/www.automakersnews.cz\/index.php\/2022\/12\/22\/harley-davidson-chysta-oslavy-120-vyroci\/","title":{"rendered":"Harley-Davidson chyst\u00e1 oslavy 120. v\u00fdro\u010d\u00ed"},"content":{"rendered":"<p><strong>Harley-Davidson odhal\u00ed v lednu sv\u00e9 motocykly pro rok 2023 a p\u0159inese informace o prvn\u00edm ro\u010dn\u00edku akce Harley-Davidson\u00ae Homecoming\u2122, kter\u00e1 oslav\u00ed 120 let v\u00fdroby na\u0161ich motocykl\u016f. Cel\u00e1 akce bude live streamov\u00e1na na webu Harley-Davidson.com.<\/strong><!--more--><\/p>\n<p>\u201eV roce 2023 uplyne 120 let od zalo\u017een\u00ed spole\u010dnosti Harley-Davidson. B\u011bhem tohoto v\u00fdro\u010d\u00ed uct\u00edme na\u0161e bohat\u00e9 d\u011bdictv\u00ed, oslav\u00edme je s na\u0161imi fanou\u0161ky a jezdeckou komunitou a odhal\u00edme na\u0161e nejnov\u011bj\u0161\u00ed motocykly a produkty,\u201d \u0159ekl Jochen Zeitz, prezident a gener\u00e1ln\u00ed \u0159editel spole\u010dnosti Harley-Davidson. \u201eP\u0159idejte se k n\u00e1m a spole\u010dn\u011b zah\u00e1j\u00edme na\u0161e 120. v\u00fdro\u010d\u00ed p\u0159edstaven\u00edm nov\u00fdch model\u016f a upout\u00e1vkou na to, co chyst\u00e1me na p\u0159\u00ed\u0161t\u00ed rok.\u201c<\/p>\n<p>Prvn\u00ed vlna nov\u00fdch motocykl\u016f Harley-Davidson 2023, origin\u00e1ln\u00edho p\u0159\u00edslu\u0161enstv\u00ed Harley-Davidson a v\u00fdbavy a oble\u010den\u00ed Harley-Davidson MotorClothes bude odhalena 18. ledna. Tyto produkty budou n\u00e1sledn\u011b k dispozici u autorizovan\u00fdch dealer\u016f Harley-Davidson.<\/p>\n<p>Prvn\u00ed ro\u010dn\u00edk akce Harley-Davidson\u00ae Homecoming\u2122 2023 prob\u011bhne ve dnech 13. &#8211; 16. \u010dervence 2023, kdy se na n\u011bkolika m\u00edstech v okol\u00ed Milwaukee uskute\u010dn\u00ed \u010dty\u0159denn\u00ed festival pln\u00fd hudby, j\u00eddla a motocyklov\u00e9 kultury. Podrobnosti o programu, pl\u00e1novan\u00fdch akc\u00edch, m\u00edstech kon\u00e1n\u00ed, bal\u00ed\u010dc\u00edch vstupenek a ubytov\u00e1n\u00ed budou zve\u0159ejn\u011bny 18. ledna na str\u00e1nk\u00e1ch H-D.com, kde se n\u00e1v\u0161t\u011bvn\u00edci mohou tak\u00e9 p\u0159ihl\u00e1sit k odb\u011bru aktu\u00e1ln\u00edch informac\u00ed o festivalu Homecoming. V\u00edt\u00e1ni a zv\u00e1ni jsou v\u0161ichni od jezdc\u016f, spolujezdc\u016f, fanou\u0161k\u016f a\u017e po cel\u00e9 rodiny.<\/p>\n<p>V r\u00e1mci p\u0159\u00edprav na tuto v\u00fdznamnou oslavu v Milwaukee spole\u010dnost Harley-Davidson ji\u017e d\u0159\u00edve informovala tak\u00e9 o festivalu ke 120. v\u00fdro\u010d\u00ed v Evrop\u011b. Bude se konat ve dnech 22. &#8211; 25. \u010dervna 2023 v nov\u00e9m parku Pusk\u00e1s Ar\u00e9na v n\u00e1dhern\u00e9m m\u011bst\u011b Budape\u0161\u0165. Vstupenky jsou ji\u017e k dispozici a festival slibuje obrovsk\u00e9 mno\u017estv\u00ed atrakc\u00ed v\u010detn\u011b v\u00edce ne\u017e 50 \u017eiv\u00fdch hudebn\u00edch vystoupen\u00ed na p\u011bti p\u00f3di\u00edch b\u011bhem \u010dty\u0159 dn\u016f a noc\u00ed, d\u00e1le v\u0161echny nejnov\u011bj\u0161\u00ed motocykly a produkty Harley-Davidson a mnoho dal\u0161\u00edho. Vstupenky a nab\u00eddky ubytov\u00e1n\u00ed jsou ji\u017e nyn\u00ed k dispozici na adrese https:\/\/hd120budapest.hu\/.<\/p>\n<p><img loading=\"lazy\" decoding=\"async\" class=\"alignnone wp-image-10473\" src=\"http:\/\/www.automakersnews.cz\/wp-content\/uploads\/2022\/12\/anniversary-harley-davidson-3-300x169.jpg\" alt=\"\" width=\"699\" height=\"394\" srcset=\"https:\/\/www.automakersnews.cz\/wp-content\/uploads\/2022\/12\/anniversary-harley-davidson-3-300x169.jpg 300w, https:\/\/www.automakersnews.cz\/wp-content\/uploads\/2022\/12\/anniversary-harley-davidson-3-1024x576.jpg 1024w, https:\/\/www.automakersnews.cz\/wp-content\/uploads\/2022\/12\/anniversary-harley-davidson-3-768x432.jpg 768w, https:\/\/www.automakersnews.cz\/wp-content\/uploads\/2022\/12\/anniversary-harley-davidson-3-678x381.jpg 678w, https:\/\/www.automakersnews.cz\/wp-content\/uploads\/2022\/12\/anniversary-harley-davidson-3.jpg 1200w\" sizes=\"auto, (max-width: 699px) 100vw, 699px\" \/><\/p>\n","protected":false},"excerpt":{"rendered":"<div class=\"mh-excerpt\"><p>Harley-Davidson odhal\u00ed v lednu sv\u00e9 motocykly pro rok 2023 a p\u0159inese informace o prvn\u00edm ro\u010dn\u00edku akce Harley-Davidson\u00ae Homecoming\u2122, kter\u00e1 oslav\u00ed 120 let v\u00fdroby na\u0161ich motocykl\u016f. <a class=\"mh-excerpt-more\" href=\"https:\/\/www.automakersnews.cz\/index.php\/2022\/12\/22\/harley-davidson-chysta-oslavy-120-vyroci\/\" title=\"Harley-Davidson chyst\u00e1 oslavy 120. v\u00fdro\u010d\u00ed\">[&#8230;]<\/a><\/p>\n<\/div>","protected":false},"author":4,"featured_media":10472,"comment_status":"open","ping_status":"open","sticky":false,"template":"","format":"standard","meta":{"footnotes":""},"categories":[23],"tags":[],"class_list":["post-10443","post","type-post","status-publish","format-standard","has-post-thumbnail","hentry","category-vyroci"],"_links":{"self":[{"href":"https:\/\/www.automakersnews.cz\/index.php\/wp-json\/wp\/v2\/posts\/10443","targetHints":{"allow":["GET"]}}],"collection":[{"href":"https:\/\/www.automakersnews.cz\/index.php\/wp-json\/wp\/v2\/posts"}],"about":[{"href":"https:\/\/www.automakersnews.cz\/index.php\/wp-json\/wp\/v2\/types\/post"}],"author":[{"embeddable":true,"href":"https:\/\/www.automakersnews.cz\/index.php\/wp-json\/wp\/v2\/users\/4"}],"replies":[{"embeddable":true,"href":"https:\/\/www.automakersnews.cz\/index.php\/wp-json\/wp\/v2\/comments?post=10443"}],"version-history":[{"count":0,"href":"https:\/\/www.automakersnews.cz\/index.php\/wp-json\/wp\/v2\/posts\/10443\/revisions"}],"wp:featuredmedia":[{"embeddable":true,"href":"https:\/\/www.automakersnews.cz\/index.php\/wp-json\/wp\/v2\/media\/10472"}],"wp:attachment":[{"href":"https:\/\/www.automakersnews.cz\/index.php\/wp-json\/wp\/v2\/media?parent=10443"}],"wp:term":[{"taxonomy":"category","embeddable":true,"href":"https:\/\/www.automakersnews.cz\/index.php\/wp-json\/wp\/v2\/categories?post=10443"},{"taxonomy":"post_tag","embeddable":true,"href":"https:\/\/www.automakersnews.cz\/index.php\/wp-json\/wp\/v2\/tags?post=10443"}],"curies":[{"name":"wp","href":"https:\/\/api.w.org\/{rel}","templated":true}]}}