{"id":10475,"date":"2022-12-22T13:40:08","date_gmt":"2022-12-22T13:40:08","guid":{"rendered":"https:\/\/www.automakersnews.cz\/?p=10475"},"modified":"2022-12-28T09:29:43","modified_gmt":"2022-12-28T09:29:43","slug":"volvo-se-dohodlo-s-jezdeckou-federaci","status":"publish","type":"post","link":"https:\/\/www.automakersnews.cz\/index.php\/2022\/12\/22\/volvo-se-dohodlo-s-jezdeckou-federaci\/","title":{"rendered":"Volvo m\u00e1 nov\u00e9ho kon\u011b v \u010desk\u00e9 st\u00e1ji"},"content":{"rendered":"<p><strong>Volvo p\u0159ibralo do marketingov\u00e9 st\u00e1je\u00a0 \u201enov\u00e9ho kon\u011b\u201c. A tentokr\u00e1t t\u00e9m\u011b\u0159 doslova. Tuzemsk\u00fd gener\u00e1ln\u00ed import\u00e9r Volvo Car Czech se rozhodl podpo\u0159it tradici \u010desk\u00fdch jezdeck\u00fdch sport\u016f a zah\u00e1jil spolupr\u00e1ci s \u010ceskou jezdeckou federac\u00ed. Kdo bude nov\u00fdm ambasadorem?<\/strong><!--more--><\/p>\n<p>Ambasadorem zna\u010dky Volvo se stal \u010desk\u00fd military jezdec, olympionik Miloslav P\u0159\u00edhoda. Tak\u00e9 u n\u011bj do osudu zas\u00e1hla tradice. Poch\u00e1z\u00ed z rodiny \u201eko\u0148\u00e1k\u016f\u201c a je\u017ed\u011bn\u00ed se v\u011bnuje od \u00fatl\u00e9ho v\u011bku. Konkr\u00e9tn\u011b jedn\u00e9 z nejn\u00e1ro\u010dn\u011bj\u0161\u00edch jezdeck\u00fdch discipl\u00edny, sout\u011b\u017ei v\u0161estrann\u00e9 zp\u016fsobilosti (military), kter\u00e1 zahrnuje drez\u00faru, cross country a parkur.<\/p>\n<p>Miloslav P\u0159\u00edhoda je osmin\u00e1sobn\u00fdm mistrem \u010cesk\u00e9 republiky ve v\u0161ech kategori\u00edch, \u0161estkr\u00e1t se \u00fa\u010dastnil mistrovstv\u00ed Evropy a \u010cesko reprezentoval i na OH v Tokiu. Jeho spolehliv\u00fdm par\u0165\u00e1kem je holandsk\u00fd teplokrevn\u00edk Ferreolus lat.<\/p>\n<p>Spole\u010dnost Volvo Car Czech Republic chce sv\u00fdm nov\u011b uzav\u0159en\u00fdm partnerstv\u00edm podpo\u0159it tradici \u010desk\u00e9ho jezdeck\u00e9ho sportu, kter\u00e1 vych\u00e1z\u00ed tak\u00e9 z historie chovu kon\u00ed v na\u0161ich zem\u00edch.<\/p>\n<p>Sou\u010dasn\u011b by r\u00e1do p\u0159isp\u011blo k rostouc\u00ed popularit\u011b t\u011bchto sportovn\u00edch discipl\u00edn, kter\u00e9 se stejn\u011b jako automobily neobjedou bez toho nejd\u016fle\u017eit\u011bj\u0161\u00edho: ko\u0148sk\u00fdch sil.<\/p>\n","protected":false},"excerpt":{"rendered":"<div class=\"mh-excerpt\"><p>Volvo p\u0159ibralo do marketingov\u00e9 st\u00e1je\u00a0 \u201enov\u00e9ho kon\u011b\u201c. A tentokr\u00e1t t\u00e9m\u011b\u0159 doslova. Tuzemsk\u00fd gener\u00e1ln\u00ed import\u00e9r Volvo Car Czech se rozhodl podpo\u0159it tradici \u010desk\u00fdch jezdeck\u00fdch sport\u016f a <a class=\"mh-excerpt-more\" href=\"https:\/\/www.automakersnews.cz\/index.php\/2022\/12\/22\/volvo-se-dohodlo-s-jezdeckou-federaci\/\" title=\"Volvo m\u00e1 nov\u00e9ho kon\u011b v \u010desk\u00e9 st\u00e1ji\">[&#8230;]<\/a><\/p>\n<\/div>","protected":false},"author":4,"featured_media":10476,"comment_status":"open","ping_status":"open","sticky":false,"template":"","format":"standard","meta":{"footnotes":""},"categories":[30,2],"tags":[],"class_list":["post-10475","post","type-post","status-publish","format-standard","has-post-thumbnail","hentry","category-marketing","category-news"],"_links":{"self":[{"href":"https:\/\/www.automakersnews.cz\/index.php\/wp-json\/wp\/v2\/posts\/10475","targetHints":{"allow":["GET"]}}],"collection":[{"href":"https:\/\/www.automakersnews.cz\/index.php\/wp-json\/wp\/v2\/posts"}],"about":[{"href":"https:\/\/www.automakersnews.cz\/index.php\/wp-json\/wp\/v2\/types\/post"}],"author":[{"embeddable":true,"href":"https:\/\/www.automakersnews.cz\/index.php\/wp-json\/wp\/v2\/users\/4"}],"replies":[{"embeddable":true,"href":"https:\/\/www.automakersnews.cz\/index.php\/wp-json\/wp\/v2\/comments?post=10475"}],"version-history":[{"count":0,"href":"https:\/\/www.automakersnews.cz\/index.php\/wp-json\/wp\/v2\/posts\/10475\/revisions"}],"wp:featuredmedia":[{"embeddable":true,"href":"https:\/\/www.automakersnews.cz\/index.php\/wp-json\/wp\/v2\/media\/10476"}],"wp:attachment":[{"href":"https:\/\/www.automakersnews.cz\/index.php\/wp-json\/wp\/v2\/media?parent=10475"}],"wp:term":[{"taxonomy":"category","embeddable":true,"href":"https:\/\/www.automakersnews.cz\/index.php\/wp-json\/wp\/v2\/categories?post=10475"},{"taxonomy":"post_tag","embeddable":true,"href":"https:\/\/www.automakersnews.cz\/index.php\/wp-json\/wp\/v2\/tags?post=10475"}],"curies":[{"name":"wp","href":"https:\/\/api.w.org\/{rel}","templated":true}]}}