{"id":104852,"date":"2023-09-18T06:37:32","date_gmt":"2023-09-18T06:37:32","guid":{"rendered":"https:\/\/www.automakersnews.cz\/?p=104852"},"modified":"2023-09-18T06:37:32","modified_gmt":"2023-09-18T06:37:32","slug":"ctyri-skodovky-pro-centrum-paraple","status":"publish","type":"post","link":"https:\/\/www.automakersnews.cz\/index.php\/2023\/09\/18\/ctyri-skodovky-pro-centrum-paraple\/","title":{"rendered":"\u010cty\u0159i \u0161kodovky pro Centrum Paraple"},"content":{"rendered":"<p><strong>Spolupr\u00e1ce \u010desk\u00e9ho zastoupen\u00ed automobilky \u0160koda Auto a Centra Paraple pokra\u010duje i v leto\u0161n\u00edm roce. Organizaci na pomoc lidem s po\u0161kozen\u00edm m\u00edchy zalo\u017eil Zden\u011bk Sv\u011br\u00e1k s ob\u010dansk\u00fdm sdru\u017een\u00edm Svaz paraplegik\u016f v roce 1994.<\/strong><!--more--><\/p>\n<p>Od t\u00e9 doby pom\u00e1h\u00e1 lidem na voz\u00edku a jejich rodin\u00e1m se zvl\u00e1d\u00e1n\u00edm t\u011b\u017ek\u00fdch \u017eivotn\u00edch situac\u00ed. V r\u00e1mci dlouhodob\u00e9ho partnerstv\u00ed zap\u016fj\u010dila spole\u010dnost \u0160koda Auto \u010dty\u0159i nov\u00e9 vozy pro pot\u0159eby zam\u011bstnanc\u016f i klient\u016f Centra Paraple.<\/p>\n<p><strong>Nov\u00e9 vozy \u0160koda Enyaq, Superb a Octavia poslou\u017e\u00ed Centru Paraple<\/strong><\/p>\n<p>P\u0159ed\u00e1n\u00ed voz\u016f prob\u011bhlo v pra\u017esk\u00e9m are\u00e1lu Centra Paraple za \u00fa\u010dasti jeho spoluzakladatele a prezidenta Zde\u0148ka Sv\u011br\u00e1ka. Person\u00e1lu i klient\u016fm budou nov\u011b slou\u017eit \u010dty\u0159i automobily \u0160koda, kter\u00e9 na m\u00edst\u011b p\u0159edal koordin\u00e1tor fleetov\u00e9ho prodeje \u0160koda Auto \u010cesk\u00e1 republika Michal Nykl. Jedn\u00e1 se o vozy \u0160koda Enyaq, \u0160koda Superb Combi iV, \u0160koda Superb Combi a \u0160koda Octavia Combi.<\/p>\n<p>\u201e\u0160koda Auto je dlouhodob\u011b aktivn\u00ed v oblasti bezbari\u00e9rov\u00e9 mobility, spolupr\u00e1ce s Centrem Paraple n\u00e1m tedy d\u00e1v\u00e1 hlubok\u00fd smysl. Lidem s po\u0161kozen\u00edm m\u00edchy pom\u00e1h\u00e1me jako partne\u0159i Centra Paraple ji\u017e 29 let, b\u011bhem nich\u017e jsme spolupr\u00e1ci postupn\u011b prohloubili. Uv\u011bdomujeme si toti\u017e, \u017ee pr\u00e1v\u011b pro zdravotn\u011b znev\u00fdhodn\u011bn\u00e9 m\u00e1 mobilita naprosto kl\u00ed\u010dov\u00fd v\u00fdznam p\u0159i jejich za\u010dle\u0148ov\u00e1n\u00ed do b\u011b\u017en\u00fdch spole\u010densk\u00fdch aktivit a pr\u00e1v\u011b z tohoto d\u016fvodu tak\u00e9 existuje n\u00e1\u0161 program \u0160koda Handy,\u02ba \u0159ekl p\u0159i p\u0159ed\u00e1n\u00ed voz\u016f Michal Nykl.<\/p>\n<p><strong>29 let partnerstv\u00ed ve prosp\u011bch mobility zdravotn\u011b znev\u00fdhodn\u011bn\u00fdch<\/strong><\/p>\n<p>Centrum Paraple m\u016f\u017ee d\u00edky podpo\u0159e ve\u0159ejnosti pom\u00e1hat lidem na voz\u00edku a jejich rodin\u00e1m zvl\u00e1dat t\u011b\u017ekou \u017eivotn\u00ed situaci. Hlavn\u00ed slu\u017ebou, kterou ro\u010dn\u011b poskytne zhruba 280 klient\u016fm, je pobytov\u00e1 soci\u00e1ln\u00ed rehabilitace. Tu zaji\u0161\u0165uje vysoce odborn\u00fd t\u00fdm slo\u017een\u00fd z mnoha profes\u00ed. C\u00edlem je klientova celkov\u00e1 adaptace na \u017eivot s m\u00ed\u0161n\u00edm po\u0161kozen\u00edm tak, aby vn\u00edmal sv\u016fj \u017eivot jako hodnotn\u00fd a napln\u011bn\u00fd, a jeho podpora v samostatnosti a osobn\u00ed nez\u00e1vislosti nejen v denn\u00edch \u010dinnostech, ale i v rozhodov\u00e1n\u00ed o vlastn\u00edm \u017eivot\u011b. Ka\u017ed\u00fd rok dojde v \u010cesk\u00e9 republice v d\u016fsledku \u00farazu \u010di onemocn\u011bn\u00ed k po\u0161kozen\u00ed m\u00edchy u v\u00edce ne\u017e 250 lid\u00ed.<\/p>\n<p><strong>\u0160koda Handy centra pom\u00e1haj\u00ed a rad\u00ed nejen klient\u016fm Centra Paraple<\/strong><\/p>\n<p>Tak\u00e9 \u0160koda Auto pom\u00e1h\u00e1 zdravotn\u011b znev\u00fdhodn\u011bn\u00fdm spoluob\u010dan\u016fm a jejich rodinn\u00fdm p\u0159\u00edslu\u0161n\u00edk\u016fm, a to ji\u017e od roku 2010 prost\u0159ednictv\u00edm sv\u00e9ho programu \u0160koda Handy. Do n\u011bj je aktu\u00e1ln\u011b za\u010dlen\u011bno 124 center, kter\u00e1 vznikla u vybran\u00fdch autorizovan\u00fdch partner\u016f mladoboleslavsk\u00e9 automobilky po cel\u00e9m \u00fazem\u00ed \u010cesk\u00e9 republiky.<\/p>\n<p>D\u00edky voz\u016fm \u0160koda mohou osoby se sn\u00ed\u017eenou pohyblivost\u00ed op\u011bt z\u00edskat mobilitu. \u0160koda Handy centra pom\u00e1haj\u00ed klient\u016fm p\u0159i v\u00fdb\u011bru vhodn\u00e9ho vozu a jeho \u00faprav\u00e1ch, ale tak\u00e9 p\u0159i jedn\u00e1n\u00ed s \u00fa\u0159ady a dal\u0161\u00ed administrativou. Poradci poskytuj\u00ed komplexn\u00ed servis a z\u00e1kazn\u00edk\u016fm asistuj\u00ed p\u0159i zpracov\u00e1n\u00ed \u017e\u00e1dost\u00ed o st\u00e1tn\u00ed p\u0159\u00edsp\u011bvky na zvl\u00e1\u0161tn\u00ed pom\u016fcky i na mobilitu. Mohou zajistit pomoc s vy\u0159\u00edzen\u00edm vratky dan\u011b z p\u0159idan\u00e9 hodnoty p\u0159i n\u00e1kupu nov\u00e9ho vozu do stanoven\u00e9 v\u00fd\u0161e, doporu\u010d\u00ed nejlep\u0161\u00ed slu\u017eby pro dofinancov\u00e1n\u00ed koup\u011b vozu a porad\u00ed se spoustou dal\u0161\u00edch detail\u016f, kter\u00e9 by jinak z\u00e1kazn\u00edk musel \u0159e\u0161it vlastn\u00edmi silami.<\/p>\n<p>Nejd\u016fle\u017eit\u011bj\u0161\u00edm krit\u00e9riem p\u0159i po\u0159\u00edzen\u00ed automobilu b\u00fdv\u00e1 finan\u010dn\u00ed podpora, proto zdravotn\u011b znev\u00fdhodn\u011bn\u00ed motorist\u00e9 mohou z\u00edskat slevu na koupi nov\u00e9ho vozu \u0160koda \u2013 p\u0159\u00edpadn\u011b zakoupit prov\u011b\u0159en\u00fd automobil ze s\u00edt\u011b certifikovan\u00fdch prodejc\u016f ojet\u00fdch voz\u016f \u0160koda Plus s mo\u017en\u00fdm odpo\u010dtem DPH. Krom\u011b p\u0159\u00edm\u00e9 slevy z doporu\u010den\u00e9 po\u0159izovac\u00ed ceny automobilu v hotovosti i na \u00fav\u011br je z\u00e1kazn\u00edkovi obstar\u00e1no p\u0159ihl\u00e1\u0161en\u00ed vozu zdarma, co\u017e mu u\u0161et\u0159\u00ed dal\u0161\u00ed pen\u00edze a spoustu \u010dasu. Stejn\u011b jako u v\u0161ech ostatn\u00edch klient\u016f je samoz\u0159ejmost\u00ed v\u00fdkup st\u00e1vaj\u00edc\u00edho vozu na proti\u00fa\u010det \u2013 a\u0165 u\u017e standardn\u00edho nebo upraven\u00e9ho. Vzhledem k partnerstv\u00ed se \u0160koda Financial Services se zdravotn\u011b znev\u00fdhodn\u011bn\u00fdm motorist\u016fm nab\u00edz\u00ed rovn\u011b\u017e zv\u00fdhodn\u011bn\u00e9 financov\u00e1n\u00ed.<\/p>\n","protected":false},"excerpt":{"rendered":"<div class=\"mh-excerpt\"><p>Spolupr\u00e1ce \u010desk\u00e9ho zastoupen\u00ed automobilky \u0160koda Auto a Centra Paraple pokra\u010duje i v leto\u0161n\u00edm roce. Organizaci na pomoc lidem s po\u0161kozen\u00edm m\u00edchy zalo\u017eil Zden\u011bk Sv\u011br\u00e1k s <a class=\"mh-excerpt-more\" href=\"https:\/\/www.automakersnews.cz\/index.php\/2023\/09\/18\/ctyri-skodovky-pro-centrum-paraple\/\" title=\"\u010cty\u0159i \u0161kodovky pro Centrum Paraple\">[&#8230;]<\/a><\/p>\n<\/div>","protected":false},"author":4,"featured_media":104853,"comment_status":"open","ping_status":"open","sticky":false,"template":"","format":"standard","meta":{"footnotes":""},"categories":[2,60],"tags":[],"class_list":["post-104852","post","type-post","status-publish","format-standard","has-post-thumbnail","hentry","category-news","category-spolecenska-zodpovednost"],"_links":{"self":[{"href":"https:\/\/www.automakersnews.cz\/index.php\/wp-json\/wp\/v2\/posts\/104852","targetHints":{"allow":["GET"]}}],"collection":[{"href":"https:\/\/www.automakersnews.cz\/index.php\/wp-json\/wp\/v2\/posts"}],"about":[{"href":"https:\/\/www.automakersnews.cz\/index.php\/wp-json\/wp\/v2\/types\/post"}],"author":[{"embeddable":true,"href":"https:\/\/www.automakersnews.cz\/index.php\/wp-json\/wp\/v2\/users\/4"}],"replies":[{"embeddable":true,"href":"https:\/\/www.automakersnews.cz\/index.php\/wp-json\/wp\/v2\/comments?post=104852"}],"version-history":[{"count":0,"href":"https:\/\/www.automakersnews.cz\/index.php\/wp-json\/wp\/v2\/posts\/104852\/revisions"}],"wp:featuredmedia":[{"embeddable":true,"href":"https:\/\/www.automakersnews.cz\/index.php\/wp-json\/wp\/v2\/media\/104853"}],"wp:attachment":[{"href":"https:\/\/www.automakersnews.cz\/index.php\/wp-json\/wp\/v2\/media?parent=104852"}],"wp:term":[{"taxonomy":"category","embeddable":true,"href":"https:\/\/www.automakersnews.cz\/index.php\/wp-json\/wp\/v2\/categories?post=104852"},{"taxonomy":"post_tag","embeddable":true,"href":"https:\/\/www.automakersnews.cz\/index.php\/wp-json\/wp\/v2\/tags?post=104852"}],"curies":[{"name":"wp","href":"https:\/\/api.w.org\/{rel}","templated":true}]}}