{"id":104856,"date":"2023-09-18T06:40:10","date_gmt":"2023-09-18T06:40:10","guid":{"rendered":"https:\/\/www.automakersnews.cz\/?p=104856"},"modified":"2023-09-18T06:40:10","modified_gmt":"2023-09-18T06:40:10","slug":"skoda-podporila-dny-nato-v-ostrave","status":"publish","type":"post","link":"https:\/\/www.automakersnews.cz\/index.php\/2023\/09\/18\/skoda-podporila-dny-nato-v-ostrave\/","title":{"rendered":"\u0160koda podpo\u0159ila Dny NATO v Ostrav\u011b"},"content":{"rendered":"<div class=\"entry-summary\">\n<p><strong>N\u00e1v\u0161t\u011bvn\u00edci Dn\u016f NATO v Ostrav\u011b, kter\u00e9 se uskute\u010dnily 16. a 17. z\u00e1\u0159\u00ed na leti\u0161ti Leo\u0161e Jan\u00e1\u010dka v Mo\u0161nov\u011b, op\u011bt mohli vid\u011bt p\u0159ehl\u00eddku vojensk\u00e9 techniky, ale tak\u00e9 novinky zna\u010dky \u0160koda. Ta se ji\u017e tradi\u010dn\u011b \u0159ad\u00ed k v\u00fdznamn\u00fdm partner\u016fm akce a i letos p\u0159ipravila pro n\u00e1v\u0161t\u011bvn\u00edky doprovodn\u00fd program.<\/strong><\/p>\n<\/div>\n<p><!--more--><\/p>\n<div class=\"entry-content\">\n<p><strong>\u010cesk\u00e1 v\u00fdstavn\u00ed premi\u00e9ra pro modernizovan\u00e9 modely Scala a Kamiq<\/strong><\/p>\n<p>Mladoboleslavsk\u00e1 automobilka znovu spojila sv\u00e9 jm\u00e9no s nejv\u011bt\u0161\u00ed bezpe\u010dnostn\u00ed show v Evrop\u011b. Exkluzivn\u00edmu partnerstv\u00ed odpov\u00edd\u00e1 i v\u00fdjime\u010dn\u00e1 prezentace na m\u00edst\u011b. V roli v\u00fdstavn\u00edch expon\u00e1t\u016f se p\u0159edstavilo 8 nov\u00fdch voz\u016f \u0160koda. Mezi nimi nechyb\u011bl elektrick\u00fd model Enyaq v jeho n\u011bkolika variant\u00e1ch, ale p\u0159edev\u0161\u00edm se zde p\u0159edstavily ve sv\u00e9 n\u00e1rodn\u00ed v\u00fdstavn\u00ed premi\u00e9\u0159e modernizovan\u00e9 modely Scala a Kamiq.<\/p>\n<p>Pro n\u00e1v\u0161t\u011bvn\u00edky byla p\u0159ipravena \u0160koda z\u00f3na, kter\u00e1 nab\u00eddla edukativn\u00ed program k t\u00e9matu elekt\u0159ina. Sout\u011b\u017eiv\u00ed jedinci dostali p\u0159\u00edle\u017eitost zaz\u00e1vodit si na 3D rallysimul\u00e1toru a nenudili se rozhodn\u011b ani d\u011bti, pro n\u011b\u017e byla nachystan\u00e1 \u0159ada z\u00e1bavn\u00fdch aktivit. O ter\u00e9nn\u00edch schopnostech voz\u016f Kodiaq a Enyaq se z\u00e1jemci mohli sami p\u0159esv\u011bd\u010dit p\u0159i testovac\u00edch j\u00edzd\u00e1ch na p\u0159ilehl\u00e9m off-roadov\u00e9m polygonu.<\/p>\n<p><strong>Limousine service obstaral 25 voz\u016f \u0160koda Enyaq<\/strong><\/p>\n<p>Dny NATO v Ostrav\u011b p\u0159iv\u00edtali v\u00fdznamn\u00e9 osobnosti z cel\u00e9ho sv\u011bta. Pro p\u0159epravu ofici\u00e1ln\u00edch host\u016f byla p\u0159ipravena flotila 25 elektromobil\u016f \u0160koda Enyaq, ale na m\u00edst\u011b byli tak\u00e9 dal\u0161\u00ed vozy \u0160koda pro statick\u00e9 i j\u00edzdn\u00ed prezentace.<\/p>\n<p><em>\u201eDny Nato jsou pro n\u00e1s ji\u017e tradi\u010dn\u00ed v\u00fdznamnou platformou a akc\u00ed, kde n\u00e1v\u0161t\u011bvn\u00edk\u016fm chceme nejen zprost\u0159edkovat z\u00e1\u017eitky s na\u0161imi vozy a na\u0161\u00ed zna\u010dkou, ale tak\u00e9 se chceme p\u0159ihl\u00e1sit k nanejv\u00fd\u0161 d\u016fle\u017eit\u00e9mu t\u00e9matu bezpe\u010dnosti. A to nejen v kontextu vlastnost\u00ed a technologi\u00ed na\u0161ich voz\u016f, ale p\u0159edev\u0161\u00edm ve smyslu bezpe\u010dnosti a soudr\u017enosti v dne\u0161n\u00ed dob\u011b obecn\u011b, co\u017e vn\u00edm\u00e1me jako hlavn\u00ed poselstv\u00ed Dn\u016f Nato a na\u0161eho partnerstv\u00ed,\u201c vysv\u011btluje vedouc\u00ed marketingu \u0160koda Auto \u010cesk\u00e1 republika Libor \u0160ediv\u00e1k.<br \/>\n<\/em><\/p>\n<p><strong>Na nejv\u011bt\u0161\u00ed bezpe\u010dnostn\u00ed p\u0159ehl\u00eddku v Evrop\u011b m\u00ed\u0159ili VIP host\u00e9 i \u0161irok\u00e1 ve\u0159ejnost<\/strong><\/p>\n<p>Dny NATO jsou ka\u017edoro\u010dn\u00ed p\u0159\u00edle\u017eitost\u00ed pro prezentaci t\u011b\u017ek\u00e9 vojensk\u00e9, policejn\u00ed a z\u00e1chran\u00e1\u0159sk\u00e9 techniky. Na akci se p\u0159\u00edtomn\u00fdm p\u0159edstavuje v\u00fdcvik speci\u00e1ln\u00edch jednotek, leteck\u00e9 exhibice i v\u00fdzbroj, v\u00fdstroj a vybaven\u00ed vojensk\u00fdch \u00fatvar\u016f. Krom\u011b toho jde o presti\u017en\u00ed spole\u010denskou ud\u00e1lost, v jej\u00edm\u017e r\u00e1mci se setk\u00e1vaj\u00ed z\u00e1stupci soukrom\u00fdch firem s v\u00fdznamn\u00fdmi p\u0159edstaviteli ve\u0159ejn\u00e9ho sektoru. Mezi pravideln\u00e9 vz\u00e1cn\u00e9 hosty pat\u0159\u00ed \u010dlenov\u00e9 \u010desk\u00e9 vl\u00e1dy, z\u00e1stupci Severoatlantick\u00e9 aliance a Evropsk\u00e9 unie, p\u0159edstavitel\u00e9 kraj\u016f, m\u011bst a obc\u00ed, velvyslanci, vojen\u0161t\u00ed a lete\u010dt\u00ed p\u0159id\u011blenci, \u010dlenov\u00e9 civiln\u00edch i vojensk\u00fdch delegac\u00ed a dal\u0161\u00ed host\u00e9 nejen z \u010cesk\u00e9 republiky, ale ve st\u00e1le v\u011bt\u0161\u00ed m\u00ed\u0159e rovn\u011b\u017e ze zahrani\u010d\u00ed \u2013 zejm\u00e9na z Evropy a Spojen\u00fdch st\u00e1t\u016f americk\u00fdch.<\/p>\n<\/div>\n","protected":false},"excerpt":{"rendered":"<div class=\"mh-excerpt\"><p>N\u00e1v\u0161t\u011bvn\u00edci Dn\u016f NATO v Ostrav\u011b, kter\u00e9 se uskute\u010dnily 16. a 17. z\u00e1\u0159\u00ed na leti\u0161ti Leo\u0161e Jan\u00e1\u010dka v Mo\u0161nov\u011b, op\u011bt mohli vid\u011bt p\u0159ehl\u00eddku vojensk\u00e9 techniky, ale <a class=\"mh-excerpt-more\" href=\"https:\/\/www.automakersnews.cz\/index.php\/2023\/09\/18\/skoda-podporila-dny-nato-v-ostrave\/\" title=\"\u0160koda podpo\u0159ila Dny NATO v Ostrav\u011b\">[&#8230;]<\/a><\/p>\n<\/div>","protected":false},"author":4,"featured_media":104885,"comment_status":"open","ping_status":"open","sticky":false,"template":"","format":"standard","meta":{"footnotes":""},"categories":[2,70],"tags":[],"class_list":["post-104856","post","type-post","status-publish","format-standard","has-post-thumbnail","hentry","category-news","category-veletrhy"],"_links":{"self":[{"href":"https:\/\/www.automakersnews.cz\/index.php\/wp-json\/wp\/v2\/posts\/104856","targetHints":{"allow":["GET"]}}],"collection":[{"href":"https:\/\/www.automakersnews.cz\/index.php\/wp-json\/wp\/v2\/posts"}],"about":[{"href":"https:\/\/www.automakersnews.cz\/index.php\/wp-json\/wp\/v2\/types\/post"}],"author":[{"embeddable":true,"href":"https:\/\/www.automakersnews.cz\/index.php\/wp-json\/wp\/v2\/users\/4"}],"replies":[{"embeddable":true,"href":"https:\/\/www.automakersnews.cz\/index.php\/wp-json\/wp\/v2\/comments?post=104856"}],"version-history":[{"count":0,"href":"https:\/\/www.automakersnews.cz\/index.php\/wp-json\/wp\/v2\/posts\/104856\/revisions"}],"wp:featuredmedia":[{"embeddable":true,"href":"https:\/\/www.automakersnews.cz\/index.php\/wp-json\/wp\/v2\/media\/104885"}],"wp:attachment":[{"href":"https:\/\/www.automakersnews.cz\/index.php\/wp-json\/wp\/v2\/media?parent=104856"}],"wp:term":[{"taxonomy":"category","embeddable":true,"href":"https:\/\/www.automakersnews.cz\/index.php\/wp-json\/wp\/v2\/categories?post=104856"},{"taxonomy":"post_tag","embeddable":true,"href":"https:\/\/www.automakersnews.cz\/index.php\/wp-json\/wp\/v2\/tags?post=104856"}],"curies":[{"name":"wp","href":"https:\/\/api.w.org\/{rel}","templated":true}]}}