{"id":105411,"date":"2023-09-18T08:13:42","date_gmt":"2023-09-18T08:13:42","guid":{"rendered":"https:\/\/www.automakersnews.cz\/?p=105411"},"modified":"2023-09-18T08:14:50","modified_gmt":"2023-09-18T08:14:50","slug":"autosap-varuje-pred-odvetou-ciny","status":"publish","type":"post","link":"https:\/\/www.automakersnews.cz\/index.php\/2023\/09\/18\/autosap-varuje-pred-odvetou-ciny\/","title":{"rendered":"AutoSAP varuje p\u0159ed odvetou \u010c\u00edny"},"content":{"rendered":"<p><strong>Za clo na \u010d\u00ednsk\u00e9 automobily by mohla p\u0159ij\u00edt odveta. V\u00fdroba elektromobil\u016f je toti\u017e z\u00e1visl\u00e1 na komponentech, kter\u00e9 poch\u00e1zej\u00ed pr\u00e1v\u011b z \u010c\u00edny, varuje v rozhovoru pro Seznam Zpr\u00e1vy Petr Nov\u00e1k z koncernu <a href=\"https:\/\/www.linkedin.com\/company\/jtekt-european-operations\/\" data-attribute-index=\"4\" data-entity-type=\"MINI_COMPANY\">JTEKT European Operations<\/a>\u00a0a \u010dlen p\u0159edstavenstva\u00a0<a href=\"https:\/\/www.linkedin.com\/company\/sdruzeni-automobiloveho-prumyslu\/\" data-attribute-index=\"6\" data-entity-type=\"MINI_COMPANY\">Sdru\u017een\u00ed automobilov\u00e9ho pr\u016fmyslu<\/a>.<\/strong><!--more--><\/p>\n<p>\u201e\u010cipy se nakupuj\u00ed v Asii, elektronika a vstupn\u00ed materi\u00e1l do bateri\u00ed jsou v \u010d\u00ednsk\u00e9m vlastnictv\u00ed, nejv\u011bt\u0161\u00ed v\u00fdrobci bateri\u00ed jsou z \u010c\u00edny. Ta hrozba tady je. Bude to skute\u010dn\u011b vysok\u00e1 politika,\u201c \u0159\u00edk\u00e1 s t\u00edm, \u017ee Evropa u\u017e ze sv\u00e9 podstaty nem\u016f\u017ee postupovat jako Turecko, kter\u00e9 na \u010d\u00ednsk\u00e9 elektromobily uvalilo 40% clo.<\/p>\n<p>\u201eU n\u00e1s mus\u00ed doj\u00edt k n\u011bjak\u00e9mu kompromisu. Pokud by to bylo vysok\u00e9, m\u016f\u017eeme \u010dekat n\u011bjak\u00e9 kroky na druh\u00e9 stran\u011b,\u201c varuje.<\/p>\n<p>Cel\u00fd rozhovor s Petrem Nov\u00e1kem, v\u010detn\u011b jeho pohledu na aktu\u00e1ln\u00ed situaci v\u00a0automobilov\u00e9m pr\u016fmyslu ke shl\u00e9dnut\u00ed na:\u00a0<a href=\"https:\/\/lnkd.in\/esgRzXgr\" target=\"_self\" rel=\"noopener\" data-attribute-index=\"8\">https:\/\/lnkd.in\/esgRzXgr<\/a><\/p>\n<p><strong>Zdroj: AutoSAP<\/strong><\/p>\n","protected":false},"excerpt":{"rendered":"<div class=\"mh-excerpt\"><p>Za clo na \u010d\u00ednsk\u00e9 automobily by mohla p\u0159ij\u00edt odveta. V\u00fdroba elektromobil\u016f je toti\u017e z\u00e1visl\u00e1 na komponentech, kter\u00e9 poch\u00e1zej\u00ed pr\u00e1v\u011b z \u010c\u00edny, varuje v rozhovoru pro <a class=\"mh-excerpt-more\" href=\"https:\/\/www.automakersnews.cz\/index.php\/2023\/09\/18\/autosap-varuje-pred-odvetou-ciny\/\" title=\"AutoSAP varuje p\u0159ed odvetou \u010c\u00edny\">[&#8230;]<\/a><\/p>\n<\/div>","protected":false},"author":1,"featured_media":16464,"comment_status":"open","ping_status":"open","sticky":false,"template":"","format":"standard","meta":{"footnotes":""},"categories":[21,27],"tags":[],"class_list":["post-105411","post","type-post","status-publish","format-standard","has-post-thumbnail","hentry","category-legislativa","category-media"],"_links":{"self":[{"href":"https:\/\/www.automakersnews.cz\/index.php\/wp-json\/wp\/v2\/posts\/105411","targetHints":{"allow":["GET"]}}],"collection":[{"href":"https:\/\/www.automakersnews.cz\/index.php\/wp-json\/wp\/v2\/posts"}],"about":[{"href":"https:\/\/www.automakersnews.cz\/index.php\/wp-json\/wp\/v2\/types\/post"}],"author":[{"embeddable":true,"href":"https:\/\/www.automakersnews.cz\/index.php\/wp-json\/wp\/v2\/users\/1"}],"replies":[{"embeddable":true,"href":"https:\/\/www.automakersnews.cz\/index.php\/wp-json\/wp\/v2\/comments?post=105411"}],"version-history":[{"count":0,"href":"https:\/\/www.automakersnews.cz\/index.php\/wp-json\/wp\/v2\/posts\/105411\/revisions"}],"wp:featuredmedia":[{"embeddable":true,"href":"https:\/\/www.automakersnews.cz\/index.php\/wp-json\/wp\/v2\/media\/16464"}],"wp:attachment":[{"href":"https:\/\/www.automakersnews.cz\/index.php\/wp-json\/wp\/v2\/media?parent=105411"}],"wp:term":[{"taxonomy":"category","embeddable":true,"href":"https:\/\/www.automakersnews.cz\/index.php\/wp-json\/wp\/v2\/categories?post=105411"},{"taxonomy":"post_tag","embeddable":true,"href":"https:\/\/www.automakersnews.cz\/index.php\/wp-json\/wp\/v2\/tags?post=105411"}],"curies":[{"name":"wp","href":"https:\/\/api.w.org\/{rel}","templated":true}]}}