{"id":105443,"date":"2023-09-18T09:48:41","date_gmt":"2023-09-18T09:48:41","guid":{"rendered":"https:\/\/www.automakersnews.cz\/?p=105443"},"modified":"2023-09-19T08:35:44","modified_gmt":"2023-09-19T08:35:44","slug":"kupka-boj-o-normu-euro-7-jde-do-finale","status":"publish","type":"post","link":"https:\/\/www.automakersnews.cz\/index.php\/2023\/09\/18\/kupka-boj-o-normu-euro-7-jde-do-finale\/","title":{"rendered":"Kupka: boj o normu Euro 7 jde do fin\u00e1le"},"content":{"rendered":"<p><strong>Ministr dopravy Martin Kupka svolal 18. z\u00e1\u0159\u00ed novin\u00e1\u0159e na tiskovou konferenci k pr\u00e1v\u011b prob\u00edhaj\u00edc\u00edmu vyjedn\u00e1v\u00e1n\u00ed o zm\u011bn\u011b n\u00e1vrhu nov\u00e9 emisn\u00ed normy Euro 7.\u00a0 Problematiku na tiskovce p\u0159ibl\u00ed\u017eili tak\u00e9 europoslanec Alexandr Vondra a v\u00fdkonn\u00fd \u0159editel Sdru\u017een\u00ed automobilov\u00e9ho pr\u016fmyslu Zden\u011bk Petzl.<\/strong> <!--more--><\/p>\n<p>Ministr dopravy Martin Kupka (ODS) ji\u017e d\u0159\u00edve uvedl, \u017ee mus\u00ed doj\u00edt i ke zm\u00edrn\u011bn\u00ed n\u011bkter\u00fdch nerealistick\u00fdch technick\u00fdch podm\u00ednek, kter\u00e9 ohro\u017euj\u00ed v\u00fdrobce automobil\u016f. Nyn\u00ed jde podle n\u011bj tento boj do fin\u00e1le, proto\u017ee u\u017e tento t\u00fdden m\u00e1 doj\u00edt k setk\u00e1n\u00ed unijn\u00edch ministr\u016f dopravy, 25. z\u00e1\u0159\u00ed m\u00e1 o t\u00e9matu jednat rada ministr\u016f v Bruselu a v \u0159\u00edjnu se o\u010dek\u00e1v\u00e1 jedn\u00e1n\u00ed ve \u0161trasbursk\u00e9m parlamentu.<\/p>\n<p>&#8222;Na\u0161\u00edm c\u00edlem je sn\u00ed\u017een\u00ed dopadu dopravy na \u017eivotn\u00ed prost\u0159ed\u00ed, ale z\u00e1rove\u0148 zachovat dostupn\u00e1 auta v cel\u00e9 Evropsk\u00e9 unii a udr\u017eet konkurenceschopnost m\u00edstn\u00edho autopr\u016fmyslu v\u010detn\u011b pracovn\u00edch m\u00edst. Regulace mus\u00ed b\u00fdt realistick\u00e1,&#8220; uvedl na tiskovce Kupka.<\/p>\n<p>Tato snaha o vyv\u00e1\u017een\u00ed p\u016fvodn\u00edho n\u00e1vrhu se podle n\u011bj da\u0159\u00ed. &#8222;Realistick\u00fd n\u00e1zor na normu u\u017e m\u00e1 cel\u00e1 \u0159ada evropsk\u00fdch zem\u00ed, dobr\u00e1 zpr\u00e1va p\u0159i\u0161la z Chorvatska, kter\u00e1 v\u00fd\u0161e zm\u00edn\u011bnou snahu tak\u00e9 podpo\u0159\u00ed.<\/p>\n<p>Podle ministra se u\u017e poda\u0159ilo p\u0159edjednat sn\u00ed\u017een\u00ed n\u00e1rok\u016f na emisn\u00ed limity v\u00fdfukov\u00fdch plyn\u016f na \u00farove\u0148 normy EURO 6.<\/p>\n<p><img loading=\"lazy\" decoding=\"async\" class=\"alignnone size-large wp-image-105478\" src=\"http:\/\/www.automakersnews.cz\/wp-content\/uploads\/2023\/09\/Kupka-ministr-TK-EURO-7-kamery-1024x768.jpg\" alt=\"\" width=\"1024\" height=\"768\" srcset=\"https:\/\/www.automakersnews.cz\/wp-content\/uploads\/2023\/09\/Kupka-ministr-TK-EURO-7-kamery-1024x768.jpg 1024w, https:\/\/www.automakersnews.cz\/wp-content\/uploads\/2023\/09\/Kupka-ministr-TK-EURO-7-kamery-300x225.jpg 300w, https:\/\/www.automakersnews.cz\/wp-content\/uploads\/2023\/09\/Kupka-ministr-TK-EURO-7-kamery-768x576.jpg 768w, https:\/\/www.automakersnews.cz\/wp-content\/uploads\/2023\/09\/Kupka-ministr-TK-EURO-7-kamery-1536x1152.jpg 1536w, https:\/\/www.automakersnews.cz\/wp-content\/uploads\/2023\/09\/Kupka-ministr-TK-EURO-7-kamery-678x509.jpg 678w, https:\/\/www.automakersnews.cz\/wp-content\/uploads\/2023\/09\/Kupka-ministr-TK-EURO-7-kamery-326x245.jpg 326w, https:\/\/www.automakersnews.cz\/wp-content\/uploads\/2023\/09\/Kupka-ministr-TK-EURO-7-kamery-80x60.jpg 80w, https:\/\/www.automakersnews.cz\/wp-content\/uploads\/2023\/09\/Kupka-ministr-TK-EURO-7-kamery.jpg 2040w\" sizes=\"auto, (max-width: 1024px) 100vw, 1024px\" \/><\/p>\n<p><strong>Vondra: europarlament zasedne v listopadu<\/strong><\/p>\n<p>Eurokomisa\u0159 Sa\u0161a Vondra p\u0159ipomn\u011bl, \u017ee 12. \u0159\u00edjna \u010dek\u00e1 evropsk\u00e9 poslance hlasov\u00e1n\u00ed ve v\u00fdboru a plen\u00e1rka k EURO 7 bude ve \u0160trasburku v prvn\u00ed polovin\u011b listopadu.<\/p>\n<p>&#8222;Pokud se najde v\u011bt\u0161inov\u00e1 shoda, stihne se vyv\u00e1\u017een\u00e1 podoba EURO 7 prosadit je\u0161t\u011b do konce \u0161pan\u011blsk\u00e9ho p\u0159edsednictv\u00ed, d\u0159\u00edve ne\u017e se veden\u00ed unie ujmou Belgi\u010dan\u00e9, kte\u0159\u00ed autopr\u016fmyslu nefand\u00ed,&#8220; upozornil Vondra s t\u00edm, \u017ee\u00a0p\u0159ijet\u00ed p\u016fvodn\u00edho n\u00e1vrhu by znamenalo konec spalovac\u00edch motor\u016f do dvou let.<\/p>\n<p><img loading=\"lazy\" decoding=\"async\" class=\"alignnone size-large wp-image-105483\" src=\"http:\/\/www.automakersnews.cz\/wp-content\/uploads\/2023\/09\/Kupka-TK-doprava-Euro-7-kamery-celek-1024x768.jpg\" alt=\"\" width=\"1024\" height=\"768\" srcset=\"https:\/\/www.automakersnews.cz\/wp-content\/uploads\/2023\/09\/Kupka-TK-doprava-Euro-7-kamery-celek-1024x768.jpg 1024w, https:\/\/www.automakersnews.cz\/wp-content\/uploads\/2023\/09\/Kupka-TK-doprava-Euro-7-kamery-celek-300x225.jpg 300w, https:\/\/www.automakersnews.cz\/wp-content\/uploads\/2023\/09\/Kupka-TK-doprava-Euro-7-kamery-celek-768x576.jpg 768w, https:\/\/www.automakersnews.cz\/wp-content\/uploads\/2023\/09\/Kupka-TK-doprava-Euro-7-kamery-celek-1536x1152.jpg 1536w, https:\/\/www.automakersnews.cz\/wp-content\/uploads\/2023\/09\/Kupka-TK-doprava-Euro-7-kamery-celek-678x509.jpg 678w, https:\/\/www.automakersnews.cz\/wp-content\/uploads\/2023\/09\/Kupka-TK-doprava-Euro-7-kamery-celek-326x245.jpg 326w, https:\/\/www.automakersnews.cz\/wp-content\/uploads\/2023\/09\/Kupka-TK-doprava-Euro-7-kamery-celek-80x60.jpg 80w, https:\/\/www.automakersnews.cz\/wp-content\/uploads\/2023\/09\/Kupka-TK-doprava-Euro-7-kamery-celek.jpg 2040w\" sizes=\"auto, (max-width: 1024px) 100vw, 1024px\" \/><\/p>\n<p><strong>Shodu \u010desk\u00fdch politik\u016f ocenil \u0159editel AutoSAP Zden\u011bk Petzl:<\/strong><\/p>\n<p>&#8222;\u010cesko bylo v dan\u00e9 v\u011bci unik\u00e1tn\u011b aktivn\u00ed, nepamatuji si \u017ee by se to kdy v minulosti v automobilov\u00e9 legislativ\u011b takto poda\u0159ilo. Nem\u016f\u017eeme si odhlasovat konec spalovac\u00edch motor\u016f, kdy\u017e je\u0161t\u011b nem\u00e1me vozidla elektrick\u00e1,&#8220; \u0159ekl m\u00e9di\u00edm Petzl s t\u00edm, \u017ee p\u016fvodn\u00ed n\u00e1vrh byl nerealistick\u00fd i z hlediska \u010dasov\u00fdch n\u00e1rok\u016f na v\u010dasnou p\u0159\u00edpravu prov\u00e1d\u011bc\u00edch p\u0159edpis\u016f k norm\u011b.<\/p>\n<p><strong>Zdroj: Erich Handl, TK MD\u010cR<\/strong><\/p>\n<p><img loading=\"lazy\" decoding=\"async\" class=\"alignnone size-large wp-image-105477\" src=\"http:\/\/www.automakersnews.cz\/wp-content\/uploads\/2023\/09\/Petzl-TK-Euro-7-kamery-1024x768.jpg\" alt=\"\" width=\"1024\" height=\"768\" srcset=\"https:\/\/www.automakersnews.cz\/wp-content\/uploads\/2023\/09\/Petzl-TK-Euro-7-kamery-1024x768.jpg 1024w, https:\/\/www.automakersnews.cz\/wp-content\/uploads\/2023\/09\/Petzl-TK-Euro-7-kamery-300x225.jpg 300w, https:\/\/www.automakersnews.cz\/wp-content\/uploads\/2023\/09\/Petzl-TK-Euro-7-kamery-768x576.jpg 768w, https:\/\/www.automakersnews.cz\/wp-content\/uploads\/2023\/09\/Petzl-TK-Euro-7-kamery-1536x1152.jpg 1536w, https:\/\/www.automakersnews.cz\/wp-content\/uploads\/2023\/09\/Petzl-TK-Euro-7-kamery-678x509.jpg 678w, https:\/\/www.automakersnews.cz\/wp-content\/uploads\/2023\/09\/Petzl-TK-Euro-7-kamery-326x245.jpg 326w, https:\/\/www.automakersnews.cz\/wp-content\/uploads\/2023\/09\/Petzl-TK-Euro-7-kamery-80x60.jpg 80w, https:\/\/www.automakersnews.cz\/wp-content\/uploads\/2023\/09\/Petzl-TK-Euro-7-kamery.jpg 2040w\" sizes=\"auto, (max-width: 1024px) 100vw, 1024px\" \/><\/p>\n","protected":false},"excerpt":{"rendered":"<div class=\"mh-excerpt\"><p>Ministr dopravy Martin Kupka svolal 18. z\u00e1\u0159\u00ed novin\u00e1\u0159e na tiskovou konferenci k pr\u00e1v\u011b prob\u00edhaj\u00edc\u00edmu vyjedn\u00e1v\u00e1n\u00ed o zm\u011bn\u011b n\u00e1vrhu nov\u00e9 emisn\u00ed normy Euro 7.\u00a0 Problematiku na <a class=\"mh-excerpt-more\" href=\"https:\/\/www.automakersnews.cz\/index.php\/2023\/09\/18\/kupka-boj-o-normu-euro-7-jde-do-finale\/\" title=\"Kupka: boj o normu Euro 7 jde do fin\u00e1le\">[&#8230;]<\/a><\/p>\n<\/div>","protected":false},"author":1,"featured_media":105476,"comment_status":"open","ping_status":"open","sticky":false,"template":"","format":"standard","meta":{"footnotes":""},"categories":[21,2,29],"tags":[],"class_list":["post-105443","post","type-post","status-publish","format-standard","has-post-thumbnail","hentry","category-legislativa","category-news","category-tiskovky"],"_links":{"self":[{"href":"https:\/\/www.automakersnews.cz\/index.php\/wp-json\/wp\/v2\/posts\/105443","targetHints":{"allow":["GET"]}}],"collection":[{"href":"https:\/\/www.automakersnews.cz\/index.php\/wp-json\/wp\/v2\/posts"}],"about":[{"href":"https:\/\/www.automakersnews.cz\/index.php\/wp-json\/wp\/v2\/types\/post"}],"author":[{"embeddable":true,"href":"https:\/\/www.automakersnews.cz\/index.php\/wp-json\/wp\/v2\/users\/1"}],"replies":[{"embeddable":true,"href":"https:\/\/www.automakersnews.cz\/index.php\/wp-json\/wp\/v2\/comments?post=105443"}],"version-history":[{"count":0,"href":"https:\/\/www.automakersnews.cz\/index.php\/wp-json\/wp\/v2\/posts\/105443\/revisions"}],"wp:featuredmedia":[{"embeddable":true,"href":"https:\/\/www.automakersnews.cz\/index.php\/wp-json\/wp\/v2\/media\/105476"}],"wp:attachment":[{"href":"https:\/\/www.automakersnews.cz\/index.php\/wp-json\/wp\/v2\/media?parent=105443"}],"wp:term":[{"taxonomy":"category","embeddable":true,"href":"https:\/\/www.automakersnews.cz\/index.php\/wp-json\/wp\/v2\/categories?post=105443"},{"taxonomy":"post_tag","embeddable":true,"href":"https:\/\/www.automakersnews.cz\/index.php\/wp-json\/wp\/v2\/tags?post=105443"}],"curies":[{"name":"wp","href":"https:\/\/api.w.org\/{rel}","templated":true}]}}