{"id":10634,"date":"2022-12-23T08:48:23","date_gmt":"2022-12-23T08:48:23","guid":{"rendered":"https:\/\/www.automakersnews.cz\/?p=10634"},"modified":"2022-12-23T09:16:19","modified_gmt":"2022-12-23T09:16:19","slug":"porsche-vyrabi-sysneticke-palivo-v-chile","status":"publish","type":"post","link":"https:\/\/www.automakersnews.cz\/index.php\/2022\/12\/23\/porsche-vyrabi-sysneticke-palivo-v-chile\/","title":{"rendered":"Porsche vyr\u00e1b\u00ed syntetick\u00e9 palivo v\u00a0Chile"},"content":{"rendered":"<p class=\"c_a7 f_eh\" data-dot=\"ogm-article-perex\"><strong>Zat\u00edm jen trochu, b\u011bhem p\u00e1r let ale a\u017e 550\u00a0milion\u016f litr\u016f paliva ze vzdu\u0161n\u00e9ho oxidu uhli\u010dit\u00e9ho m\u00e1 vyrobit \u010derstv\u011b zprovozn\u011bn\u00e1 tov\u00e1rna Porsche v\u00a0Chile.<\/strong><!--more--><\/p>\n<div class=\"f_ei\">\n<div class=\"ogm-main-media__container\" data-dot=\"ogm-main-media\" data-e2e=\"ogm-main-media\">\n<figure class=\"e_a3\" aria-label=\"Galerie Pilotn\u00ed tov\u00e1rna Porsche na v\u00fdrobu syntetick\u00fdch paliv v\u00a0Chile\" data-dot=\"mol-figure\" data-dot-data=\"{&quot;mediaItemType&quot;:&quot;foto&quot;}\">\n<div class=\"c_P e_bC\">\n<div class=\"c_Q\" tabindex=\"0\">\n<div class=\"c_ac c_d c_h\">\n<div class=\"atm-sizer\"><\/div>\n<p><img decoding=\"async\" class=\"c_j c_e\" src=\"https:\/\/d15-a.sdn.cz\/d_15\/c_img_QO_4\/0GJDC\/tovarna-synteticke-palivo-chile-porsche.jpeg?fl=cro,0,0,1920,1080%7Cres,1200,,1%7Cwebp,75\" sizes=\"(max-width: 850px) 100vw, 678px\" srcset=\"\/\/d15-a.sdn.cz\/d_15\/c_img_QO_4\/0GJDC\/tovarna-synteticke-palivo-chile-porsche.jpeg?fl=cro,0,0,1920,1080%7Cres,320,,1%7Cwebp,75 320w, \/\/d15-a.sdn.cz\/d_15\/c_img_QO_4\/0GJDC\/tovarna-synteticke-palivo-chile-porsche.jpeg?fl=cro,0,0,1920,1080%7Cres,480,,1%7Cwebp,75 480w, \/\/d15-a.sdn.cz\/d_15\/c_img_QO_4\/0GJDC\/tovarna-synteticke-palivo-chile-porsche.jpeg?fl=cro,0,0,1920,1080%7Cres,600,,1%7Cwebp,75 600w, \/\/d15-a.sdn.cz\/d_15\/c_img_QO_4\/0GJDC\/tovarna-synteticke-palivo-chile-porsche.jpeg?fl=cro,0,0,1920,1080%7Cres,722,,1%7Cwebp,75 722w, \/\/d15-a.sdn.cz\/d_15\/c_img_QO_4\/0GJDC\/tovarna-synteticke-palivo-chile-porsche.jpeg?fl=cro,0,0,1920,1080%7Cres,1024,,1%7Cwebp,75 1024w, \/\/d15-a.sdn.cz\/d_15\/c_img_QO_4\/0GJDC\/tovarna-synteticke-palivo-chile-porsche.jpeg?fl=cro,0,0,1920,1080%7Cres,1280,,1%7Cwebp,75 1280w, \/\/d15-a.sdn.cz\/d_15\/c_img_QO_4\/0GJDC\/tovarna-synteticke-palivo-chile-porsche.jpeg?fl=cro,0,0,1920,1080%7Cres,2560,,1%7Cwebp,75 1920w\" \/><\/p>\n<\/div>\n<\/div>\n<p class=\"c_a7\"><span class=\"mol-figure__caption-text\">Pilotn\u00ed tov\u00e1rna Porsche na v\u00fdrobu syntetick\u00fdch paliv v Chile<\/span><\/p>\n<\/div>\n<\/figure>\n<\/div>\n<\/div>\n<div class=\"ogm-container _6231b388c0086990921bf42b\">\n<div class=\"f_fu\" data-e2e=\"ogm-article-layout\">\n<article class=\"f_fw\" role=\"article\" aria-labelledby=\"accessibility-article\">\n<div class=\"f_fv\" data-dot=\"ogm-article-content\">\n<div class=\"e_aZ e_bf\">\n<div class=\"e_a7\" data-dot=\"mol-paragraph\">\n<p class=\"c_a7\"><span class=\"c_bU\">Syntetick\u00e1 paliva, tak\u00e9 naz\u00fdvan\u00e1 e-paliva, jako\u017eto z\u00e1chrana pro spalovac\u00ed motory jsou zase o kr\u016f\u010dek bl\u00ed\u017e. Automobilka Porsche uvedla do provozu pilotn\u00ed tov\u00e1rnu Haru Oni v chilsk\u00e9m Punta Arenas. <\/span><\/p>\n<\/div>\n<div class=\"e_a7\" data-dot=\"mol-paragraph\">\n<p class=\"c_a7\"><span class=\"c_bU\">Slavnostn\u00edmu otev\u0159en\u00ed byl p\u0159\u00edtomen i\u00a0chilsk\u00fd ministr energetiky Diego Pardow. A\u00a0tak\u00e9 jedno Porsche 911, do n\u011bj\u017e p\u0159\u00edtomn\u00ed natankovali syntetick\u00fd benz\u00edn.<\/span><\/p>\n<\/div>\n<figure class=\"e_a3\" aria-label=\"Galerie Symbolick\u00e9 tankov\u00e1n\u00ed e-benz\u00ednu do Porsche 911\" data-dot=\"mol-figure\" data-dot-data=\"{&quot;mediaItemType&quot;:&quot;foto&quot;}\">\n<div class=\"c_P e_bC\">\n<div class=\"c_Q\" tabindex=\"0\">\n<div class=\"c_ac c_d c_h\">\n<div class=\"atm-sizer\"><\/div>\n<p><img decoding=\"async\" class=\"c_j c_e\" src=\"https:\/\/d15-a.sdn.cz\/d_15\/c_img_QP_y\/WLOGb\/porsche-tankovani-911-synteticky-benzin.jpeg?fl=cro,0,0,1920,1080%7Cres,1200,,1%7Cwebp,75\" sizes=\"(min-width: 851px) 700px, 100vw\" srcset=\"\/\/d15-a.sdn.cz\/d_15\/c_img_QP_y\/WLOGb\/porsche-tankovani-911-synteticky-benzin.jpeg?fl=cro,0,0,1920,1080%7Cres,320,,1%7Cwebp,75 320w, \/\/d15-a.sdn.cz\/d_15\/c_img_QP_y\/WLOGb\/porsche-tankovani-911-synteticky-benzin.jpeg?fl=cro,0,0,1920,1080%7Cres,480,,1%7Cwebp,75 480w, \/\/d15-a.sdn.cz\/d_15\/c_img_QP_y\/WLOGb\/porsche-tankovani-911-synteticky-benzin.jpeg?fl=cro,0,0,1920,1080%7Cres,600,,1%7Cwebp,75 600w, \/\/d15-a.sdn.cz\/d_15\/c_img_QP_y\/WLOGb\/porsche-tankovani-911-synteticky-benzin.jpeg?fl=cro,0,0,1920,1080%7Cres,722,,1%7Cwebp,75 722w, \/\/d15-a.sdn.cz\/d_15\/c_img_QP_y\/WLOGb\/porsche-tankovani-911-synteticky-benzin.jpeg?fl=cro,0,0,1920,1080%7Cres,1024,,1%7Cwebp,75 1024w, \/\/d15-a.sdn.cz\/d_15\/c_img_QP_y\/WLOGb\/porsche-tankovani-911-synteticky-benzin.jpeg?fl=cro,0,0,1920,1080%7Cres,1280,,1%7Cwebp,75 1280w, \/\/d15-a.sdn.cz\/d_15\/c_img_QP_y\/WLOGb\/porsche-tankovani-911-synteticky-benzin.jpeg?fl=cro,0,0,1920,1080%7Cres,2560,,1%7Cwebp,75 1920w\" \/><\/p>\n<\/div>\n<\/div>\n<p class=\"c_a7\"><span class=\"mol-figure__caption-text\">Symbolick\u00e9 tankov\u00e1n\u00ed e-benz\u00ednu do Porsche 911<\/span><\/p>\n<\/div>\n<\/figure>\n<div class=\"e_a7\" data-dot=\"mol-paragraph\">\n<p class=\"c_a7\"><span class=\"c_bU\">\u201ePou\u017e\u00edv\u00e1n\u00ed e-paliv sni\u017euje emise CO<span class=\"c_B\">2<\/span>.\u00a0Z\u00a0pohledu cel\u00e9ho sektoru dopravy by m\u011bla b\u00fdt pr\u016fmyslov\u00e1 v\u00fdroba syntetick\u00fdch paliv propagov\u00e1na nap\u0159\u00ed\u010d cel\u00fdm sv\u011btem,\u201c nechala se sly\u0161et \u010dlenka p\u0159edstavenstva Porsche AG Barbara Frenkelov\u00e1.<\/span><\/p>\n<\/div>\n<div class=\"c_P e_dT\">\n<div class=\"c_Q\">\n<div class=\"c_ac c_d c_h\">\n<p class=\"c_a7\"><span class=\"c_bU\">Syntetick\u00e1 paliva se pou\u017e\u00edvaj\u00ed v tradi\u010dn\u00edch spalovac\u00edch motorech m\u00edsto benz\u00ednu \u010di nafty. Maj\u00ed ale \u010dist\u0161\u00ed emise a v p\u0159\u00edpad\u011b, \u017ee je v\u00fdroba poh\u00e1n\u011bna \u201ezelenou\u201c energi\u00ed, jsou uhl\u00edkov\u011b neutr\u00e1ln\u00ed, nebo\u0165 se k jejich v\u00fdrob\u011b pou\u017e\u00edv\u00e1 uhl\u00edk ji\u017e p\u0159\u00edtomn\u00fd v atmosf\u00e9\u0159e. <\/span><\/p>\n<\/div>\n<\/div>\n<\/div>\n<\/div>\n<\/div>\n<\/article>\n<\/div>\n<\/div>\n<div class=\"e_a7\" data-dot=\"mol-paragraph\">\n<p class=\"c_a7\"><span class=\"c_bU\">M\u00edsto na planin\u011b uprost\u0159ed ni\u010deho v Chile bylo vybr\u00e1no pr\u00e1v\u011b kv\u016fli \u010dist\u00e9 energii. V\u011bt\u0161inu roku tu fouk\u00e1 siln\u00fd v\u00edtr, k jeho\u017e zu\u017eitkov\u00e1n\u00ed stoj\u00ed v z\u00e1vod\u011b v\u011btrn\u00e1 elektr\u00e1rna.<\/span><\/p>\n<\/div>\n<div class=\"e_a7\" data-dot=\"mol-paragraph\">\n<p class=\"c_a7\"><span class=\"c_bU\">V pilotn\u00ed f\u00e1zi je v\u00a0pl\u00e1nu vyrobit zhruba 130\u00a0tis\u00edc litr\u016f syntetick\u00fdch paliv ro\u010dn\u011b. Zat\u00edm je v\u00a0pl\u00e1nu jejich pou\u017eit\u00ed v\u00a0\u0161ampion\u00e1tu Porsche Mobil 1\u00a0Supercup a\u00a0v Z\u00e1\u017eitkov\u00fdch centrech Porsche. <\/span><\/p>\n<\/div>\n<figure class=\"e_a3\" aria-label=\"Galerie Pilotn\u00ed tov\u00e1rna Porsche na v\u00fdrobu syntetick\u00fdch paliv v\u00a0Chile\" data-dot=\"mol-figure\" data-dot-data=\"{&quot;mediaItemType&quot;:&quot;foto&quot;}\">\n<div class=\"c_P e_bC\">\n<div class=\"c_Q\" tabindex=\"0\">\n<div class=\"c_ac c_d c_h\">\n<div class=\"atm-sizer\"><\/div>\n<p><img decoding=\"async\" class=\"c_j c_e\" src=\"https:\/\/d15-a.sdn.cz\/d_15\/c_img_QQ_x\/p4uFe\/porsche-chile-synteticky-benzin-tovarna.jpeg?fl=cro,0,0,1920,1080%7Cres,1200,,1%7Cwebp,75\" sizes=\"(min-width: 851px) 700px, 100vw\" srcset=\"\/\/d15-a.sdn.cz\/d_15\/c_img_QQ_x\/p4uFe\/porsche-chile-synteticky-benzin-tovarna.jpeg?fl=cro,0,0,1920,1080%7Cres,320,,1%7Cwebp,75 320w, \/\/d15-a.sdn.cz\/d_15\/c_img_QQ_x\/p4uFe\/porsche-chile-synteticky-benzin-tovarna.jpeg?fl=cro,0,0,1920,1080%7Cres,480,,1%7Cwebp,75 480w, \/\/d15-a.sdn.cz\/d_15\/c_img_QQ_x\/p4uFe\/porsche-chile-synteticky-benzin-tovarna.jpeg?fl=cro,0,0,1920,1080%7Cres,600,,1%7Cwebp,75 600w, \/\/d15-a.sdn.cz\/d_15\/c_img_QQ_x\/p4uFe\/porsche-chile-synteticky-benzin-tovarna.jpeg?fl=cro,0,0,1920,1080%7Cres,722,,1%7Cwebp,75 722w, \/\/d15-a.sdn.cz\/d_15\/c_img_QQ_x\/p4uFe\/porsche-chile-synteticky-benzin-tovarna.jpeg?fl=cro,0,0,1920,1080%7Cres,1024,,1%7Cwebp,75 1024w, \/\/d15-a.sdn.cz\/d_15\/c_img_QQ_x\/p4uFe\/porsche-chile-synteticky-benzin-tovarna.jpeg?fl=cro,0,0,1920,1080%7Cres,1280,,1%7Cwebp,75 1280w, \/\/d15-a.sdn.cz\/d_15\/c_img_QQ_x\/p4uFe\/porsche-chile-synteticky-benzin-tovarna.jpeg?fl=cro,0,0,1920,1080%7Cres,2560,,1%7Cwebp,75 1920w\" \/><\/p>\n<\/div>\n<\/div>\n<p class=\"c_a7\"><span class=\"mol-figure__caption-text\">Pilotn\u00ed tov\u00e1rna Porsche na v\u00fdrobu syntetick\u00fdch paliv v Chile<\/span><\/p>\n<\/div>\n<\/figure>\n<div class=\"e_a7\" data-dot=\"mol-paragraph\">\n<p class=\"c_a7\"><span class=\"c_bU\">Chilsk\u00e1 tov\u00e1rna m\u00e1 p\u0159ed sebou dv\u011b roz\u0161\u00ed\u0159en\u00ed. To prvn\u00ed m\u00e1 do poloviny tohoto desetilet\u00ed nav\u00fd\u0161it v\u00fdrobn\u00ed kapacitu na 55\u00a0milion\u016f litr\u016f ro\u010dn\u011b. O\u00a0zhruba dva roky pozd\u011bji m\u00e1 b\u00fdt kapacita zdesetin\u00e1sobena na 550\u00a0milion\u016f litr\u016f. <\/span><\/p>\n<\/div>\n<div class=\"e_a7\" data-dot=\"mol-paragraph\">\n<p class=\"c_a7\"><span class=\"c_bU\">V porovn\u00e1n\u00ed s\u00a0glob\u00e1ln\u00ed spot\u0159ebou ropn\u00e9ho benz\u00ednu je to st\u00e1le kapka v\u00a0mo\u0159i, \u010deskou spot\u0159ebu by to v\u0161ak pokrylo na mnoho dn\u00ed. Denn\u00ed spot\u0159eba benz\u00ednu v\u00a0\u010cR byla podle webu GlobalEconomy.com v\u00a0roce 2020\u00a0zhruba 5,4\u00a0milionu litr\u016f.<\/span><\/p>\n<\/div>\n<div class=\"e_a7\" data-dot=\"mol-paragraph\">\n<p class=\"c_a7\"><span class=\"c_bU\">\u201ePotenci\u00e1l e-paliv je obrovsk\u00fd. V\u00a0sou\u010dasnosti je na sv\u011bt\u011b v\u00edce ne\u017e 1,3\u00a0miliardy vozidel se spalovac\u00edm motorem. Spousta z\u00a0nich bude na silnic\u00edch je\u0161t\u011b dek\u00e1dy a\u00a0e-paliva nab\u00edz\u00ed majitel\u016fm sou\u010dasn\u00fdch aut alternativu, kter\u00e1 je uhl\u00edkov\u011b t\u00e9m\u011b\u0159 neutr\u00e1ln\u00ed,\u201c \u0159\u00edk\u00e1 \u010dlen p\u0159edstavenstva Porsche AG Michael Steiner.<\/span><\/p>\n<\/div>\n","protected":false},"excerpt":{"rendered":"<div class=\"mh-excerpt\"><p>Zat\u00edm jen trochu, b\u011bhem p\u00e1r let ale a\u017e 550\u00a0milion\u016f litr\u016f paliva ze vzdu\u0161n\u00e9ho oxidu uhli\u010dit\u00e9ho m\u00e1 vyrobit \u010derstv\u011b zprovozn\u011bn\u00e1 tov\u00e1rna Porsche v\u00a0Chile.<\/p>\n<\/div>","protected":false},"author":1,"featured_media":428,"comment_status":"open","ping_status":"open","sticky":false,"template":"","format":"standard","meta":{"footnotes":""},"categories":[2],"tags":[],"class_list":["post-10634","post","type-post","status-publish","format-standard","has-post-thumbnail","hentry","category-news"],"_links":{"self":[{"href":"https:\/\/www.automakersnews.cz\/index.php\/wp-json\/wp\/v2\/posts\/10634","targetHints":{"allow":["GET"]}}],"collection":[{"href":"https:\/\/www.automakersnews.cz\/index.php\/wp-json\/wp\/v2\/posts"}],"about":[{"href":"https:\/\/www.automakersnews.cz\/index.php\/wp-json\/wp\/v2\/types\/post"}],"author":[{"embeddable":true,"href":"https:\/\/www.automakersnews.cz\/index.php\/wp-json\/wp\/v2\/users\/1"}],"replies":[{"embeddable":true,"href":"https:\/\/www.automakersnews.cz\/index.php\/wp-json\/wp\/v2\/comments?post=10634"}],"version-history":[{"count":0,"href":"https:\/\/www.automakersnews.cz\/index.php\/wp-json\/wp\/v2\/posts\/10634\/revisions"}],"wp:featuredmedia":[{"embeddable":true,"href":"https:\/\/www.automakersnews.cz\/index.php\/wp-json\/wp\/v2\/media\/428"}],"wp:attachment":[{"href":"https:\/\/www.automakersnews.cz\/index.php\/wp-json\/wp\/v2\/media?parent=10634"}],"wp:term":[{"taxonomy":"category","embeddable":true,"href":"https:\/\/www.automakersnews.cz\/index.php\/wp-json\/wp\/v2\/categories?post=10634"},{"taxonomy":"post_tag","embeddable":true,"href":"https:\/\/www.automakersnews.cz\/index.php\/wp-json\/wp\/v2\/tags?post=10634"}],"curies":[{"name":"wp","href":"https:\/\/api.w.org\/{rel}","templated":true}]}}