{"id":106519,"date":"2023-09-20T07:29:03","date_gmt":"2023-09-20T07:29:03","guid":{"rendered":"https:\/\/www.automakersnews.cz\/?p=106519"},"modified":"2023-09-20T07:29:03","modified_gmt":"2023-09-20T07:29:03","slug":"do-direct-family-vstupuji-novi-partneri","status":"publish","type":"post","link":"https:\/\/www.automakersnews.cz\/index.php\/2023\/09\/20\/do-direct-family-vstupuji-novi-partneri\/","title":{"rendered":"Do Direct family vstupuj\u00ed nov\u00ed partne\u0159i"},"content":{"rendered":"<p><strong>Skupina VIGO Investments, do n\u00ed\u017e dnes pat\u0159\u00ed Direct poji\u0161\u0165ovna, Direct auto, Birne, Fidoo a Direct nadace, p\u0159ib\u00edr\u00e1 nov\u00e9 partnery. Od z\u00e1\u0159\u00ed se jimi st\u00e1vaj\u00ed Ale\u0161 St\u00fdblo, kter\u00fd dosud \u0159\u00eddil \u010deskou firmu Lasvit, a Karel Souken\u00edk, kter\u00fd p\u016fsobil ve Sberbank, Raiffeisenbank, Citibank a naposledy ve spole\u010dnosti Akcenta.<\/strong><!--more--><\/p>\n<p>Pavel \u0158eh\u00e1k, kter\u00fd je zakladatelem Directu a v\u011bt\u0161inov\u00fdm vlastn\u00edkem VIGO Investments, tak doplnil \u0161esti\u010dlennou skupinu partner\u016f o dva dal\u0161\u00ed \u010dleny. \u201eM\u00e1m velkou radost za tuto ohromnou posilu. Karel i Ale\u0161 b\u011bhem sv\u00e9 kari\u00e9ry n\u011bkolikr\u00e1t dok\u00e1zali, \u017ee neexistuj\u00ed mal\u00e9 ambice ani mal\u00e9 c\u00edle. Stejn\u011b tak jsme siln\u011b kompatibiln\u00ed hodnotov\u011b, v touze m\u011bnit sv\u011bt kolem sebe k lep\u0161\u00edmu,\u201c objasnil \u0158eh\u00e1k.<\/p>\n<p>Ale\u0161 St\u00fdblo bude v Direct family koordinovat nap\u0159\u00ed\u010d v\u0161emi firmami oblast podpory t\u00fdmu, rozvoj firem, projekty nadace a zahrani\u010dn\u00ed expanze.<\/p>\n<p>Karel Souken\u00edk pak v r\u00e1mci B2B byznysu Fidoo soust\u0159ed\u00ed sv\u00e9 kapacity na rozvoj digit\u00e1ln\u00edch produkt\u016f a slu\u017eeb.<\/p>\n<p><strong>Direct family posiluje<\/strong><\/p>\n<p>Cel\u00e1 skupina Pavla \u0158eh\u00e1ka pl\u00e1nuje i pro p\u0159\u00ed\u0161t\u00ed rok dal\u0161\u00ed r\u016fst. \u201eU\u017e d\u00e1vno se nepohybujeme jen kolem poji\u0161\u0165ovny. Jsme t\u00fdm lid\u00ed, kte\u0159\u00ed se sna\u017e\u00ed dod\u00e1vat \u0161pi\u010dkovou p\u00e9\u010di a klientsk\u00e9 z\u00e1\u017eitky v poji\u0161\u0165ovnictv\u00ed, slu\u017eb\u00e1ch spojen\u00fdch se \u017eivotem s autem nebo ve finan\u010dn\u00edm slu\u017eb\u00e1ch. Neust\u00e1le se vyv\u00edj\u00edme a p\u0159em\u00fd\u0161l\u00edme, jak pomoct lidem d\u011blat \u017eivot leh\u010d\u00ed,\u201c dopl\u0148uje \u0158eh\u00e1k. Pro nejbli\u017e\u0161\u00ed m\u011bs\u00edce se Direct family soust\u0159ed\u00ed p\u0159edev\u0161\u00edm na dal\u0161\u00ed rozvoj v oblasti aut a jeho propojen\u00ed se slu\u017ebami poji\u0161\u0165ovny. Stejn\u011b tak na hled\u00e1n\u00ed dal\u0161\u00edch p\u0159\u00edle\u017eitost\u00ed p\u0159i propojov\u00e1n\u00ed jednotliv\u00fdch firem.<\/p>\n<p><strong>Kdo je Ale\u0161 St\u00fdblo<\/strong><\/p>\n<p>Ale\u0161 St\u00fdblo vystudoval elektrotechnickou fakultu \u010cVUT, obor Ekonomika a management. V roce 2007 spoluzakl\u00e1dal spole\u010dnost Lasvit, kterou vedl a sou\u010dasn\u011b p\u0159edsedal spr\u00e1vn\u00ed rad\u011b Nada\u010dn\u00edho fondu Lasvit. B\u011bhem \u0161estn\u00e1cti let, kter\u00e9 v Lasvitu str\u00e1vil, se ze spole\u010dnosti stala uzn\u00e1van\u00e1 mezin\u00e1rodn\u00ed zna\u010dka, firma se \u010dty\u0159mi v\u00fdrobn\u00edmi z\u00e1vody a dvan\u00e1cti obchodn\u00edmi pobo\u010dkami po cel\u00e9m sv\u011bt\u011b. Ale\u0161 St\u00fdblo ve sv\u00e9 pracovn\u00ed kari\u00e9\u0159e str\u00e1vil 6 let v Singapuru a Hongkongu. Je aktivn\u00edm \u010dlenem organizace YPO &#8211; Young Presidents&#8216; Organization. Ale\u0161 bydl\u00ed s rodinou v Liberci, m\u00e1 t\u0159i syny. R\u00e1d tr\u00e1v\u00ed voln\u00fd \u010das sportem, a hlavn\u011b v p\u0159\u00edrod\u011b, a\u0165 u\u017e na hor\u00e1ch nebo u vody.<\/p>\n<p><strong>Kdo je Karel Souken\u00edk<\/strong><\/p>\n<p>Karel Souken\u00edk vystudoval Matematicko-fyzik\u00e1ln\u00ed fakultu UK, z\u00edskal doktor\u00e1t z ekonomie na CERGE UK. Pracovn\u00ed kari\u00e9ru za\u010d\u00ednal jako konzultant v McKinsey &amp; Company. Pot\u00e9 pracoval v\u00edce ne\u017e 10 let v bankovnictv\u00ed v r\u016fzn\u00fdch CFO\/COO pozic\u00edch. Od roku 2018 se v\u011bnuje fintechu. Zalo\u017eil dig-it-ally, start-up s inovativn\u00ed platformou pro B2B \u0159e\u0161en\u00ed. Od prosince 2022 je CTO Direct Fidoo. Mezi jeho kon\u00ed\u010dky pat\u0159\u00ed kolo a golf.<\/p>\n","protected":false},"excerpt":{"rendered":"<div class=\"mh-excerpt\"><p>Skupina VIGO Investments, do n\u00ed\u017e dnes pat\u0159\u00ed Direct poji\u0161\u0165ovna, Direct auto, Birne, Fidoo a Direct nadace, p\u0159ib\u00edr\u00e1 nov\u00e9 partnery. Od z\u00e1\u0159\u00ed se jimi st\u00e1vaj\u00ed Ale\u0161 <a class=\"mh-excerpt-more\" href=\"https:\/\/www.automakersnews.cz\/index.php\/2023\/09\/20\/do-direct-family-vstupuji-novi-partneri\/\" title=\"Do Direct family vstupuj\u00ed nov\u00ed partne\u0159i\">[&#8230;]<\/a><\/p>\n<\/div>","protected":false},"author":1,"featured_media":24335,"comment_status":"open","ping_status":"open","sticky":false,"template":"","format":"standard","meta":{"footnotes":""},"categories":[3],"tags":[],"class_list":["post-106519","post","type-post","status-publish","format-standard","has-post-thumbnail","hentry","category-personalie"],"_links":{"self":[{"href":"https:\/\/www.automakersnews.cz\/index.php\/wp-json\/wp\/v2\/posts\/106519","targetHints":{"allow":["GET"]}}],"collection":[{"href":"https:\/\/www.automakersnews.cz\/index.php\/wp-json\/wp\/v2\/posts"}],"about":[{"href":"https:\/\/www.automakersnews.cz\/index.php\/wp-json\/wp\/v2\/types\/post"}],"author":[{"embeddable":true,"href":"https:\/\/www.automakersnews.cz\/index.php\/wp-json\/wp\/v2\/users\/1"}],"replies":[{"embeddable":true,"href":"https:\/\/www.automakersnews.cz\/index.php\/wp-json\/wp\/v2\/comments?post=106519"}],"version-history":[{"count":0,"href":"https:\/\/www.automakersnews.cz\/index.php\/wp-json\/wp\/v2\/posts\/106519\/revisions"}],"wp:featuredmedia":[{"embeddable":true,"href":"https:\/\/www.automakersnews.cz\/index.php\/wp-json\/wp\/v2\/media\/24335"}],"wp:attachment":[{"href":"https:\/\/www.automakersnews.cz\/index.php\/wp-json\/wp\/v2\/media?parent=106519"}],"wp:term":[{"taxonomy":"category","embeddable":true,"href":"https:\/\/www.automakersnews.cz\/index.php\/wp-json\/wp\/v2\/categories?post=106519"},{"taxonomy":"post_tag","embeddable":true,"href":"https:\/\/www.automakersnews.cz\/index.php\/wp-json\/wp\/v2\/tags?post=106519"}],"curies":[{"name":"wp","href":"https:\/\/api.w.org\/{rel}","templated":true}]}}