{"id":106522,"date":"2023-09-20T07:34:32","date_gmt":"2023-09-20T07:34:32","guid":{"rendered":"https:\/\/www.automakersnews.cz\/?p=106522"},"modified":"2023-09-20T07:34:32","modified_gmt":"2023-09-20T07:34:32","slug":"kia-czech-s-novym-sefem-obchodu","status":"publish","type":"post","link":"https:\/\/www.automakersnews.cz\/index.php\/2023\/09\/20\/kia-czech-s-novym-sefem-obchodu\/","title":{"rendered":"Kia Czech s nov\u00fdm \u0161\u00e9fem obchodu"},"content":{"rendered":"<div class=\"perex\">\n<p><strong>Na pozici Vedouc\u00ed obchodn\u00edho odd\u011blen\u00ed spole\u010dnosti Kia Czech nastoupil s \u00fa\u010dinnost\u00ed od 18. z\u00e1\u0159\u00ed 2023 Radek Mal\u00fd. Na t\u00e9to pozici nahradil Martina Kr\u00e1l\u00ed\u010dka, kter\u00fd po t\u00e9m\u011b\u0159 7 letech u automobilky Kia p\u0159eb\u011bhl ke zna\u010dce MG.<\/strong><\/p>\n<p>Radek Mal\u00fd je zku\u0161en\u00fd mana\u017eer s t\u00e9m\u011b\u0159 30letou zku\u0161enost\u00ed v automobilov\u00e9m pr\u016fmyslu, kde zast\u00e1val r\u016fzn\u00e9 pozice v oblasti \u0159\u00edzen\u00ed prodeje, marketingu, produktov\u00e9ho a cenov\u00e9ho pl\u00e1nov\u00e1n\u00ed. Ve funkci vedouc\u00edho obchodn\u00edho odd\u011blen\u00ed Kia Czech bude zodpov\u00eddat za obchodn\u00ed aktivity zna\u010dky, fleetov\u00e9 obchody a logistiku a bude p\u0159\u00edmo pod\u0159\u00edzen\u00fd gener\u00e1ln\u00edmu \u0159editeli Arno\u0161tu Barnovi.<\/p>\n<\/div>\n<p><!--more--><\/p>\n<p>V pozici Vedouc\u00ed obchodn\u00edho odd\u011blen\u00ed bude Radek Mal\u00fd zodpov\u011bdn\u00fd za prodejn\u00ed strategii s c\u00edlem zv\u00fd\u0161it tr\u017en\u00ed pod\u00edl zna\u010dky Kia na \u010desk\u00e9m trhu. Jeho bohat\u00e9 zku\u0161enosti z oblasti prodeje lehk\u00fdch u\u017eitkov\u00fdch voz\u016f budou kl\u00ed\u010dov\u00e9 pro \u00fasp\u011b\u0161n\u00fd vstup automobilky do segmentu elektrick\u00fdch voz\u016f pro r\u016fzn\u00e9 \u00fa\u010dely (PBV). \u201eJsem nad\u0161en\u00fd, \u017ee se p\u0159ipojuji ke spole\u010dnosti Kia, kter\u00e1 stoj\u00ed v \u010dele p\u0159echodu k e-mobilit\u011b. Jej\u00ed produkty se vyzna\u010duj\u00ed v\u00fdjime\u010dn\u00fdm designem, \u0161pi\u010dkovou technologii a z\u00e1vazkem k trval\u00e9 udr\u017eitelnosti. T\u011b\u0161\u00edm se, \u017ee budu sou\u010d\u00e1st\u00ed t\u00fdmu, kter\u00fd p\u0159etv\u00e1\u0159\u00ed budoucnost mobility,&#8220; \u0159ekl ke sv\u00e9mu jmenov\u00e1n\u00ed Radek Mal\u00fd.<\/p>\n<div class=\"text\">\n<p>Mal\u00fd (48 let) je \u017eenat\u00fd a m\u00e1 jedno d\u00edt\u011b. Aktivn\u011b se zaj\u00edm\u00e1 o automobilov\u00fd pr\u016fmysl a nov\u00e9 trendy. Mezi jeho kon\u00ed\u010dky pat\u0159\u00ed v\u010dela\u0159en\u00ed a cestov\u00e1n\u00ed.<\/p>\n<p><img loading=\"lazy\" decoding=\"async\" class=\"alignnone size-full wp-image-106525\" src=\"http:\/\/www.automakersnews.cz\/wp-content\/uploads\/2023\/09\/Kia_Radek-Maly_12-e1695195266391.jpg\" alt=\"\" width=\"500\" height=\"750\" srcset=\"https:\/\/www.automakersnews.cz\/wp-content\/uploads\/2023\/09\/Kia_Radek-Maly_12-e1695195266391.jpg 500w, https:\/\/www.automakersnews.cz\/wp-content\/uploads\/2023\/09\/Kia_Radek-Maly_12-e1695195266391-200x300.jpg 200w\" sizes=\"auto, (max-width: 500px) 100vw, 500px\" \/><\/p>\n<\/div>\n","protected":false},"excerpt":{"rendered":"<div class=\"mh-excerpt\"><p>Na pozici Vedouc\u00ed obchodn\u00edho odd\u011blen\u00ed spole\u010dnosti Kia Czech nastoupil s \u00fa\u010dinnost\u00ed od 18. z\u00e1\u0159\u00ed 2023 Radek Mal\u00fd. Na t\u00e9to pozici nahradil Martina Kr\u00e1l\u00ed\u010dka, kter\u00fd po <a class=\"mh-excerpt-more\" href=\"https:\/\/www.automakersnews.cz\/index.php\/2023\/09\/20\/kia-czech-s-novym-sefem-obchodu\/\" title=\"Kia Czech s nov\u00fdm \u0161\u00e9fem obchodu\">[&#8230;]<\/a><\/p>\n<\/div>","protected":false},"author":1,"featured_media":106524,"comment_status":"open","ping_status":"open","sticky":false,"template":"","format":"standard","meta":{"footnotes":""},"categories":[52,3],"tags":[],"class_list":["post-106522","post","type-post","status-publish","format-standard","has-post-thumbnail","hentry","category-kariera","category-personalie"],"_links":{"self":[{"href":"https:\/\/www.automakersnews.cz\/index.php\/wp-json\/wp\/v2\/posts\/106522","targetHints":{"allow":["GET"]}}],"collection":[{"href":"https:\/\/www.automakersnews.cz\/index.php\/wp-json\/wp\/v2\/posts"}],"about":[{"href":"https:\/\/www.automakersnews.cz\/index.php\/wp-json\/wp\/v2\/types\/post"}],"author":[{"embeddable":true,"href":"https:\/\/www.automakersnews.cz\/index.php\/wp-json\/wp\/v2\/users\/1"}],"replies":[{"embeddable":true,"href":"https:\/\/www.automakersnews.cz\/index.php\/wp-json\/wp\/v2\/comments?post=106522"}],"version-history":[{"count":0,"href":"https:\/\/www.automakersnews.cz\/index.php\/wp-json\/wp\/v2\/posts\/106522\/revisions"}],"wp:featuredmedia":[{"embeddable":true,"href":"https:\/\/www.automakersnews.cz\/index.php\/wp-json\/wp\/v2\/media\/106524"}],"wp:attachment":[{"href":"https:\/\/www.automakersnews.cz\/index.php\/wp-json\/wp\/v2\/media?parent=106522"}],"wp:term":[{"taxonomy":"category","embeddable":true,"href":"https:\/\/www.automakersnews.cz\/index.php\/wp-json\/wp\/v2\/categories?post=106522"},{"taxonomy":"post_tag","embeddable":true,"href":"https:\/\/www.automakersnews.cz\/index.php\/wp-json\/wp\/v2\/tags?post=106522"}],"curies":[{"name":"wp","href":"https:\/\/api.w.org\/{rel}","templated":true}]}}