{"id":106648,"date":"2023-09-21T06:17:06","date_gmt":"2023-09-21T06:17:06","guid":{"rendered":"https:\/\/www.automakersnews.cz\/?p=106648"},"modified":"2023-09-21T06:17:06","modified_gmt":"2023-09-21T06:17:06","slug":"flix-a-scania-oznamuji-strategickou-spolupraci","status":"publish","type":"post","link":"https:\/\/www.automakersnews.cz\/index.php\/2023\/09\/21\/flix-a-scania-oznamuji-strategickou-spolupraci\/","title":{"rendered":"Flix a Scania oznamuj\u00ed strategickou spolupr\u00e1ci"},"content":{"rendered":"<p><strong>U p\u0159\u00edle\u017eitosti leto\u0161n\u00edho T\u00fddne mobility uzav\u0159ely Flix a Scania dlouhodobou spolupr\u00e1ci, kter\u00e1 m\u00e1 posunout cestov\u00e1n\u00ed autobusem na dlouh\u00e9 vzd\u00e1lenosti o krok d\u00e1l v oblasti udr\u017eitelnosti. <\/strong><!--more--><\/p>\n<p>Prvn\u00edm spole\u010dn\u00fdm c\u00edlem je <strong>vybavit flotilu autobusov\u00fdch partner\u016f Flix a\u017e 50 nov\u00fdmi vozy na LNG (zkapaln\u011bn\u00fd plyn)<\/strong>. Technologie vyvinut\u00e9, vyr\u00e1b\u011bn\u00e9 a pou\u017e\u00edvan\u00e9 ve spole\u010dnost\u00ed Scania jsou navr\u017eeny tak, aby umo\u017e\u0148ovaly vyu\u017e\u00edvat LNG i Bio-LNG (LBG), a usnadnil se p\u0159echod k nejudr\u017eiteln\u011bj\u0161\u00edmu \u0159e\u0161en\u00ed na plynov\u00fd pohon.<\/p>\n<p>V po\u010d\u00e1te\u010dn\u00ed f\u00e1zi projektu budou autobusy jezdit na r\u016fzn\u00e9 sm\u011bsi bio a fosiln\u00edch paliv. C\u00edlem projektu je postupn\u011b zvy\u0161ovat pod\u00edl Bio-LNG z organick\u00e9ho odpadu a\u017e do chv\u00edle, kdy autobusy pojedou pln\u011b na Bio-LNG, co\u017e <strong>povede k o\u010dek\u00e1van\u00e9 m\u00ed\u0159e sn\u00ed\u017een\u00ed emis\u00ed CO2 v pr\u016fm\u011bru kolem 80 %.<\/strong> To je v souladu s dlouhodob\u00fdm c\u00edlem spole\u010dnosti Flix b\u00fdt uhl\u00edkov\u011b neutr\u00e1ln\u00ed.<\/p>\n<p><strong>O\u010dek\u00e1v\u00e1 se, \u017ee autobusy budou kompletn\u00ed koncem roku 2025.<\/strong><strong> Irizar, glob\u00e1ln\u00ed v\u00fdrobce autobus\u016f a autokar\u016f, integruje Irizar i6s Efficient s podvozkem Scania.<\/strong><\/p>\n<p>Autobusy spole\u010dnosti Scania na bioplyn ji\u017e dok\u00e1zaly v\u00fdrazn\u011b sn\u00ed\u017eit emise CO2 a sn\u00ed\u017eit hluk v porovn\u00e1n\u00ed s ekvivalentn\u00edmi dieselov\u00fdmi motory, p\u0159i\u010dem\u017e se mohou st\u00e1le spol\u00e9hat na jejich v\u00fdkon a to\u010div\u00fd moment. Tyto parametry d\u011blaj\u00ed z bioplynu efektivn\u00ed alternativu pro dopravn\u00ed firmy jezd\u00edc\u00ed na dlouh\u00e9 vzd\u00e1lenosti, kter\u00e9 se sna\u017e\u00ed efektivn\u011b zv\u00fd\u0161it sv\u016fj pod\u00edl na udr\u017eiteln\u00e9 doprav\u011b.<\/p>\n<p><img loading=\"lazy\" decoding=\"async\" class=\"alignnone wp-image-106651\" src=\"http:\/\/www.automakersnews.cz\/wp-content\/uploads\/2023\/09\/500_flixbus-maxthrelfallphoto-13-landscape-sustainability-076-re-300x182.jpg\" alt=\"\" width=\"907\" height=\"550\" srcset=\"https:\/\/www.automakersnews.cz\/wp-content\/uploads\/2023\/09\/500_flixbus-maxthrelfallphoto-13-landscape-sustainability-076-re-300x182.jpg 300w, https:\/\/www.automakersnews.cz\/wp-content\/uploads\/2023\/09\/500_flixbus-maxthrelfallphoto-13-landscape-sustainability-076-re.jpg 500w\" sizes=\"auto, (max-width: 907px) 100vw, 907px\" \/><\/p>\n<p><em>\u201eZm\u011bna klimatu si st\u00e1le<\/em><em> v\u00edce vyb\u00edr\u00e1 svou da\u0148 na planet\u011b a na \u017eivotech lid\u00ed. Jako glob\u00e1ln\u00ed spole\u010dnost zab\u00fdvaj\u00edc\u00ed se technologiemi v oblasti cestov\u00e1n\u00ed jsme si v\u011bdomi sv\u00e9 odpov\u011bdnosti p\u0159i dl\u00e1\u017ed\u011bn\u00ed cesty pro udr\u017eiteln\u011bj\u0161\u00ed budoucnost v komunit\u00e1ch lid\u00ed, kter\u00fdm slou\u017e\u00edme. Jsme proto dychtiv\u00ed vyu\u017e\u00edt ka\u017edou rozumnou p\u0159\u00edle\u017eitost ke sn\u00ed\u017een\u00ed na\u0161\u00ed uhl\u00edkov\u00e9 stopy na \u017eivotn\u00edm prost\u0159ed\u00ed, p\u0159i\u010dem\u017e transformace vozov\u00e9ho parku je pro tento \u00fa\u010del kl\u00ed\u010dov\u00e1. Scania je mimo\u0159\u00e1dn\u011b cenn\u00fdm spojencem pro Flix a na\u0161e autobusov\u00e9 partnery, kte\u0159\u00ed provozuj\u00ed spoje v r\u016fzn\u00fdch zem\u00edch, a jsme r\u00e1di, \u017ee se m\u016f\u017eeme spolehnout na jejich dlouhodob\u00e9 odborn\u00e9 znalosti a know-how, kter\u00e9 p\u0159isp\u011bj\u00ed ke zm\u011bn\u011b p\u0159\u00edstupu k mobilit\u011b na dlouh\u00e9 vzd\u00e1lenosti. \u010casem n\u00e1m to tak\u00e9 pom\u016f\u017ee p\u0159izp\u016fsobit na\u0161i nab\u00eddku rostouc\u00ed popt\u00e1vce ze strany ve\u0159ejnosti, kter\u00e1 je den ode dne st\u00e1le ohledupln\u011bj\u0161\u00ed k \u017eivotn\u00edmu prost\u0159ed\u00ed,\u201c<\/em> uv\u00e1d\u00ed <strong>Fabian Stenger<\/strong>, provozn\u00ed \u0159editel spole\u010dnosti Flix.<\/p>\n<p><em>\u201eNa\u0161\u00ed ambic\u00ed je b\u00fdt pr\u016fkopn\u00edkem v oblasti udr\u017eiteln\u00e9 dopravy a spolupr\u00e1ce s Flixem p\u0159edstavuje v\u00fdznamn\u00fd krok t\u00edmto sm\u011brem. Bioplynov\u00e1 \u0159e\u0161en\u00ed jsou skute\u010dn\u011b cirkul\u00e1rn\u00ed, je mo\u017en\u00e9 je implementovat tady a te\u010f a u\u017e dnes poskytuj\u00ed udr\u017eiteln\u00e9 \u0159e\u0161en\u00ed, kter\u00e9 spl\u0148uje c\u00edle v oblasti klimatu a posiluje spole\u010denskou odpov\u011bdnost. Autobusy LBG\/LNG tak\u00e9 p\u0159edstavuj\u00ed chytrou a rozumnou volbu z hlediska investi\u010dn\u00ed a provozn\u00ed ekonomiky, proto\u017ee nab\u00edz\u00ed \u0159e\u0161en\u00ed dojezdu i energie pro provoz jak\u00e9koli trasy p\u0159i n\u00edzk\u00fdch n\u00e1kladech. Jsme nesm\u00edrn\u011b r\u00e1di, \u017ee spolupracujeme se spole\u010dnost\u00ed Flix, proto\u017ee v\u00edme, \u017ee \u0161irok\u00e1 implementace bioplynov\u00fdch \u0159e\u0161en\u00ed m\u016f\u017ee m\u00edt pozitivn\u00ed dopad nejen na provozovatele autobus\u016f, ale tak\u00e9 na \u00fa\u0159ady a spole\u010dnost jako celek,\u201c <\/em>\u0159\u00edk\u00e1 <strong>Johanna Salomonsson Lind<\/strong>, SVP a Vedouc\u00ed \u0159e\u0161en\u00ed pro p\u0159epravu osob ve spole\u010dnosti Scania.<\/p>\n<p>I kdy\u017e se st\u00e1le v\u00edce zapojuje do boje proti klimatick\u00fdm zm\u011bn\u00e1m t\u00edm, \u017ee vyu\u017e\u00edvaj\u00ed \u010dist\u00e9 zdroje energie, st\u00e1le neexistuje \u017e\u00e1dn\u00e1 technologie, kter\u00e1 by umo\u017enila cestov\u00e1n\u00ed autobusem s nulov\u00fdmi emisemi na dlouh\u00e9 vzd\u00e1lenosti. Proto je pro akt\u00e9ry v tomto odv\u011btv\u00ed st\u00e1le d\u016fle\u017eit\u011bj\u0161\u00ed, aby na\u0161li \u00fa\u010dinn\u00e9 zp\u016fsoby, jak sn\u00ed\u017eit svou CO2 stopu, mezi kter\u00e9 pat\u0159\u00ed i pr\u00e1v\u011b bioplynov\u00e9 technologie.<\/p>\n<p><img loading=\"lazy\" decoding=\"async\" class=\"alignnone wp-image-106649\" src=\"http:\/\/www.automakersnews.cz\/wp-content\/uploads\/2023\/09\/scania_johanna_salomonsson_lind-300x198.png\" alt=\"\" width=\"929\" height=\"613\" srcset=\"https:\/\/www.automakersnews.cz\/wp-content\/uploads\/2023\/09\/scania_johanna_salomonsson_lind-300x198.png 300w, https:\/\/www.automakersnews.cz\/wp-content\/uploads\/2023\/09\/scania_johanna_salomonsson_lind-1024x676.png 1024w, https:\/\/www.automakersnews.cz\/wp-content\/uploads\/2023\/09\/scania_johanna_salomonsson_lind-768x507.png 768w, https:\/\/www.automakersnews.cz\/wp-content\/uploads\/2023\/09\/scania_johanna_salomonsson_lind.png 1190w\" sizes=\"auto, (max-width: 929px) 100vw, 929px\" \/><\/p>\n","protected":false},"excerpt":{"rendered":"<div class=\"mh-excerpt\"><p>U p\u0159\u00edle\u017eitosti leto\u0161n\u00edho T\u00fddne mobility uzav\u0159ely Flix a Scania dlouhodobou spolupr\u00e1ci, kter\u00e1 m\u00e1 posunout cestov\u00e1n\u00ed autobusem na dlouh\u00e9 vzd\u00e1lenosti o krok d\u00e1l v oblasti udr\u017eitelnosti.<\/p>\n<\/div>","protected":false},"author":4,"featured_media":106650,"comment_status":"open","ping_status":"open","sticky":false,"template":"","format":"standard","meta":{"footnotes":""},"categories":[69],"tags":[],"class_list":["post-106648","post","type-post","status-publish","format-standard","has-post-thumbnail","hentry","category-autobusy"],"_links":{"self":[{"href":"https:\/\/www.automakersnews.cz\/index.php\/wp-json\/wp\/v2\/posts\/106648","targetHints":{"allow":["GET"]}}],"collection":[{"href":"https:\/\/www.automakersnews.cz\/index.php\/wp-json\/wp\/v2\/posts"}],"about":[{"href":"https:\/\/www.automakersnews.cz\/index.php\/wp-json\/wp\/v2\/types\/post"}],"author":[{"embeddable":true,"href":"https:\/\/www.automakersnews.cz\/index.php\/wp-json\/wp\/v2\/users\/4"}],"replies":[{"embeddable":true,"href":"https:\/\/www.automakersnews.cz\/index.php\/wp-json\/wp\/v2\/comments?post=106648"}],"version-history":[{"count":0,"href":"https:\/\/www.automakersnews.cz\/index.php\/wp-json\/wp\/v2\/posts\/106648\/revisions"}],"wp:featuredmedia":[{"embeddable":true,"href":"https:\/\/www.automakersnews.cz\/index.php\/wp-json\/wp\/v2\/media\/106650"}],"wp:attachment":[{"href":"https:\/\/www.automakersnews.cz\/index.php\/wp-json\/wp\/v2\/media?parent=106648"}],"wp:term":[{"taxonomy":"category","embeddable":true,"href":"https:\/\/www.automakersnews.cz\/index.php\/wp-json\/wp\/v2\/categories?post=106648"},{"taxonomy":"post_tag","embeddable":true,"href":"https:\/\/www.automakersnews.cz\/index.php\/wp-json\/wp\/v2\/tags?post=106648"}],"curies":[{"name":"wp","href":"https:\/\/api.w.org\/{rel}","templated":true}]}}