{"id":10665,"date":"2022-12-23T09:00:15","date_gmt":"2022-12-23T09:00:15","guid":{"rendered":"https:\/\/www.automakersnews.cz\/?p=10665"},"modified":"2022-12-23T09:00:15","modified_gmt":"2022-12-23T09:00:15","slug":"nemecko-omezi-podporu-elektromobilu","status":"publish","type":"post","link":"https:\/\/www.automakersnews.cz\/index.php\/2022\/12\/23\/nemecko-omezi-podporu-elektromobilu\/","title":{"rendered":"N\u011bmecko omez\u00ed podporu elektromobil\u016f"},"content":{"rendered":"<p class=\"c_a7 f_eh\" data-dot=\"ogm-article-perex\"><strong>N\u011bmecko od ledna v\u00fdrazn\u011b omez\u00ed podporu n\u00e1kupu elektrick\u00fdch voz\u016f. Nov\u011b na ni dos\u00e1hnou jen ti, kte\u0159\u00ed si koup\u00ed \u010dist\u011b elektrick\u00fd automobil, na vozy s hybridn\u00edm motorem, v\u010detn\u011b plug-in hybrid\u016f, se ji\u017e bonusy vztahovat nebudou. S dal\u0161\u00edm sn\u00ed\u017een\u00edm dotace se po\u010d\u00edt\u00e1 od ledna 2024.<\/strong><!--more--><\/p>\n<div class=\"f_ei\">\n<div class=\"ogm-main-media__container\" data-dot=\"ogm-main-media\" data-e2e=\"ogm-main-media\">\n<figure class=\"e_a3\" aria-label=\"Galerie Ilustra\u010dn\u00ed foto\" data-dot=\"mol-figure\" data-dot-data=\"{&quot;mediaItemType&quot;:&quot;foto&quot;}\">\n<div class=\"c_P e_bC\">\n<div class=\"c_Q\" tabindex=\"0\">\n<div class=\"c_ac c_d c_h\">\n<div class=\"atm-sizer\"><\/div>\n<p><img decoding=\"async\" class=\"c_j c_e\" src=\"https:\/\/d15-a.sdn.cz\/d_15\/c_img_QM_m\/Cnyt4.jpeg?fl=cro,0,133,1280,720%7Cres,1200,,1%7Cwebp,75\" sizes=\"(max-width: 850px) 100vw, 678px\" srcset=\"\/\/d15-a.sdn.cz\/d_15\/c_img_QM_m\/Cnyt4.jpeg?fl=cro,0,133,1280,720%7Cres,320,,1%7Cwebp,75 320w, \/\/d15-a.sdn.cz\/d_15\/c_img_QM_m\/Cnyt4.jpeg?fl=cro,0,133,1280,720%7Cres,480,,1%7Cwebp,75 480w, \/\/d15-a.sdn.cz\/d_15\/c_img_QM_m\/Cnyt4.jpeg?fl=cro,0,133,1280,720%7Cres,600,,1%7Cwebp,75 600w, \/\/d15-a.sdn.cz\/d_15\/c_img_QM_m\/Cnyt4.jpeg?fl=cro,0,133,1280,720%7Cres,722,,1%7Cwebp,75 722w, \/\/d15-a.sdn.cz\/d_15\/c_img_QM_m\/Cnyt4.jpeg?fl=cro,0,133,1280,720%7Cres,1024,,1%7Cwebp,75 1024w, \/\/d15-a.sdn.cz\/d_15\/c_img_QM_m\/Cnyt4.jpeg?fl=cro,0,133,1280,720%7Cres,1280,,1%7Cwebp,75 1280w\" \/><\/div>\n<\/div>\n<p class=\"c_a7\"><span class=\"mol-figure__caption-text\">Ilustra\u010dn\u00ed foto<\/span><\/p>\n<\/div>\n<\/figure>\n<\/div>\n<\/div>\n<div class=\"ogm-container _6231b388c0086990921bf42b\">\n<div class=\"f_fu\" data-e2e=\"ogm-article-layout\">\n<article class=\"f_fw\" role=\"article\" aria-labelledby=\"accessibility-article\">\n<div class=\"f_fv\" data-dot=\"ogm-article-content\">\n<div class=\"e_aZ e_bf\">\n<div class=\"e_a7\" data-dot=\"mol-paragraph\">\n<p class=\"c_a7\"><span class=\"c_bU\">Nejvy\u0161\u0161\u00ed p\u0159\u00edsp\u011bvek na elektromobil bude nov\u011b \u010dinit 4500 eur (109 000 K\u010d) m\u00edsto dosavadn\u00edch 6000 eur (145 000 K\u010d). Kl\u00ed\u010dovou podm\u00ednkou je, \u017ee v\u016fz mus\u00ed podle \u010dist\u00e9 cen\u00edkov\u00e9 ceny st\u00e1t m\u00e9n\u011b ne\u017e 40 000 eur (970 000 K\u010d). N\u00e1rok na podporu maj\u00ed i majitel\u00e9 dra\u017e\u0161\u00edch aut, pokud v\u016fz nestoj\u00ed v\u00edce ne\u017e 65 000 eur. V takov\u00e9m p\u0159\u00edpad\u011b od ledna dostanou 3000 eur (73 000 K\u010d), co\u017e je o 2000 eur (48 000 K\u010d) m\u00e9n\u011b ne\u017e dosud.<\/span><\/p>\n<\/div>\n<div class=\"e_a7\" data-dot=\"mol-paragraph\">\n<p class=\"c_a7\"><span class=\"c_bU\">Zcela ukon\u010dena bude podpora hybridn\u00edch aut. Na jejich n\u00e1kup dosud st\u00e1t vypl\u00e1cel 4500\u00a0eur, pokud jejich \u010dist\u00e1 cen\u00edkov\u00e1 cena nep\u0159ekro\u010dila 40\u00a0000\u00a0eur. U\u00a0dra\u017e\u0161\u00edch hybrid\u016f to bylo 3750\u00a0eur (91\u00a0000\u00a0K\u010d).<\/span><\/p>\n<\/div>\n<div class=\"e_a7\" data-dot=\"mol-paragraph\">\n<p class=\"c_a7\"><span class=\"c_bU\">N\u011bmecko chce v\u00a0budoucnu podporu d\u00e1l postupn\u011b sni\u017eovat. Od ledna 2024\u00a0klesne dotace na 3000\u00a0eur pro vozy do 45\u00a0000\u00a0eur (1,1\u00a0milionu K\u010d). Na n\u00e1kup dra\u017e\u0161\u00edho auta u\u017e majitel\u00e9 pen\u00edze nedostanou. P\u0159ed \u00fapln\u00fdm zru\u0161en\u00edm n\u00e1kupn\u00ed pr\u00e9mie varuje autoklub ADAC. \u201e\u00dapln\u00e9 zru\u0161en\u00ed dotac\u00ed by masivn\u011b ohrozilo rozvoj elektromobility,\u201c prohl\u00e1sil \u0161\u00e9f dopravn\u00ed sekce autoklubu Gerhard Hillebrand.<\/span><\/p>\n<\/div>\n<\/div>\n<\/div>\n<\/article>\n<\/div>\n<\/div>\n<div class=\"e_eM js-ad e_aT\">\n<div class=\"c_ac c_d c_h e_dT e_dU u_hU\">\n<p class=\"c_a7\"><span class=\"c_bU\">Ministerstvo hospod\u00e1\u0159stv\u00ed a ochrany klimatu pl\u00e1nuje na podporu elektromobil\u016f vy\u010dlenit v nadch\u00e1zej\u00edc\u00edm roce 2,1 miliardy eur (51 miliard K\u010d) a v roce 2024 pak 1,3 miliardy eur (31,5 miliardy K\u010d). Jenom na leto\u0161n\u00ed rok p\u0159itom bylo na podporu ur\u010deno asi 3,2 miliardy eur (77,5 miliardy K\u010d).<\/span><\/p>\n<\/div>\n<\/div>\n<div class=\"e_a7\" data-dot=\"mol-paragraph\">\n<p class=\"c_a7\"><span class=\"c_bU\">N\u011bmecko za\u010dalo po\u0159izov\u00e1n\u00ed aut s\u00a0elektrick\u00fdm pohonem zv\u00fdhod\u0148ovat v\u00a0roce 2016.\u00a0Od t\u00e9 doby st\u00e1t podle dnes zve\u0159ejn\u011bn\u00e9 statistiky Spolkov\u00e9ho \u00fa\u0159adu pro hospod\u00e1\u0159stv\u00ed a\u00a0kontrolu v\u00fdvozu (BAFA) podpo\u0159il p\u0159es 1,6\u00a0milionu vozidel, z\u00a0nich\u017e asi 930\u00a0000\u00a0bylo \u010dist\u011b elektrick\u00fdch aut a\u00a0p\u0159es 700\u00a0000\u00a0hybrid\u016f. Podporu z\u00edskalo tak\u00e9 asi 360\u00a0aut na vod\u00edkov\u00fd pohon, kter\u00fd ale v\u00a0N\u011bmecku nen\u00ed zat\u00edm roz\u0161\u00ed\u0159en\u00fd.<\/span><\/p>\n<\/div>\n","protected":false},"excerpt":{"rendered":"<div class=\"mh-excerpt\"><p>N\u011bmecko od ledna v\u00fdrazn\u011b omez\u00ed podporu n\u00e1kupu elektrick\u00fdch voz\u016f. Nov\u011b na ni dos\u00e1hnou jen ti, kte\u0159\u00ed si koup\u00ed \u010dist\u011b elektrick\u00fd automobil, na vozy s hybridn\u00edm <a class=\"mh-excerpt-more\" href=\"https:\/\/www.automakersnews.cz\/index.php\/2022\/12\/23\/nemecko-omezi-podporu-elektromobilu\/\" title=\"N\u011bmecko omez\u00ed podporu elektromobil\u016f\">[&#8230;]<\/a><\/p>\n<\/div>","protected":false},"author":1,"featured_media":338,"comment_status":"open","ping_status":"open","sticky":false,"template":"","format":"standard","meta":{"footnotes":""},"categories":[22],"tags":[],"class_list":["post-10665","post","type-post","status-publish","format-standard","has-post-thumbnail","hentry","category-elektromobily"],"_links":{"self":[{"href":"https:\/\/www.automakersnews.cz\/index.php\/wp-json\/wp\/v2\/posts\/10665","targetHints":{"allow":["GET"]}}],"collection":[{"href":"https:\/\/www.automakersnews.cz\/index.php\/wp-json\/wp\/v2\/posts"}],"about":[{"href":"https:\/\/www.automakersnews.cz\/index.php\/wp-json\/wp\/v2\/types\/post"}],"author":[{"embeddable":true,"href":"https:\/\/www.automakersnews.cz\/index.php\/wp-json\/wp\/v2\/users\/1"}],"replies":[{"embeddable":true,"href":"https:\/\/www.automakersnews.cz\/index.php\/wp-json\/wp\/v2\/comments?post=10665"}],"version-history":[{"count":0,"href":"https:\/\/www.automakersnews.cz\/index.php\/wp-json\/wp\/v2\/posts\/10665\/revisions"}],"wp:featuredmedia":[{"embeddable":true,"href":"https:\/\/www.automakersnews.cz\/index.php\/wp-json\/wp\/v2\/media\/338"}],"wp:attachment":[{"href":"https:\/\/www.automakersnews.cz\/index.php\/wp-json\/wp\/v2\/media?parent=10665"}],"wp:term":[{"taxonomy":"category","embeddable":true,"href":"https:\/\/www.automakersnews.cz\/index.php\/wp-json\/wp\/v2\/categories?post=10665"},{"taxonomy":"post_tag","embeddable":true,"href":"https:\/\/www.automakersnews.cz\/index.php\/wp-json\/wp\/v2\/tags?post=10665"}],"curies":[{"name":"wp","href":"https:\/\/api.w.org\/{rel}","templated":true}]}}