{"id":10667,"date":"2022-12-23T09:10:51","date_gmt":"2022-12-23T09:10:51","guid":{"rendered":"https:\/\/www.automakersnews.cz\/?p=10667"},"modified":"2022-12-23T09:17:06","modified_gmt":"2022-12-23T09:17:06","slug":"motonovinari-zakoncili-sezonu-na-proseku","status":"publish","type":"post","link":"https:\/\/www.automakersnews.cz\/index.php\/2022\/12\/23\/motonovinari-zakoncili-sezonu-na-proseku\/","title":{"rendered":"Motonovin\u00e1\u0159i zakon\u010dili sez\u00f3nu na Proseku"},"content":{"rendered":"<p><strong>Motoristi\u010dt\u00ed novin\u00e1\u0159i letos tradi\u010dn\u011b zakon\u010dili sez\u00f3nu na pra\u017esk\u00e9m Proseku ve \u0161kolic\u00edm centru Renaultu. <\/strong><span id=\"more-147040\"><\/span><strong>Mluv\u010d\u00ed zna\u010dky Jitka Skali\u010dkov\u00e1 pro n\u011b 22. prosince nava\u0159ila francouzskou Boullabaisu a nab\u00eddla i v\u00e1no\u010dn\u00edho kapra.<\/strong><!--more--><\/p>\n<p>\u201cAkce se konala pot\u0159et\u00ed, nav\u00e1zala na p\u0159edchoz\u00ed dv\u011b p\u0159edv\u00e1no\u010dn\u00ed setk\u00e1n\u00ed, kter\u00e9 jsme v dob\u011b koronaviru po\u0159\u00e1dali po mal\u00fdch skupink\u00e1ch v pr\u016fb\u011bhu cel\u00e9ho dne. Tak\u00e9 letos jsme ud\u011blali maximum jak pro pohodovou atmosf\u00e9ru, tak pro spln\u011bn\u00ed hygienick\u00fdch p\u0159edpis\u016f,\u201d p\u0159ibl\u00ed\u017eila Skali\u010dkov\u00e1 organizaci akce.<\/p>\n<p><img loading=\"lazy\" decoding=\"async\" class=\"alignnone size-medium wp-image-10670\" src=\"http:\/\/www.automakersnews.cz\/wp-content\/uploads\/2022\/12\/Renault-polevka-Boullabise-hrnec-e1671786688796-300x225.jpg\" alt=\"\" width=\"300\" height=\"225\" srcset=\"https:\/\/www.automakersnews.cz\/wp-content\/uploads\/2022\/12\/Renault-polevka-Boullabise-hrnec-e1671786688796-300x225.jpg 300w, https:\/\/www.automakersnews.cz\/wp-content\/uploads\/2022\/12\/Renault-polevka-Boullabise-hrnec-e1671786688796-326x245.jpg 326w, https:\/\/www.automakersnews.cz\/wp-content\/uploads\/2022\/12\/Renault-polevka-Boullabise-hrnec-e1671786688796-80x60.jpg 80w, https:\/\/www.automakersnews.cz\/wp-content\/uploads\/2022\/12\/Renault-polevka-Boullabise-hrnec-e1671786688796.jpg 500w\" sizes=\"auto, (max-width: 300px) 100vw, 300px\" \/><\/p>\n<p>\u00da\u010dastn\u00edci akce zhodnotili leto\u0161n\u00ed sez\u00f3nu a zajedli ji francouzskou Bouillabaisse (tradi\u010dn\u00ed provens\u00e1lsk\u00e1 ryb\u00ed pol\u00e9vka, p\u016fvodem z p\u0159\u00edstavu m\u011bsta Marseille).<\/p>\n<p>&nbsp;<\/p>\n","protected":false},"excerpt":{"rendered":"<div class=\"mh-excerpt\"><p>Motoristi\u010dt\u00ed novin\u00e1\u0159i letos tradi\u010dn\u011b zakon\u010dili sez\u00f3nu na pra\u017esk\u00e9m Proseku ve \u0161kolic\u00edm centru Renaultu. Mluv\u010d\u00ed zna\u010dky Jitka Skali\u010dkov\u00e1 pro n\u011b 22. prosince nava\u0159ila francouzskou Boullabaisu a <a class=\"mh-excerpt-more\" href=\"https:\/\/www.automakersnews.cz\/index.php\/2022\/12\/23\/motonovinari-zakoncili-sezonu-na-proseku\/\" title=\"Motonovin\u00e1\u0159i zakon\u010dili sez\u00f3nu na Proseku\">[&#8230;]<\/a><\/p>\n<\/div>","protected":false},"author":1,"featured_media":10668,"comment_status":"open","ping_status":"open","sticky":false,"template":"","format":"standard","meta":{"footnotes":""},"categories":[27],"tags":[],"class_list":["post-10667","post","type-post","status-publish","format-standard","has-post-thumbnail","hentry","category-media"],"_links":{"self":[{"href":"https:\/\/www.automakersnews.cz\/index.php\/wp-json\/wp\/v2\/posts\/10667","targetHints":{"allow":["GET"]}}],"collection":[{"href":"https:\/\/www.automakersnews.cz\/index.php\/wp-json\/wp\/v2\/posts"}],"about":[{"href":"https:\/\/www.automakersnews.cz\/index.php\/wp-json\/wp\/v2\/types\/post"}],"author":[{"embeddable":true,"href":"https:\/\/www.automakersnews.cz\/index.php\/wp-json\/wp\/v2\/users\/1"}],"replies":[{"embeddable":true,"href":"https:\/\/www.automakersnews.cz\/index.php\/wp-json\/wp\/v2\/comments?post=10667"}],"version-history":[{"count":0,"href":"https:\/\/www.automakersnews.cz\/index.php\/wp-json\/wp\/v2\/posts\/10667\/revisions"}],"wp:featuredmedia":[{"embeddable":true,"href":"https:\/\/www.automakersnews.cz\/index.php\/wp-json\/wp\/v2\/media\/10668"}],"wp:attachment":[{"href":"https:\/\/www.automakersnews.cz\/index.php\/wp-json\/wp\/v2\/media?parent=10667"}],"wp:term":[{"taxonomy":"category","embeddable":true,"href":"https:\/\/www.automakersnews.cz\/index.php\/wp-json\/wp\/v2\/categories?post=10667"},{"taxonomy":"post_tag","embeddable":true,"href":"https:\/\/www.automakersnews.cz\/index.php\/wp-json\/wp\/v2\/tags?post=10667"}],"curies":[{"name":"wp","href":"https:\/\/api.w.org\/{rel}","templated":true}]}}