{"id":107082,"date":"2023-09-21T06:22:01","date_gmt":"2023-09-21T06:22:01","guid":{"rendered":"https:\/\/www.automakersnews.cz\/?p=107082"},"modified":"2023-09-22T07:15:54","modified_gmt":"2023-09-22T07:15:54","slug":"rafaj-hovoril-s-ceskym-autoprumyslem","status":"publish","type":"post","link":"https:\/\/www.automakersnews.cz\/index.php\/2023\/09\/21\/rafaj-hovoril-s-ceskym-autoprumyslem\/","title":{"rendered":"\u010cesk\u00fd autopr\u016fmysl v Barum Continental"},"content":{"rendered":"<div class=\"excerpt mb-4 mt-4 lead\">\n<p><strong>Dlouho byste v\u00a0tomto vyd\u00e1n\u00ed \u010cesk\u00e9ho autopr\u016fmyslu hledali text, kter\u00fd by n\u011bjak\u00fdm zp\u016fsobem nezmi\u0148oval elektromobilitu. Nen\u00ed to t\u00edm, \u017ee bychom z\u00e1m\u011brn\u011b vyb\u00edrali \ufb01rmy a\u00a0t\u00e9mata, kter\u00e1 se tohoto fenom\u00e9nu t\u00fdkaj\u00ed. Tak to prost\u011b je.<\/strong><\/p>\n<p>P\u0159echod na alternativn\u00ed pohony, p\u0159edev\u0161\u00edm bateriov\u00e9, nezam\u011bstn\u00e1v\u00e1 jen \ufb01n\u00e1ln\u00ed v\u00fdrobce, ale v\u00a0nemen\u0161\u00ed m\u00ed\u0159e i\u00a0jejich dodavatele.<\/p>\n<p>Z\u016fstaneme\u2011li jen u\u00a0text\u016f v\u00a0tomto vyd\u00e1n\u00ed: Continental Barum dod\u00e1v\u00e1 pneumatiky mimo jin\u00e9 jako prvn\u00ed v\u00fdbavu pro Teslu, Strojmetal reaguje na popt\u00e1vku po v\u011bt\u0161\u00edch a\u00a0stabiln\u011bj\u0161\u00edch podvozkov\u00fdch d\u00edlech a\u00a0nov\u00fd projekt pro elektromobily m\u00e1 tak\u00e9 MOTOR JIKOV Group, respektive jeho divize Sl\u00e9v\u00e1rna.<\/p>\n<\/div>\n<p><!--more--><\/p>\n<p>Transformace automobilov\u00e9ho pr\u016fmyslu sm\u011brem k\u00a0elektromobilit\u011b je tak\u00e9 jedn\u00edm z\u00a0t\u00e9mat rozhovoru s\u00a0prezidentem Svazu pr\u016fmyslu a\u00a0dopravy \u010cR Janem Rafajem, kter\u00fd \u0159\u00edk\u00e1, \u017ee se o\u00a0budoucnost sektoru automotive neboj\u00ed. Baterie z\u00a0elektromobil\u016f a\u00a0akumulace v\u016fbec je velk\u00e9 t\u00e9ma i\u00a0pro Kamila \u010cerm\u00e1ka, gener\u00e1ln\u00edho \u0159editele \u010cEZ ESCO.<\/p>\n<p>Nov\u00e9 trendy v\u010detn\u011b podm\u00ednek pro rozvoj elektromobility se skr\u00fdvaj\u00ed i\u00a0za velk\u00fdm materi\u00e1lem o\u00a0investi\u010dn\u00edch pob\u00eddk\u00e1ch, ve kter\u00e9m experti z\u00a0poradensk\u00fdch \ufb01rem vyjad\u0159uj\u00ed sv\u00e9 obavy z\u00a0netransparentnosti rozhodov\u00e1n\u00ed o\u00a0nich. P\u0159itom, jak v\u00edme, bez v\u00fdrazn\u00e9 podpory neum\u00edst\u00ed v\u00fdrobu bateri\u00ed nebo \u010dip\u016f v\u00a0\u010cR \u017e\u00e1dn\u00fd v\u00fdznamn\u00fd investor.<\/p>\n<p>S\u00a0elektromobilitou souvis\u00ed tak\u00e9 dal\u0161\u00ed komplexn\u00ed materi\u00e1l tohoto \u010d\u00edsla, kter\u00fd se v\u011bnuje \u010c\u00edn\u011b. Pod\u00edl \u010d\u00ednsk\u00fdch voz\u016f s\u00a0\u010dist\u011b elektrick\u00fdm pohonem se dnes pohybuje v\u00a0Evrop\u011b pod p\u011bti procenty, ale v\u0161echno nasv\u011bd\u010duje tomu, \u017ee rychle poroste.<\/p>\n<p>Nejen Jan Rafaj vol\u00e1 po ochran\u011b trhu p\u0159ed \u010d\u00ednsk\u00fdmi dovozy. Pova\u017euje za nutn\u00e9 zabr\u00e1nit tomu, aby se do Evropy dov\u00e1\u017eely automobily, kter\u00e9 neodpov\u00eddaj\u00ed \u201ezelen\u00e9 transformaci\u201c. Jen\u017ee s\u00a0evropskou ochranou trhu je to slo\u017eit\u00e9. Zat\u00edmco Francouzi tla\u010d\u00ed na Evropskou komisi, aby uvalila cla na \u201enespravedliv\u011b\u201c levn\u00e1 \u010d\u00ednsk\u00e1 vozidla, N\u011bmci, kte\u0159\u00ed maj\u00ed v\u00a0\u010c\u00edn\u011b oproti Francouz\u016fm podstatn\u011b vy\u0161\u0161\u00ed anga\u017eovanost, se podobn\u00e9ho kroku ob\u00e1vaj\u00ed. V\u00a0odvet\u011b by toti\u017e mohly n\u011bmeck\u00e9 automobilky p\u0159ij\u00edt o\u00a0pod\u00edl na \u010d\u00ednsk\u00e9m trhu, kter\u00fd se i\u00a0tak sni\u017euje. Bude to je\u0161t\u011b drama. A\u00a0dlu\u017eno dodat, \u017ee ve vztahu k\u00a0\u010c\u00edn\u011b budou elektromobily jen jednou ze sou\u010d\u00e1st\u00ed p\u0159\u00edb\u011bhu.<\/p>\n<p>Ale popravd\u011b \u0159e\u010deno, toto \u010d\u00edslo nen\u00ed jen o\u00a0elektromobilit\u011b. Najdete tady i\u00a0mnoho dal\u0161\u00edch informac\u00ed, nap\u0159\u00edklad o\u00a0Rakousku jako o\u00a0automobilov\u00e9 velmoci. Jeden z\u00a0m\u00e1la text\u016f, kter\u00fd elektromobilitu v\u016fbec nezmi\u0148uje, je o\u00a0\u00fa\u010dasti Tom\u00e1\u0161e Ou\u0159edn\u00ed\u010dka v\u00a0nadch\u00e1zej\u00edc\u00edm z\u00e1vod\u011b Rally Dakar. Pojede s\u00a0vozem Toyota Hilux GR T1+, jeho\u017e srdcem je p\u011btilitrov\u00fd motor V8 o\u00a0v\u00fdkonu 400 kon\u00ed. Ale i\u00a0Dakar podl\u00e9h\u00e1 trend\u016fm. Zat\u00edm jen tak polovi\u010dat\u011b, kdy\u017e z\u00e1vodn\u00ed Audi e\u2011tron loni sice poh\u00e1n\u011bla baterie, ale energii pro ni vyr\u00e1b\u011bl na palub\u011b um\u00edst\u011bn\u00fd spalovac\u00ed motor.<\/p>\n","protected":false},"excerpt":{"rendered":"<div class=\"mh-excerpt\"><p>Dlouho byste v\u00a0tomto vyd\u00e1n\u00ed \u010cesk\u00e9ho autopr\u016fmyslu hledali text, kter\u00fd by n\u011bjak\u00fdm zp\u016fsobem nezmi\u0148oval elektromobilitu. Nen\u00ed to t\u00edm, \u017ee bychom z\u00e1m\u011brn\u011b vyb\u00edrali \ufb01rmy a\u00a0t\u00e9mata, kter\u00e1 se <a class=\"mh-excerpt-more\" href=\"https:\/\/www.automakersnews.cz\/index.php\/2023\/09\/21\/rafaj-hovoril-s-ceskym-autoprumyslem\/\" title=\"\u010cesk\u00fd autopr\u016fmysl v Barum Continental\">[&#8230;]<\/a><\/p>\n<\/div>","protected":false},"author":1,"featured_media":107083,"comment_status":"open","ping_status":"open","sticky":false,"template":"","format":"standard","meta":{"footnotes":""},"categories":[27],"tags":[],"class_list":["post-107082","post","type-post","status-publish","format-standard","has-post-thumbnail","hentry","category-media"],"_links":{"self":[{"href":"https:\/\/www.automakersnews.cz\/index.php\/wp-json\/wp\/v2\/posts\/107082","targetHints":{"allow":["GET"]}}],"collection":[{"href":"https:\/\/www.automakersnews.cz\/index.php\/wp-json\/wp\/v2\/posts"}],"about":[{"href":"https:\/\/www.automakersnews.cz\/index.php\/wp-json\/wp\/v2\/types\/post"}],"author":[{"embeddable":true,"href":"https:\/\/www.automakersnews.cz\/index.php\/wp-json\/wp\/v2\/users\/1"}],"replies":[{"embeddable":true,"href":"https:\/\/www.automakersnews.cz\/index.php\/wp-json\/wp\/v2\/comments?post=107082"}],"version-history":[{"count":0,"href":"https:\/\/www.automakersnews.cz\/index.php\/wp-json\/wp\/v2\/posts\/107082\/revisions"}],"wp:featuredmedia":[{"embeddable":true,"href":"https:\/\/www.automakersnews.cz\/index.php\/wp-json\/wp\/v2\/media\/107083"}],"wp:attachment":[{"href":"https:\/\/www.automakersnews.cz\/index.php\/wp-json\/wp\/v2\/media?parent=107082"}],"wp:term":[{"taxonomy":"category","embeddable":true,"href":"https:\/\/www.automakersnews.cz\/index.php\/wp-json\/wp\/v2\/categories?post=107082"},{"taxonomy":"post_tag","embeddable":true,"href":"https:\/\/www.automakersnews.cz\/index.php\/wp-json\/wp\/v2\/tags?post=107082"}],"curies":[{"name":"wp","href":"https:\/\/api.w.org\/{rel}","templated":true}]}}