{"id":107173,"date":"2023-09-21T10:10:23","date_gmt":"2023-09-21T10:10:23","guid":{"rendered":"https:\/\/www.automakersnews.cz\/?p=107173"},"modified":"2023-09-21T10:14:12","modified_gmt":"2023-09-21T10:14:12","slug":"omv-otevrela-prvni-viva-billa-obchod","status":"publish","type":"post","link":"https:\/\/www.automakersnews.cz\/index.php\/2023\/09\/21\/omv-otevrela-prvni-viva-billa-obchod\/","title":{"rendered":"OMV otev\u0159ela prvn\u00ed VIVA BILLA obchod"},"content":{"rendered":"<p><strong>Mana\u017ee\u0159i s\u00edt\u011b \u010derpa\u010dek OMV a \u0159et\u011bzce BILLA p\u0159edstavili 21. z\u00e1\u0159\u00ed novin\u00e1\u0159\u016fm nov\u00fd prodejn\u00ed kan\u00e1l pro \u010derstv\u00e9 potraviny \u2013 obchody VIVA BILLA. Prvn\u00ed otev\u0159eli oba partne\u0159i na \u010derpac\u00ed stanici \u201eStrakonick\u00e1\u201c u pra\u017esk\u00e9 Chuchle, do konce leto\u0161n\u00edho roku p\u0159ibydou v\u202f\u010cesku dal\u0161\u00ed t\u0159i.<\/strong><!--more--><\/p>\n<p>\u010cerpac\u00ed stanice OMV s\u202fVIVA BILLA obchodem v\u00edt\u00e1 z\u00e1kazn\u00edky v kompletn\u011b nov\u00e9m a jasn\u011b rozpoznateln\u00e9m stylu v\u010detn\u011b speci\u00e1ln\u011b navr\u017een\u00e9ho loga na totemu.<\/p>\n<p><img loading=\"lazy\" decoding=\"async\" class=\"alignnone size-large wp-image-107177\" src=\"http:\/\/www.automakersnews.cz\/wp-content\/uploads\/2023\/09\/OMV_Billa_1-1024x682.jpg\" alt=\"\" width=\"1024\" height=\"682\" \/><\/p>\n<p>Prodejn\u00ed plochu roz\u0161i\u0159uje velk\u00fd chladic\u00ed \u201eostrov\u201c s\u202fnab\u00eddkou \u010derstv\u00fdch potravin zejm\u00e9na od \u010desk\u00fdch dodavatel\u016f. Sortiment obchodu zahrnuje osv\u011bd\u010den\u00e9 polo\u017eky ze st\u00e1l\u00e9 nab\u00eddky \u0159et\u011bzce BILLA, v\u010detn\u011b \u010derstv\u00e9ho ovoce, zeleniny, uzenin, s\u00fdr\u016f \u010di n\u00e1poj\u016f, k\u0159upav\u00e9ho pe\u010diva i drogerie. Sou\u010d\u00e1st\u00ed nov\u00e9ho designu obchodu na \u010derpac\u00edch stanic\u00edch je i roz\u0161\u00ed\u0159en\u00ed vyu\u017eit\u00ed modern\u00edch technologi\u00ed.\u00a0 Dosavadn\u00ed plochy s ti\u0161t\u011bn\u00fdmi informa\u010dn\u00edmi materi\u00e1ly byly dopln\u011bny digit\u00e1ln\u00edmi obrazovkami.<\/p>\n<p>V nab\u00eddce VIVA BILLA z\u00e1kazn\u00edci naleznou na 1 100 polo\u017eek v\u010detn\u011b priv\u00e1tn\u00edch zna\u010dek obchodn\u00edho \u0159et\u011bzce. Potravinami bude BILLA \u010derpac\u00ed stanice OMV zav\u00e1\u017eet 3x t\u00fddn\u011b, a to p\u0159\u00edmo z centr\u00e1ln\u00edho skladu v Modletic\u00edch u Prahy. K objedn\u00e1n\u00ed zbo\u017e\u00ed vyu\u017eije OMV st\u00e1vaj\u00edc\u00ed syst\u00e9my ve vlastnictv\u00ed BILLA, do budoucna je stanice napoj\u00ed na syst\u00e9m EDI.<\/p>\n<p>\u201eKvalitn\u00ed a \u010derstv\u00e9 potraviny z\u00e1kazn\u00edci po\u017eaduj\u00ed jako standard, a to kdekoliv je nakupuj\u00ed. Nyn\u00ed spole\u010dn\u011b p\u0159in\u00e1\u0161\u00edme tento standard i na \u010derpac\u00ed stanice OMV, kde si z\u00e1kazn\u00edci snadno a rychle po\u0159\u00edd\u00ed sv\u016fj ka\u017edodenn\u00ed n\u00e1kup jako kdyby zav\u00edtali do jak\u00e9koliv z\u202fna\u0161ich prodejen. A\u0165 u\u017e jsou na cest\u00e1ch, jedou z\u202fpr\u00e1ce dom\u016f, s\u202frodinou na v\u00fdlet, mohou nakoupit \u010derstv\u00e9 a kvalitn\u00ed potraviny,\u201c \u0159\u00edk\u00e1 Liam Casey, gener\u00e1ln\u00ed \u0159editel BILLA \u010cR. \u201eVIVA BILLA je pro z\u00e1kazn\u00edky z\u00e1rukou kvality a pro n\u00e1s velk\u00fdm z\u00e1vazkem v\u202fnapl\u0148ov\u00e1n\u00ed jejich o\u010dek\u00e1v\u00e1n\u00ed\u201c.<\/p>\n<p><img loading=\"lazy\" decoding=\"async\" class=\"alignnone size-large wp-image-107175\" src=\"http:\/\/www.automakersnews.cz\/wp-content\/uploads\/2023\/09\/OMV-Billa-paska-Viva-1024x768.jpg\" alt=\"\" width=\"1024\" height=\"768\" srcset=\"https:\/\/www.automakersnews.cz\/wp-content\/uploads\/2023\/09\/OMV-Billa-paska-Viva-1024x768.jpg 1024w, https:\/\/www.automakersnews.cz\/wp-content\/uploads\/2023\/09\/OMV-Billa-paska-Viva-300x225.jpg 300w, https:\/\/www.automakersnews.cz\/wp-content\/uploads\/2023\/09\/OMV-Billa-paska-Viva-768x576.jpg 768w, https:\/\/www.automakersnews.cz\/wp-content\/uploads\/2023\/09\/OMV-Billa-paska-Viva-1536x1152.jpg 1536w, https:\/\/www.automakersnews.cz\/wp-content\/uploads\/2023\/09\/OMV-Billa-paska-Viva-678x509.jpg 678w, https:\/\/www.automakersnews.cz\/wp-content\/uploads\/2023\/09\/OMV-Billa-paska-Viva-326x245.jpg 326w, https:\/\/www.automakersnews.cz\/wp-content\/uploads\/2023\/09\/OMV-Billa-paska-Viva-80x60.jpg 80w, https:\/\/www.automakersnews.cz\/wp-content\/uploads\/2023\/09\/OMV-Billa-paska-Viva.jpg 2040w\" sizes=\"auto, (max-width: 1024px) 100vw, 1024px\" \/><\/p>\n<p>Z\u00e1kazn\u00edci \u010derpac\u00edch stanic OMV s obchodem VIVA BILLA naleznou ve st\u00e1l\u00e9 nab\u00eddce i nad\u00e1le kompletn\u00ed sortiment \u017e\u00e1dan\u00fdch a \u010derstv\u011b p\u0159ipravovan\u00fdch sendvi\u010d\u016f a dal\u0161\u00edho ob\u010derstven\u00ed v\u010detn\u011b obl\u00edben\u00e9 fairtrade k\u00e1vy z\u202f\u010derstv\u011b mlet\u00fdch zrn. Interi\u00e9r pak dopln\u00ed nepostradateln\u00e1 relax z\u00f3na pro \u0159idi\u010de na cest\u00e1ch v\u202fduchu konceptu OMV VIVA.<\/p>\n<p>\u201eZast\u00e1vka na \u010derpac\u00ed stanici s\u00a0obchodem VIVA BILLA dost\u00e1v\u00e1 \u00fapln\u011b nov\u00fd rozm\u011br, kter\u00fd jist\u011b uv\u00edt\u00e1 ka\u017ed\u00fd zanepr\u00e1zdn\u011bn\u00fd \u0159idi\u010d na cest\u00e1ch. Na\u0161\u00edm spole\u010dn\u00fdm c\u00edlem bylo nab\u00eddnout \u0161irok\u00fd a z\u00e1rove\u0148 pe\u010dliv\u011b vybran\u00fd sortiment potravin, kter\u00fd z\u00e1kazn\u00edk\u016fm u\u0161et\u0159\u00ed \u010das. B\u011bhem kr\u00e1tk\u00e9 zast\u00e1vky cestou ze zam\u011bstn\u00e1n\u00ed nebo na v\u00edkend mohou na \u010derpac\u00ed stanici nakoupit v\u0161echny pot\u0159ebn\u00e9 potraviny. D\u00edky precizn\u00edmu n\u00e1vrhu cel\u00e9ho konceptu jsme nebyli p\u0159i v\u00fdb\u011bru sortimentu do VIVA BILLA obchodu ni\u010d\u00edm omezeni a rozhodli jsme se vsadit p\u0159edev\u0161\u00edm na \u010derstvost, na kter\u00e9 stav\u00ed i n\u00e1\u0161 celkov\u00fd VIVA koncept. V\u00fdsledkem je komplexn\u00ed nab\u00eddka potravin p\u0159izp\u016fsoben\u00e1 po\u017eadavk\u016fm \u010desk\u00fdch z\u00e1kazn\u00edk\u016f,\u201c komentuje Daniel Vasilache, gener\u00e1ln\u00ed \u0159editel spole\u010dnosti OMV.<\/p>\n<p><strong>Zdroj: Erich Handl, TK OMV Billa, Velk\u00e1 Chuchle<\/strong><\/p>\n<p><img loading=\"lazy\" decoding=\"async\" class=\"alignnone size-large wp-image-107176\" src=\"http:\/\/www.automakersnews.cz\/wp-content\/uploads\/2023\/09\/OMV_Billa_2-1024x682.jpg\" alt=\"\" width=\"1024\" height=\"682\" \/><\/p>\n","protected":false},"excerpt":{"rendered":"<div class=\"mh-excerpt\"><p>Mana\u017ee\u0159i s\u00edt\u011b \u010derpa\u010dek OMV a \u0159et\u011bzce BILLA p\u0159edstavili 21. z\u00e1\u0159\u00ed novin\u00e1\u0159\u016fm nov\u00fd prodejn\u00ed kan\u00e1l pro \u010derstv\u00e9 potraviny \u2013 obchody VIVA BILLA. Prvn\u00ed otev\u0159eli oba partne\u0159i <a class=\"mh-excerpt-more\" href=\"https:\/\/www.automakersnews.cz\/index.php\/2023\/09\/21\/omv-otevrela-prvni-viva-billa-obchod\/\" title=\"OMV otev\u0159ela prvn\u00ed VIVA BILLA obchod\">[&#8230;]<\/a><\/p>\n<\/div>","protected":false},"author":1,"featured_media":107180,"comment_status":"open","ping_status":"open","sticky":false,"template":"","format":"standard","meta":{"footnotes":""},"categories":[35,26],"tags":[],"class_list":["post-107173","post","type-post","status-publish","format-standard","has-post-thumbnail","hentry","category-doprava","category-logistika"],"_links":{"self":[{"href":"https:\/\/www.automakersnews.cz\/index.php\/wp-json\/wp\/v2\/posts\/107173","targetHints":{"allow":["GET"]}}],"collection":[{"href":"https:\/\/www.automakersnews.cz\/index.php\/wp-json\/wp\/v2\/posts"}],"about":[{"href":"https:\/\/www.automakersnews.cz\/index.php\/wp-json\/wp\/v2\/types\/post"}],"author":[{"embeddable":true,"href":"https:\/\/www.automakersnews.cz\/index.php\/wp-json\/wp\/v2\/users\/1"}],"replies":[{"embeddable":true,"href":"https:\/\/www.automakersnews.cz\/index.php\/wp-json\/wp\/v2\/comments?post=107173"}],"version-history":[{"count":0,"href":"https:\/\/www.automakersnews.cz\/index.php\/wp-json\/wp\/v2\/posts\/107173\/revisions"}],"wp:featuredmedia":[{"embeddable":true,"href":"https:\/\/www.automakersnews.cz\/index.php\/wp-json\/wp\/v2\/media\/107180"}],"wp:attachment":[{"href":"https:\/\/www.automakersnews.cz\/index.php\/wp-json\/wp\/v2\/media?parent=107173"}],"wp:term":[{"taxonomy":"category","embeddable":true,"href":"https:\/\/www.automakersnews.cz\/index.php\/wp-json\/wp\/v2\/categories?post=107173"},{"taxonomy":"post_tag","embeddable":true,"href":"https:\/\/www.automakersnews.cz\/index.php\/wp-json\/wp\/v2\/tags?post=107173"}],"curies":[{"name":"wp","href":"https:\/\/api.w.org\/{rel}","templated":true}]}}