{"id":107889,"date":"2023-09-24T20:38:47","date_gmt":"2023-09-24T20:38:47","guid":{"rendered":"https:\/\/www.automakersnews.cz\/?p=107889"},"modified":"2023-09-25T06:40:58","modified_gmt":"2023-09-25T06:40:58","slug":"hecht-nabidl-tri-nove-elektroskutry","status":"publish","type":"post","link":"https:\/\/www.automakersnews.cz\/index.php\/2023\/09\/24\/hecht-nabidl-tri-nove-elektroskutry\/","title":{"rendered":"Hecht nab\u00eddl t\u0159i nov\u00e9 elektrosk\u00fatry"},"content":{"rendered":"<p><strong>Mal\u00e9 sk\u00fatry jsou st\u00e1le popul\u00e1rn\u011bj\u0161\u00ed nejen v m\u011bstsk\u00e9m provozu. T\u0159i novinky pro \u010desk\u00fd trh slibuje zna\u010dka Hecht.<\/strong><!--more--><\/p>\n<p><strong>Hecht Betis: Dynamick\u00fd elektrick\u00fd moped <\/strong><\/p>\n<p>Elektrick\u00fd sk\u00fatr inspirovan\u00fd designem 70. a 80. let. Je pln\u011b homologovan\u00fd pro provoz na pozemn\u00edch komunikac\u00edch. Lze jej \u0159\u00eddit od 15 let. Na jedno nabit\u00ed ujede a\u017e 40 km. Pokud by v\u00fdkon motoru nebo kapacita akumul\u00e1toru nedosta\u010dovaly, je mo\u017en\u00e9 dojezd zv\u00fd\u0161it pomoc\u00ed \u0161lap\u00e1n\u00ed do ped\u00e1l\u016f obdobn\u011b jako na elektrokole. Hecht Betis je v prodeji ve t\u0159ech barevn\u00fdch variant\u00e1ch \u2013 \u010derven\u00e1, zelen\u00e1 a st\u0159\u00edbrn\u00e1.<\/p>\n<p>K dost\u00e1n\u00ed je na e-shopu <a href=\"https:\/\/cz.hecht.cz\/\">www.hecht.cz<\/a> nebo v s\u00edti kamenn\u00fdch prodejen Hecht za 29 990 K\u010d.<\/p>\n<p><strong>Hecht Terris: Svi\u017en\u00fd a skladn\u00fd e-sk\u00fatr, kter\u00fd ocen\u00ed i teenage\u0159i<\/strong><\/p>\n<p>Elektrick\u00fd sk\u00fatr v atraktivn\u00edm designu. \u0160irok\u00e9 pneumatiky s hrub\u00fdm dez\u00e9nem v kombinaci s kvalitn\u00edm p\u0159edn\u00edm i zadn\u00edm odpru\u017een\u00edm a s protiskluzov\u00fdm gripem umo\u017en\u00ed komfortn\u00ed j\u00edzdu i po nezpevn\u011bn\u00e9m ter\u00e9nu. Na \u0159\u00edd\u00edtk\u00e1ch se pak nach\u00e1z\u00ed LCD panel, na kter\u00e9m jsou p\u0159ehledn\u011b zobrazeny v\u0161echny d\u016fle\u017eit\u00e9 informace. Sedlo je odn\u00edmateln\u00e9, \u0159\u00edd\u00edtka lze snadno sklopit, po slo\u017een\u00ed se proto d\u00e1 nalo\u017eit i do v\u011bt\u0161\u00edho kufru automobilu.<\/p>\n<p>Motor je nap\u00e1jen z kvalitn\u00edho lithiov\u00e9ho akumul\u00e1toru, pln\u011b nabit\u00fd tak umo\u017e\u0148uje dojezd a\u017e 50 km. Maxim\u00e1ln\u00ed rychlost je omezena na 45 km\/h, proto jej mohou \u0159\u00eddit ji\u017e osoby od 15 let s \u0159idi\u010dsk\u00fdm opr\u00e1vn\u011bn\u00edm skupiny AM.<\/p>\n<p><img loading=\"lazy\" decoding=\"async\" class=\"alignnone size-full wp-image-107894\" src=\"http:\/\/www.automakersnews.cz\/wp-content\/uploads\/2023\/09\/eskutr_HECHT_Terris_black.jpg\" alt=\"\" width=\"720\" height=\"720\" srcset=\"https:\/\/www.automakersnews.cz\/wp-content\/uploads\/2023\/09\/eskutr_HECHT_Terris_black.jpg 720w, https:\/\/www.automakersnews.cz\/wp-content\/uploads\/2023\/09\/eskutr_HECHT_Terris_black-300x300.jpg 300w, https:\/\/www.automakersnews.cz\/wp-content\/uploads\/2023\/09\/eskutr_HECHT_Terris_black-150x150.jpg 150w\" sizes=\"auto, (max-width: 720px) 100vw, 720px\" \/><\/p>\n<p>E-sk\u00fatr je k dost\u00e1n\u00ed v \u010dern\u00e9 a b\u00edl\u00e9 barv\u011b v kamenn\u00fdch pobo\u010dk\u00e1ch Hecht a na <a href=\"https:\/\/cz.hecht.cz\/\">www.hecht.cz<\/a> za<br \/>\n34 990 K\u010d.<\/p>\n<p><strong>Hecht Cocis Zero: Elektrick\u00fd sk\u00fatr pro dva<\/strong><\/p>\n<p>Dvoum\u00edstn\u00fd elektrick\u00fd sk\u00fatr, kter\u00fd na prvn\u00ed pohled zaujme sv\u00fdmi robustn\u00edmi pneumatikami a jednoduch\u00fdmi liniemi pevn\u00e9 konstrukce. Pohodln\u011b se na n\u011bm svezou dv\u011b osoby, zadn\u00ed m\u00edsto je vybaveno op\u011br\u00e1tkem na z\u00e1da. Sk\u00fatr je ide\u00e1ln\u00ed jak do m\u011bstsk\u00e9ho provozu, tak na p\u0159ej\u00ed\u017ed\u011bn\u00ed krat\u0161\u00edch vzd\u00e1lenost\u00ed mimo m\u011bsto, nap\u0159\u00edklad pro doj\u00ed\u017ed\u011bn\u00ed do zam\u011bstn\u00e1n\u00ed nebo do \u0161koly. Na pln\u011b nabitou baterii ujede a\u017e 60 km. Akumul\u00e1tor je ulo\u017een ve sk\u0159\u00ed\u0148ce pod sedlem, v podlaze pod nohami \u0159idi\u010de je dal\u0161\u00ed sk\u0159\u00ed\u0148ka, kam je mo\u017en\u00e9 voliteln\u011b um\u00edstit n\u00e1hradn\u00ed akumul\u00e1tor pro del\u0161\u00ed cesty. Jeho maxim\u00e1ln\u00ed rychlost je omezena na 45 km\/h, proto jej mohou \u0159\u00eddit i osoby od 15 let s \u0159idi\u010dsk\u00fdm opr\u00e1vn\u011bn\u00edm skupiny AM.<\/p>\n<p><img loading=\"lazy\" decoding=\"async\" class=\"alignnone size-full wp-image-107891\" src=\"http:\/\/www.automakersnews.cz\/wp-content\/uploads\/2023\/09\/HECHT_COCIS_ZERO_RED.jpg\" alt=\"\" width=\"720\" height=\"720\" srcset=\"https:\/\/www.automakersnews.cz\/wp-content\/uploads\/2023\/09\/HECHT_COCIS_ZERO_RED.jpg 720w, https:\/\/www.automakersnews.cz\/wp-content\/uploads\/2023\/09\/HECHT_COCIS_ZERO_RED-300x300.jpg 300w, https:\/\/www.automakersnews.cz\/wp-content\/uploads\/2023\/09\/HECHT_COCIS_ZERO_RED-150x150.jpg 150w\" sizes=\"auto, (max-width: 720px) 100vw, 720px\" \/><\/p>\n<p>K dost\u00e1n\u00ed je v n\u011bkolika barevn\u00fdch variant\u00e1ch (\u010dern\u00e1, modr\u00e1, \u010derven\u00e1) za 29 990 K\u010d na <a href=\"https:\/\/cz.hecht.cz\/\">www.hecht.cz<\/a> a v kamenn\u00fdch prodejn\u00e1ch Hecht.<\/p>\n","protected":false},"excerpt":{"rendered":"<div class=\"mh-excerpt\"><p>Mal\u00e9 sk\u00fatry jsou st\u00e1le popul\u00e1rn\u011bj\u0161\u00ed nejen v m\u011bstsk\u00e9m provozu. T\u0159i novinky pro \u010desk\u00fd trh slibuje zna\u010dka Hecht.<\/p>\n<\/div>","protected":false},"author":1,"featured_media":107890,"comment_status":"open","ping_status":"open","sticky":false,"template":"","format":"standard","meta":{"footnotes":""},"categories":[22,46],"tags":[],"class_list":["post-107889","post","type-post","status-publish","format-standard","has-post-thumbnail","hentry","category-elektromobily","category-motocykly"],"_links":{"self":[{"href":"https:\/\/www.automakersnews.cz\/index.php\/wp-json\/wp\/v2\/posts\/107889","targetHints":{"allow":["GET"]}}],"collection":[{"href":"https:\/\/www.automakersnews.cz\/index.php\/wp-json\/wp\/v2\/posts"}],"about":[{"href":"https:\/\/www.automakersnews.cz\/index.php\/wp-json\/wp\/v2\/types\/post"}],"author":[{"embeddable":true,"href":"https:\/\/www.automakersnews.cz\/index.php\/wp-json\/wp\/v2\/users\/1"}],"replies":[{"embeddable":true,"href":"https:\/\/www.automakersnews.cz\/index.php\/wp-json\/wp\/v2\/comments?post=107889"}],"version-history":[{"count":4,"href":"https:\/\/www.automakersnews.cz\/index.php\/wp-json\/wp\/v2\/posts\/107889\/revisions"}],"predecessor-version":[{"id":107917,"href":"https:\/\/www.automakersnews.cz\/index.php\/wp-json\/wp\/v2\/posts\/107889\/revisions\/107917"}],"wp:featuredmedia":[{"embeddable":true,"href":"https:\/\/www.automakersnews.cz\/index.php\/wp-json\/wp\/v2\/media\/107890"}],"wp:attachment":[{"href":"https:\/\/www.automakersnews.cz\/index.php\/wp-json\/wp\/v2\/media?parent=107889"}],"wp:term":[{"taxonomy":"category","embeddable":true,"href":"https:\/\/www.automakersnews.cz\/index.php\/wp-json\/wp\/v2\/categories?post=107889"},{"taxonomy":"post_tag","embeddable":true,"href":"https:\/\/www.automakersnews.cz\/index.php\/wp-json\/wp\/v2\/tags?post=107889"}],"curies":[{"name":"wp","href":"https:\/\/api.w.org\/{rel}","templated":true}]}}