{"id":107923,"date":"2023-09-26T07:17:31","date_gmt":"2023-09-26T07:17:31","guid":{"rendered":"https:\/\/www.automakersnews.cz\/?p=107923"},"modified":"2023-09-26T07:20:34","modified_gmt":"2023-09-26T07:20:34","slug":"autosap-chvali-pozici-rady-k-euro-7","status":"publish","type":"post","link":"https:\/\/www.automakersnews.cz\/index.php\/2023\/09\/26\/autosap-chvali-pozici-rady-k-euro-7\/","title":{"rendered":"AutoSAP chv\u00e1l\u00ed pozici Rady k Euro 7"},"content":{"rendered":"<p><strong>Sdru\u017een\u00ed automobilov\u00e9ho pr\u016fmyslu v\u00edt\u00e1 dohodu o Euro 7, kter\u00e9 dos\u00e1hli minist\u0159i \u010dlensk\u00fdch st\u00e1t\u016f. Situaci komentoval v\u00fdkonn\u00fd \u0159editel Zden\u011bk Petzl.<\/strong><!--more--><\/p>\n<p>\u201eZve\u0159ejn\u011bn\u00fd postoj \u010dlensk\u00fdch st\u00e1t\u016f je jasn\u00fdm zlep\u0161en\u00edm oproti p\u016fvodn\u00edmu n\u00e1vrhu Evropsk\u00e9 komise. Ten byl zcela nep\u0159im\u011b\u0159en\u00fd, jak z hlediska p\u0159\u00edsnosti po\u017eadavk\u016f, tak i \u010dasu pro implementaci. Vedl tak k ne\u00fam\u011brn\u011b vysok\u00fdm n\u00e1klad\u016fm pro pr\u016fmysl a z\u00e1kazn\u00edky, k omezen\u00ed nab\u00eddky, zejm\u00e9na pokud jde o mal\u00e9 modely, a to v\u0161e s minim\u00e1ln\u00edm p\u0159\u00ednosem pro \u017eivotn\u00ed prost\u0159ed\u00ed,\u201c \u0159\u00edk\u00e1 Zden\u011bk Petzl, v\u00fdkonn\u00fd \u0159editel Sdru\u017een\u00ed automobilov\u00e9ho pr\u016fmyslu.<\/p>\n<p>Pozitivn\u00ed zm\u011bnou je i zachov\u00e1n\u00ed limit\u016f v\u00fdfukov\u00fdch emis\u00ed a zp\u016fsobu m\u011b\u0159en\u00ed na \u00farovni Euro 6, alespo\u0148 pro osobn\u00ed vozidla. EU m\u00e1 ji\u017e dnes jeden z nejkomplexn\u011bj\u0161\u00edch a nejp\u0159\u00edsn\u011bj\u0161\u00edch p\u0159\u00edstup\u016f k emis\u00edm zne\u010di\u0161\u0165uj\u00edc\u00edch l\u00e1tek z vozidel, jako jsou oxidy dus\u00edku (NOx) a dal\u0161\u00ed \u010d\u00e1stice, na sv\u011bt\u011b. D\u00edky nejmodern\u011bj\u0161\u00edm technologi\u00edm jsou v\u00fdfukov\u00e9 emise sotva m\u011b\u0159iteln\u00e9.<\/p>\n<p>D\u00e1le v\u00edt\u00e1me prodlou\u017een\u00ed term\u00ednu zaveden\u00ed normy Euro 7, i kdy\u017e omezen\u00fd \u010das na v\u00fdvoj nov\u00fdch model\u016f bude p\u0159esto zna\u010dnou v\u00fdzvou. I p\u0159es navr\u017een\u00e9 \u00fapravy, bude norma Euro 7 vy\u017eadovat vysok\u00e9 n\u00e1klady na v\u00fdzkum a v\u00fdvoj nov\u00fdch komponent, zejm\u00e9na pokud jde o glob\u00e1ln\u00ed novinku m\u011b\u0159en\u00ed emis\u00ed z ot\u011br\u016f z brzd a pneumatik.<\/p>\n<p>Celkov\u011b tak posun n\u00e1vrhu l\u00e9pe umo\u017en\u00ed pr\u016fmyslu se zam\u011b\u0159it na ambici\u00f3zn\u00ed dekarboniza\u010dn\u00ed c\u00edle EU, tedy p\u0159echod od spalovac\u00edch vozidel k elektrick\u00fdm a z\u00e1rove\u0148 zachovat dostupnost vozidel a konkurenceschopnost na\u0161eho odv\u011btv\u00ed. To je zejm\u00e9na d\u016fle\u017eit\u00e9 v sou\u010dasn\u00e9 dob\u011b, kdy se odv\u011btv\u00ed na jednu stranu nad\u00e1le pot\u00fdk\u00e1 s rozkol\u00edsan\u00fdmi dodavatelsk\u00fdmi \u0159et\u011bzci a z\u00e1rove\u0148 \u010del\u00ed pot\u0159eb\u011b urychlen\u011b vybudovat zcela nov\u00e9 a lok\u00e1ln\u00ed \u0159et\u011bzce v\u00fdroby bateri\u00ed a dal\u0161\u00edch komponent pro elektrick\u00e1 vozidla.<\/p>\n<p>V tuto chv\u00edli tak apelujeme zejm\u00e9na na Evropsk\u00fd parlament, aby p\u0159i sv\u00e9m projedn\u00e1v\u00e1n\u00ed normy pokra\u010doval v dob\u0159e nastaven\u00e9m kurzu diskuse tak, aby kone\u010dn\u00e1 podoba normy, po dohod\u011b s Radou, efektivn\u011b odr\u00e1\u017eela jej\u00ed skute\u010dn\u00e9 ekonomick\u00e9, soci\u00e1ln\u00ed a environment\u00e1ln\u00ed dopady.<\/p>\n<p><img loading=\"lazy\" decoding=\"async\" class=\"alignnone size-full wp-image-715\" src=\"http:\/\/www.automakersnews.cz\/wp-content\/uploads\/2022\/10\/EU-vlajka-e1666684799850.jpeg\" alt=\"\" width=\"500\" height=\"333\" srcset=\"https:\/\/www.automakersnews.cz\/wp-content\/uploads\/2022\/10\/EU-vlajka-e1666684799850.jpeg 500w, https:\/\/www.automakersnews.cz\/wp-content\/uploads\/2022\/10\/EU-vlajka-e1666684799850-300x200.jpeg 300w\" sizes=\"auto, (max-width: 500px) 100vw, 500px\" \/><\/p>\n","protected":false},"excerpt":{"rendered":"<div class=\"mh-excerpt\"><p>Sdru\u017een\u00ed automobilov\u00e9ho pr\u016fmyslu v\u00edt\u00e1 dohodu o Euro 7, kter\u00e9 dos\u00e1hli minist\u0159i \u010dlensk\u00fdch st\u00e1t\u016f. Situaci komentoval v\u00fdkonn\u00fd \u0159editel Zden\u011bk Petzl.<\/p>\n<\/div>","protected":false},"author":1,"featured_media":19,"comment_status":"open","ping_status":"open","sticky":false,"template":"","format":"standard","meta":{"footnotes":""},"categories":[21],"tags":[],"class_list":["post-107923","post","type-post","status-publish","format-standard","has-post-thumbnail","hentry","category-legislativa"],"_links":{"self":[{"href":"https:\/\/www.automakersnews.cz\/index.php\/wp-json\/wp\/v2\/posts\/107923","targetHints":{"allow":["GET"]}}],"collection":[{"href":"https:\/\/www.automakersnews.cz\/index.php\/wp-json\/wp\/v2\/posts"}],"about":[{"href":"https:\/\/www.automakersnews.cz\/index.php\/wp-json\/wp\/v2\/types\/post"}],"author":[{"embeddable":true,"href":"https:\/\/www.automakersnews.cz\/index.php\/wp-json\/wp\/v2\/users\/1"}],"replies":[{"embeddable":true,"href":"https:\/\/www.automakersnews.cz\/index.php\/wp-json\/wp\/v2\/comments?post=107923"}],"version-history":[{"count":3,"href":"https:\/\/www.automakersnews.cz\/index.php\/wp-json\/wp\/v2\/posts\/107923\/revisions"}],"predecessor-version":[{"id":107925,"href":"https:\/\/www.automakersnews.cz\/index.php\/wp-json\/wp\/v2\/posts\/107923\/revisions\/107925"}],"wp:featuredmedia":[{"embeddable":true,"href":"https:\/\/www.automakersnews.cz\/index.php\/wp-json\/wp\/v2\/media\/19"}],"wp:attachment":[{"href":"https:\/\/www.automakersnews.cz\/index.php\/wp-json\/wp\/v2\/media?parent=107923"}],"wp:term":[{"taxonomy":"category","embeddable":true,"href":"https:\/\/www.automakersnews.cz\/index.php\/wp-json\/wp\/v2\/categories?post=107923"},{"taxonomy":"post_tag","embeddable":true,"href":"https:\/\/www.automakersnews.cz\/index.php\/wp-json\/wp\/v2\/tags?post=107923"}],"curies":[{"name":"wp","href":"https:\/\/api.w.org\/{rel}","templated":true}]}}