{"id":107927,"date":"2023-09-26T07:27:18","date_gmt":"2023-09-26T07:27:18","guid":{"rendered":"https:\/\/www.automakersnews.cz\/?p=107927"},"modified":"2023-09-26T07:27:18","modified_gmt":"2023-09-26T07:27:18","slug":"ministri-eu-schvalili-novou-normu-euro-7","status":"publish","type":"post","link":"https:\/\/www.automakersnews.cz\/index.php\/2023\/09\/26\/ministri-eu-schvalili-novou-normu-euro-7\/","title":{"rendered":"Minist\u0159i EU schv\u00e1lili novou normu Euro 7"},"content":{"rendered":"<p class=\"c_dB g_fE speakable\" data-dot=\"ogm-article-perex\"><strong>Minist\u0159i EU zodpov\u011bdn\u00ed za konkurenceschopnost v pond\u011bl\u00ed schv\u00e1lili novou emisn\u00ed normu Euro 7. Na soci\u00e1ln\u00ed s\u00edti X to ozn\u00e1mil \u010desk\u00fd ministr dopravy Martin Kupka. K z\u00e1le\u017eitosti se vyj\u00e1d\u0159il i AutoSAP. Emisn\u00ed limity pro osobn\u00ed i n\u00e1kladn\u00ed auta u\u017e nejsou tolik p\u0159\u00edsn\u00e9 jako v p\u016fvodn\u00edm n\u00e1vrhu a rovn\u011b\u017e se poda\u0159ilo dojednat del\u0161\u00ed \u010dasov\u00fd r\u00e1mec pro zaveden\u00ed normy.<\/strong><!--more--><\/p>\n<div class=\"g_fF\">\n<div class=\"ogm-main-media__container\" data-dot=\"ogm-main-media\" data-e2e=\"ogm-main-media\">\n<figure class=\"e_bv\" aria-label=\"Galerie Ilustra\u010dn\u00ed foto\" data-dot=\"mol-figure\" data-dot-data=\"{&quot;mediaItemType&quot;:&quot;foto&quot;}\">\n<div class=\"c_aP e_bw\">\n<div class=\"c_aQ\" tabindex=\"0\">\n<div class=\"c_d c_h c_l\"><\/div>\n<\/div>\n<\/div>\n<\/figure>\n<\/div>\n<\/div>\n<div class=\"ogm-container _6231b388c0086990921bf42b\">\n<div class=\"g_fL\" data-e2e=\"ogm-article-layout\">\n<article class=\"g_fN\" role=\"article\" aria-labelledby=\"accessibility-article\">\n<h6 id=\"accessibility-article\" class=\"c_aK c_aO\"><span style=\"font-size: 16px;\">Proti p\u016fvodn\u00edmu n\u00e1vrhu Evropsk\u00e9 komise (EK) se postavilo n\u011bkolik st\u00e1t\u016f v\u010detn\u011b \u010cesk\u00e9 republiky, a jeliko\u017e by tyto zem\u011b m\u011bly dostatek hlas\u016f na p\u0159\u00edpadn\u00e9 zablokov\u00e1n\u00ed normy, do\u0161lo nakonec ke kompromisu, kter\u00fd nen\u00ed z pohledu emisn\u00edch hodnot tolik p\u0159\u00edsn\u00fd.<\/span><\/h6>\n<div class=\"g_fM\" data-dot=\"ogm-article-content\">\n<div class=\"e_dv e_dH\">\n<div class=\"e_dB speakable\" data-dot=\"mol-paragraph\">\n<p class=\"c_dB\"><span class=\"c_dU\">\u201ePoda\u0159ilo se n\u00e1m vy\u0159e\u0161it drtivou v\u011bt\u0161inu sporn\u00fdch bod\u016f, na kter\u00e9 jsme upozor\u0148ovali od p\u0159edstaven\u00ed n\u00e1vrhu. Nov\u00e1 emisn\u00ed norma tak nebude p\u0159edstavovat ohro\u017een\u00ed pro segment mal\u00fdch a\u00a0cenov\u011b dostupn\u00fdch aut, ani nepodkopne nohy na\u0161emu automobilov\u00e9mu pr\u016fmyslu,\u201c uvedl ke schv\u00e1len\u00ed normy Kupka na soci\u00e1ln\u00ed s\u00edti X.<\/span><\/p>\n<\/div>\n<div class=\"e_dE\">\n<div class=\"twitter-tweet twitter-tweet-rendered\"><iframe id=\"twitter-widget-0\" class=\"\" title=\"Twitter Tweet\" src=\"https:\/\/platform.twitter.com\/embed\/Tweet.html?dnt=false&amp;embedId=twitter-widget-0&amp;features=eyJ0ZndfdGltZWxpbmVfbGlzdCI6eyJidWNrZXQiOltdLCJ2ZXJzaW9uIjpudWxsfSwidGZ3X2ZvbGxvd2VyX2NvdW50X3N1bnNldCI6eyJidWNrZXQiOnRydWUsInZlcnNpb24iOm51bGx9LCJ0ZndfdHdlZXRfZWRpdF9iYWNrZW5kIjp7ImJ1Y2tldCI6Im9uIiwidmVyc2lvbiI6bnVsbH0sInRmd19yZWZzcmNfc2Vzc2lvbiI6eyJidWNrZXQiOiJvbiIsInZlcnNpb24iOm51bGx9LCJ0ZndfZm9zbnJfc29mdF9pbnRlcnZlbnRpb25zX2VuYWJsZWQiOnsiYnVja2V0Ijoib24iLCJ2ZXJzaW9uIjpudWxsfSwidGZ3X21peGVkX21lZGlhXzE1ODk3Ijp7ImJ1Y2tldCI6InRyZWF0bWVudCIsInZlcnNpb24iOm51bGx9LCJ0ZndfZXhwZXJpbWVudHNfY29va2llX2V4cGlyYXRpb24iOnsiYnVja2V0IjoxMjA5NjAwLCJ2ZXJzaW9uIjpudWxsfSwidGZ3X3Nob3dfYmlyZHdhdGNoX3Bpdm90c19lbmFibGVkIjp7ImJ1Y2tldCI6Im9uIiwidmVyc2lvbiI6bnVsbH0sInRmd19kdXBsaWNhdGVfc2NyaWJlc190b19zZXR0aW5ncyI6eyJidWNrZXQiOiJvbiIsInZlcnNpb24iOm51bGx9LCJ0ZndfdXNlX3Byb2ZpbGVfaW1hZ2Vfc2hhcGVfZW5hYmxlZCI6eyJidWNrZXQiOiJvbiIsInZlcnNpb24iOm51bGx9LCJ0ZndfdmlkZW9faGxzX2R5bmFtaWNfbWFuaWZlc3RzXzE1MDgyIjp7ImJ1Y2tldCI6InRydWVfYml0cmF0ZSIsInZlcnNpb24iOm51bGx9LCJ0ZndfbGVnYWN5X3RpbWVsaW5lX3N1bnNldCI6eyJidWNrZXQiOnRydWUsInZlcnNpb24iOm51bGx9LCJ0ZndfdHdlZXRfZWRpdF9mcm9udGVuZCI6eyJidWNrZXQiOiJvbiIsInZlcnNpb24iOm51bGx9fQ%3D%3D&amp;frame=false&amp;hideCard=false&amp;hideThread=false&amp;id=1706239819716726995&amp;lang=cs&amp;origin=https%3A%2F%2Fwww.novinky.cz%2Fclanek%2Fekonomika-ministri-eu-schvalili-euro-7-40444739&amp;sessionId=f05854f3131c425d8fa2ff8d5cd3da09ed9b4346&amp;siteScreenName=novinkycz&amp;theme=light&amp;widgetsVersion=aaf4084522e3a%3A1674595607486&amp;width=550px\" frameborder=\"0\" scrolling=\"no\" allowfullscreen=\"allowfullscreen\" data-tweet-id=\"1706239819716726995\" data-mce-fragment=\"1\"><\/iframe><\/div>\n<\/div>\n<div class=\"e_dB speakable\" data-dot=\"mol-paragraph\">\n<p class=\"c_dB\"><span class=\"c_dU\">Proti d\u0159\u00edv\u011bj\u0161\u00ed a\u00a0podle z\u00e1stupc\u016f autopr\u016fmyslu nerealistick\u00e9 variant\u011b Euro 7\u00a0se postavilo osm zem\u00ed. \u010cesko vedlo koalici stejn\u011b sm\u00fd\u0161lej\u00edc\u00edch st\u00e1t\u016f, ve kter\u00e9 byly je\u0161t\u011b Francie, It\u00e1lie, Bulharsko, Rumunsko, Ma\u010farsko, Polsko a\u00a0Slovensko. S\u00a0posledn\u00edm n\u00e1vrhem normy, se kter\u00fdm minul\u00fd t\u00fdden v\u00a0p\u00e1tek p\u0159i\u0161lo \u0161pan\u011blsk\u00e9 p\u0159edsednictv\u00ed, byly ale tyto zem\u011b nakonec spokojen\u00e9.<\/span><\/p>\n<\/div>\n<div class=\"e_e4 js-ad e_a5\">\n<div class=\"e_ee\">\n<div class=\"e_el\">\u201eSou\u010dasn\u00e1 podoba kompromisu, kter\u00fd p\u0159ineslo \u0160pan\u011blsko, znamen\u00e1 opravdu v\u00fdrazn\u00fd posun k tomu, aby byla tato norma efektivn\u00ed a aby dok\u00e1zala nad\u00e1le zajistit konkurenceschopnost evropsk\u00e9ho automobilov\u00e9ho pr\u016fmyslu a dostupnost mobility pro celou ve\u0159ejnost v EU,\u201c uvedl je\u0161t\u011b p\u0159ed pond\u011bln\u00edm jedn\u00e1n\u00edm Kupka.<\/div>\n<\/div>\n<\/div>\n<div class=\"e_dB speakable\" data-dot=\"mol-paragraph\">\n<p class=\"c_dB\"><span class=\"c_dU\">N\u00e1vrh bude nyn\u00ed posuzovat Evropsk\u00fd parlament, p\u0159i\u010dem\u017e jeho zpravodajem je \u010desk\u00fd europoslanec Alexandr Vondra (ODS). A\u017e v\u00a0p\u0159\u00edpad\u011b schv\u00e1len\u00ed parlamentem, v\u010detn\u011b mo\u017en\u00fdch \u00faprav, vejde norma definitivn\u011b v\u00a0platnost.<\/span><\/p>\n<p><strong>Zdroj: novinky.cz<\/strong><\/p>\n<p><img loading=\"lazy\" decoding=\"async\" class=\"alignnone size-large wp-image-105476\" src=\"http:\/\/www.automakersnews.cz\/wp-content\/uploads\/2023\/09\/Kupka-Petzl-TO-MDCR-EURO-7-1024x768.jpg\" alt=\"\" width=\"1024\" height=\"768\" srcset=\"https:\/\/www.automakersnews.cz\/wp-content\/uploads\/2023\/09\/Kupka-Petzl-TO-MDCR-EURO-7-1024x768.jpg 1024w, https:\/\/www.automakersnews.cz\/wp-content\/uploads\/2023\/09\/Kupka-Petzl-TO-MDCR-EURO-7-300x225.jpg 300w, https:\/\/www.automakersnews.cz\/wp-content\/uploads\/2023\/09\/Kupka-Petzl-TO-MDCR-EURO-7-768x576.jpg 768w, https:\/\/www.automakersnews.cz\/wp-content\/uploads\/2023\/09\/Kupka-Petzl-TO-MDCR-EURO-7-1536x1152.jpg 1536w, https:\/\/www.automakersnews.cz\/wp-content\/uploads\/2023\/09\/Kupka-Petzl-TO-MDCR-EURO-7-678x509.jpg 678w, https:\/\/www.automakersnews.cz\/wp-content\/uploads\/2023\/09\/Kupka-Petzl-TO-MDCR-EURO-7-326x245.jpg 326w, https:\/\/www.automakersnews.cz\/wp-content\/uploads\/2023\/09\/Kupka-Petzl-TO-MDCR-EURO-7-80x60.jpg 80w, https:\/\/www.automakersnews.cz\/wp-content\/uploads\/2023\/09\/Kupka-Petzl-TO-MDCR-EURO-7.jpg 2040w\" sizes=\"auto, (max-width: 1024px) 100vw, 1024px\" \/><\/p>\n<p>&nbsp;<\/p>\n<\/div>\n<\/div>\n<\/div>\n<\/article>\n<\/div>\n<\/div>\n","protected":false},"excerpt":{"rendered":"<div class=\"mh-excerpt\"><p>Minist\u0159i EU zodpov\u011bdn\u00ed za konkurenceschopnost v pond\u011bl\u00ed schv\u00e1lili novou emisn\u00ed normu Euro 7. Na soci\u00e1ln\u00ed s\u00edti X to ozn\u00e1mil \u010desk\u00fd ministr dopravy Martin Kupka. K <a class=\"mh-excerpt-more\" href=\"https:\/\/www.automakersnews.cz\/index.php\/2023\/09\/26\/ministri-eu-schvalili-novou-normu-euro-7\/\" title=\"Minist\u0159i EU schv\u00e1lili novou normu Euro 7\">[&#8230;]<\/a><\/p>\n<\/div>","protected":false},"author":1,"featured_media":105478,"comment_status":"open","ping_status":"open","sticky":false,"template":"","format":"standard","meta":{"footnotes":""},"categories":[35,71,21],"tags":[],"class_list":["post-107927","post","type-post","status-publish","format-standard","has-post-thumbnail","hentry","category-doprava","category-emise","category-legislativa"],"_links":{"self":[{"href":"https:\/\/www.automakersnews.cz\/index.php\/wp-json\/wp\/v2\/posts\/107927","targetHints":{"allow":["GET"]}}],"collection":[{"href":"https:\/\/www.automakersnews.cz\/index.php\/wp-json\/wp\/v2\/posts"}],"about":[{"href":"https:\/\/www.automakersnews.cz\/index.php\/wp-json\/wp\/v2\/types\/post"}],"author":[{"embeddable":true,"href":"https:\/\/www.automakersnews.cz\/index.php\/wp-json\/wp\/v2\/users\/1"}],"replies":[{"embeddable":true,"href":"https:\/\/www.automakersnews.cz\/index.php\/wp-json\/wp\/v2\/comments?post=107927"}],"version-history":[{"count":2,"href":"https:\/\/www.automakersnews.cz\/index.php\/wp-json\/wp\/v2\/posts\/107927\/revisions"}],"predecessor-version":[{"id":107929,"href":"https:\/\/www.automakersnews.cz\/index.php\/wp-json\/wp\/v2\/posts\/107927\/revisions\/107929"}],"wp:featuredmedia":[{"embeddable":true,"href":"https:\/\/www.automakersnews.cz\/index.php\/wp-json\/wp\/v2\/media\/105478"}],"wp:attachment":[{"href":"https:\/\/www.automakersnews.cz\/index.php\/wp-json\/wp\/v2\/media?parent=107927"}],"wp:term":[{"taxonomy":"category","embeddable":true,"href":"https:\/\/www.automakersnews.cz\/index.php\/wp-json\/wp\/v2\/categories?post=107927"},{"taxonomy":"post_tag","embeddable":true,"href":"https:\/\/www.automakersnews.cz\/index.php\/wp-json\/wp\/v2\/tags?post=107927"}],"curies":[{"name":"wp","href":"https:\/\/api.w.org\/{rel}","templated":true}]}}