{"id":107930,"date":"2023-09-26T08:06:31","date_gmt":"2023-09-26T08:06:31","guid":{"rendered":"https:\/\/www.automakersnews.cz\/?p=107930"},"modified":"2023-09-26T08:07:37","modified_gmt":"2023-09-26T08:07:37","slug":"hybridy-nemaji-bezplatne-parkovat-v-praze","status":"publish","type":"post","link":"https:\/\/www.automakersnews.cz\/index.php\/2023\/09\/26\/hybridy-nemaji-bezplatne-parkovat-v-praze\/","title":{"rendered":"Praha asi zru\u0161\u00ed bezplatn\u00e9 parkov\u00e1n\u00ed hybrid\u016f"},"content":{"rendered":"<p><strong>Magistr\u00e1t hlavn\u00edho m\u011bsta Prahy se zab\u00fdv\u00e1 n\u00e1vrhem, kter\u00fd by m\u011bl ukon\u010dit bezplatn\u00e9 parkov\u00e1n\u00ed <\/strong><strong>elektromobil\u016f v Praze. SDA a dal\u0161\u00ed oborov\u00e9 asociace vyzvaly Prahu k pr\u030cehodnoceni\u0301 mys\u030clenky. Podle informac\u00ed \u010dasopisu Automakers, kter\u00fd problematice v\u011bnoval ob\u00e1lkov\u00e9 tr\u00e9ma, u\u017e se r\u00fdsuje dohoda.<\/strong><span id=\"more-64976\"><\/span><!--more--><\/p>\n<p>N\u00e1m\u011bstek pra\u017esk\u00e9ho prim\u00e1tora pro dopravu Zden\u011bk H\u0159ib uvedl: \u201eM\u00e1me v koali\u010dn\u00ed smlouv\u011b, \u017ee budeme reformovat cel\u00fd syst\u00e9m s c\u00edlem zklidnit dopravu v centru. Budeme muset ukon\u010dit podporu elektromobil\u016f, kter\u00e9 parkuj\u00ed zadarmo. Proto\u017ee to je v\u011bc, kter\u00e1 m\u011bla smysl v minulosti, ale te\u010f u\u017e smysl ned\u00e1v\u00e1. Elektromobil zab\u00edr\u00e1 m\u00edsto jako kter\u00e9koliv jin\u00e9 auto.\u201c<\/p>\n<p>Asociace reprezentuj\u00edc\u00ed automobilov\u00fd a elektromobiln\u00ed pr\u016fmysl jsou p\u0159esv\u011bd\u010deny, \u017ee p\u0159\u00edpadn\u00e9 p\u0159ijet\u00ed takov\u00e9ho rozhodnut\u00ed by zv\u00fd\u0161ilo emise a hluk z dopravy v Praze a vyslalo nespr\u00e1vn\u00fd sign\u00e1l sm\u011brem k ve\u0159ejnosti. Praha a jej\u00ed okol\u00ed jsou ekonomicky nejsiln\u011bj\u0161\u00ed oblast \u010cesk\u00e9 republiky, a mo\u017enost zdarma zaparkovat v Praze p\u0159i doj\u00ed\u017ed\u011bn\u00ed do pr\u00e1ce je jeden z m\u00e1la benefit\u016f, kter\u00e9ho se majitel\u016fm elektromobil\u016f v \u010cesku dost\u00e1v\u00e1. Nedostate\u010dn\u00e1 podpora \u0159ad\u00ed \u010cesko na jedno z posledn\u00edch m\u00edst v Evrop\u011b v adopci lok\u00e1ln\u011b bezemisn\u00ed mobility.<\/p>\n<p><strong>Magistr\u00e1t zat\u00edm nem\u00e1 odpov\u011b\u010f, ale dohoda se r\u00fdsuje<br \/>\n<\/strong><\/p>\n<p>\u201eKomplexn\u00ed parkovac\u00ed reforma je v tuto chv\u00edli \u0159e\u0161ena a proch\u00e1z\u00ed diskus\u00ed jednotliv\u00fdch politick\u00fdch klub\u016f. Definitivn\u00ed podoba v\u0161ak v t\u00e9to chv\u00edli nen\u00ed zn\u00e1ma a jak\u00e9koli konkr\u00e9tn\u00ed vyj\u00e1d\u0159en\u00ed by v tuto chv\u00edli bylo p\u0159ed\u010dasn\u00e9,\u201c uvedl na dotaz \u010dasopisu Automakers Tade\u00e1\u0161 Provazn\u00edk z tiskov\u00e9ho odboru.<\/p>\n<p>Podle informac\u00ed \u010dasopisu Automakers ale u\u017e se r\u00fdsuje dohoda, kter\u00e1 by m\u011bla ponechat bezplatn\u00e9 parkov\u00e1n\u00ed v Praze pro \u010dist\u00e9 elektromobily. Naopak platit v modr\u00fdch z\u00f3n\u00e1ch za\u010dnou v\u0161echna vozidla s hybridn\u00edm pohonem.<\/p>\n<p><img loading=\"lazy\" decoding=\"async\" class=\"alignnone size-large wp-image-74\" src=\"http:\/\/www.automakersnews.cz\/wp-content\/uploads\/2022\/01\/Toyota_Yaris_Mte_2020_hybrid-1024x682.jpg\" alt=\"\" width=\"1024\" height=\"682\" srcset=\"https:\/\/www.automakersnews.cz\/wp-content\/uploads\/2022\/01\/Toyota_Yaris_Mte_2020_hybrid-1024x682.jpg 1024w, https:\/\/www.automakersnews.cz\/wp-content\/uploads\/2022\/01\/Toyota_Yaris_Mte_2020_hybrid-300x200.jpg 300w, https:\/\/www.automakersnews.cz\/wp-content\/uploads\/2022\/01\/Toyota_Yaris_Mte_2020_hybrid-768x512.jpg 768w, https:\/\/www.automakersnews.cz\/wp-content\/uploads\/2022\/01\/Toyota_Yaris_Mte_2020_hybrid.jpg 1280w\" sizes=\"auto, (max-width: 1024px) 100vw, 1024px\" \/><\/p>\n<p>&nbsp;<\/p>\n","protected":false},"excerpt":{"rendered":"<div class=\"mh-excerpt\"><p>Magistr\u00e1t hlavn\u00edho m\u011bsta Prahy se zab\u00fdv\u00e1 n\u00e1vrhem, kter\u00fd by m\u011bl ukon\u010dit bezplatn\u00e9 parkov\u00e1n\u00ed elektromobil\u016f v Praze. SDA a dal\u0161\u00ed oborov\u00e9 asociace vyzvaly Prahu k pr\u030cehodnoceni\u0301 <a class=\"mh-excerpt-more\" href=\"https:\/\/www.automakersnews.cz\/index.php\/2023\/09\/26\/hybridy-nemaji-bezplatne-parkovat-v-praze\/\" title=\"Praha asi zru\u0161\u00ed bezplatn\u00e9 parkov\u00e1n\u00ed hybrid\u016f\">[&#8230;]<\/a><\/p>\n<\/div>","protected":false},"author":1,"featured_media":107932,"comment_status":"open","ping_status":"open","sticky":false,"template":"","format":"standard","meta":{"footnotes":""},"categories":[21],"tags":[],"class_list":["post-107930","post","type-post","status-publish","format-standard","has-post-thumbnail","hentry","category-legislativa"],"_links":{"self":[{"href":"https:\/\/www.automakersnews.cz\/index.php\/wp-json\/wp\/v2\/posts\/107930","targetHints":{"allow":["GET"]}}],"collection":[{"href":"https:\/\/www.automakersnews.cz\/index.php\/wp-json\/wp\/v2\/posts"}],"about":[{"href":"https:\/\/www.automakersnews.cz\/index.php\/wp-json\/wp\/v2\/types\/post"}],"author":[{"embeddable":true,"href":"https:\/\/www.automakersnews.cz\/index.php\/wp-json\/wp\/v2\/users\/1"}],"replies":[{"embeddable":true,"href":"https:\/\/www.automakersnews.cz\/index.php\/wp-json\/wp\/v2\/comments?post=107930"}],"version-history":[{"count":2,"href":"https:\/\/www.automakersnews.cz\/index.php\/wp-json\/wp\/v2\/posts\/107930\/revisions"}],"predecessor-version":[{"id":107934,"href":"https:\/\/www.automakersnews.cz\/index.php\/wp-json\/wp\/v2\/posts\/107930\/revisions\/107934"}],"wp:featuredmedia":[{"embeddable":true,"href":"https:\/\/www.automakersnews.cz\/index.php\/wp-json\/wp\/v2\/media\/107932"}],"wp:attachment":[{"href":"https:\/\/www.automakersnews.cz\/index.php\/wp-json\/wp\/v2\/media?parent=107930"}],"wp:term":[{"taxonomy":"category","embeddable":true,"href":"https:\/\/www.automakersnews.cz\/index.php\/wp-json\/wp\/v2\/categories?post=107930"},{"taxonomy":"post_tag","embeddable":true,"href":"https:\/\/www.automakersnews.cz\/index.php\/wp-json\/wp\/v2\/tags?post=107930"}],"curies":[{"name":"wp","href":"https:\/\/api.w.org\/{rel}","templated":true}]}}