{"id":107942,"date":"2023-09-27T05:41:03","date_gmt":"2023-09-27T05:41:03","guid":{"rendered":"https:\/\/www.automakersnews.cz\/?p=107942"},"modified":"2023-09-27T05:41:03","modified_gmt":"2023-09-27T05:41:03","slug":"lexus-obsadil-hrad-pri-navrharske-show","status":"publish","type":"post","link":"https:\/\/www.automakersnews.cz\/index.php\/2023\/09\/27\/lexus-obsadil-hrad-pri-navrharske-show\/","title":{"rendered":"Lexus obsadil Hrad p\u0159i n\u00e1vrh\u00e1\u0159sk\u00e9 show"},"content":{"rendered":"<p><strong>Vozy Lexus a nov\u00e1 m\u00f3dn\u00ed zna\u010dka n\u00e1vrh\u00e1\u0159e Jana \u010cern\u00e9ho, kter\u00fd pracoval u Louis Vuitton, se o v\u00edkendu p\u0159edstavily na m\u00f3dn\u00ed show na Pra\u017esk\u00e9m hrad\u011b. Pr\u00e1v\u011b zna\u010dka Lexus je partnerem \u010cern\u00e9ho, kter\u00fd si z\u00e1rove\u0148 sv\u016fj model Lexus UX navrhl. Zdob\u00ed ho pro Janovu tvorbu typick\u00fd vzor Rorscharchova testu. <\/strong><!--more--><\/p>\n<p>Z\u0159ejm\u011b nejzn\u00e1m\u011bj\u0161\u00ed \u010desk\u00fd m\u00f3dn\u00ed n\u00e1vrh\u00e1\u0159 Jan \u010cern\u00fd bude tak\u00e9 navrhovat n\u00e1stupovou olympijskou kolekci pro \u010desk\u00fd n\u00e1rodn\u00ed t\u00fdm. Nyn\u00ed v prostor\u00e1ch Pra\u017esk\u00e9ho hradu p\u0159edstavil v po\u0159ad\u00ed u\u017e jeden\u00e1ctou m\u00f3dn\u00ed kolekci, kter\u00e1 je z\u00e1rove\u0148 prvn\u00ed pod jeho novou zna\u010dkou Jan Soci\u00e9t\u00e9.<\/p>\n<p><strong>Na m\u00f3dn\u00ed show stylov\u011b i ekologicky <\/strong><\/p>\n<p>Elegantn\u00edmi modely od Lexusu na Jan Show dorazil v sobotu 23. z\u00e1\u0159\u00ed na terasu J\u00edzd\u00e1rny Pra\u017esk\u00e9ho hradu nejen samotn\u00fd n\u00e1vrh\u00e1\u0159, ale i jeho speci\u00e1ln\u00ed VIP host\u00e9 z \u0159ad hudebn\u00edk\u016f, sportovc\u016f \u010di modelek.<\/p>\n<p>A\u017e na \u010derven\u00fd koberec se tak pohodln\u011b svezla t\u0159eba \u010derstv\u00e1 v\u00edt\u011bzka Wimbledonu Barbora Str\u00fdcov\u00e1, skateboardista Maxim Habanec, ale tak\u00e9 Ben Cristovao, Mirai Navr\u00e1til, Annet X a Nobody Listen, Dalyb, nebo t\u0159eba Hana Vagnerov\u00e1, Daniela Pe\u0161tov\u00e1 \u010di Michaela Koci\u00e1nov\u00e1.<\/p>\n<p>Vozy, kter\u00e9 na show zaji\u0161\u0165ovaly VIP shuttle service, p\u0159itom nem\u011bly jen modern\u00ed design, ale tak\u00e9 progresivn\u00ed ekologick\u00fd pohon. Byla mezi nimi nap\u0159\u00edklad luxusn\u00ed limuz\u00edna Lexus ES s efektivn\u00edm samonab\u00edjec\u00edm hybridn\u00edm pohonem a tak\u00e9 prostorn\u00e1 SUV hybridn\u00ed Lexus NX \u010di plug-in hybridn\u00ed RX.<\/p>\n<p><img loading=\"lazy\" decoding=\"async\" class=\"alignnone wp-image-107944\" src=\"http:\/\/www.automakersnews.cz\/wp-content\/uploads\/2023\/09\/LexusCernyPrehlidka_0036-small-2-300x216.jpg\" alt=\"\" width=\"867\" height=\"624\" srcset=\"https:\/\/www.automakersnews.cz\/wp-content\/uploads\/2023\/09\/LexusCernyPrehlidka_0036-small-2-300x216.jpg 300w, https:\/\/www.automakersnews.cz\/wp-content\/uploads\/2023\/09\/LexusCernyPrehlidka_0036-small-2-1024x738.jpg 1024w, https:\/\/www.automakersnews.cz\/wp-content\/uploads\/2023\/09\/LexusCernyPrehlidka_0036-small-2-768x554.jpg 768w, https:\/\/www.automakersnews.cz\/wp-content\/uploads\/2023\/09\/LexusCernyPrehlidka_0036-small-2-1536x1107.jpg 1536w, https:\/\/www.automakersnews.cz\/wp-content\/uploads\/2023\/09\/LexusCernyPrehlidka_0036-small-2-2048x1477.jpg 2048w\" sizes=\"auto, (max-width: 867px) 100vw, 867px\" \/><\/p>\n<p><strong>Hled\u00e1n\u00ed budoucnosti a inspirace Japonskem <\/strong><\/p>\n<p>\u201eModern\u00ed technologie jsou dal\u0161\u00edm faktorem, kter\u00fd propojuje vozy Lexus s Janovou tvorbou. A stejn\u011b jako se Jan ve sv\u00e9 nov\u00e9 kolekci v\u011bnuje hled\u00e1n\u00ed budoucnosti, i my vyr\u00e1b\u00edme auta s ohledem na to, co teprve p\u0159ijde,\u201c \u0159\u00edk\u00e1 PR mana\u017eerka \u010desk\u00e9ho zastoupen\u00ed zna\u010dky Lexus Jitka Jechov\u00e1.<\/p>\n<p>Lexus s Janovou kolekc\u00ed p\u0159itom spojuje tak\u00e9 Japonsko. \u201eKolekce kombinuje spiritu\u00e1ln\u00ed vlivy s komer\u010dn\u00edmi a materi\u00e1ln\u00edmi symboly sou\u010dasn\u00e9 z\u00e1padn\u00ed civilizace. Vtipn\u011b a drze d\u00e1v\u00e1 do souvislost\u00ed a kontrastu duchovno s konzumem a vznik\u00e1 tak ojedin\u011bl\u00fd a z\u00e1bavn\u00fd vizu\u00e1ln\u00ed koncept. Voln\u011b \u010derp\u00e1 inspiraci z japonsk\u00e9ho um\u011bn\u00ed Sashiko, bedu\u00ednsk\u00fdch \u0161perk\u016f a dal\u0161\u00edch Evrop\u011b vzd\u00e1len\u00fdch kultur,\u201c popisuje Jan \u010cern\u00fd.<\/p>\n<p><img loading=\"lazy\" decoding=\"async\" class=\"alignnone wp-image-107945\" src=\"http:\/\/www.automakersnews.cz\/wp-content\/uploads\/2023\/09\/LexusCernyPrehlidka_0008-small-3-300x199.jpg\" alt=\"\" width=\"932\" height=\"618\" srcset=\"https:\/\/www.automakersnews.cz\/wp-content\/uploads\/2023\/09\/LexusCernyPrehlidka_0008-small-3-300x199.jpg 300w, https:\/\/www.automakersnews.cz\/wp-content\/uploads\/2023\/09\/LexusCernyPrehlidka_0008-small-3-1024x680.jpg 1024w, https:\/\/www.automakersnews.cz\/wp-content\/uploads\/2023\/09\/LexusCernyPrehlidka_0008-small-3-768x510.jpg 768w, https:\/\/www.automakersnews.cz\/wp-content\/uploads\/2023\/09\/LexusCernyPrehlidka_0008-small-3-1536x1020.jpg 1536w, https:\/\/www.automakersnews.cz\/wp-content\/uploads\/2023\/09\/LexusCernyPrehlidka_0008-small-3-2048x1360.jpg 2048w\" sizes=\"auto, (max-width: 932px) 100vw, 932px\" \/><\/p>\n","protected":false},"excerpt":{"rendered":"<div class=\"mh-excerpt\"><p>Vozy Lexus a nov\u00e1 m\u00f3dn\u00ed zna\u010dka n\u00e1vrh\u00e1\u0159e Jana \u010cern\u00e9ho, kter\u00fd pracoval u Louis Vuitton, se o v\u00edkendu p\u0159edstavily na m\u00f3dn\u00ed show na Pra\u017esk\u00e9m hrad\u011b. Pr\u00e1v\u011b <a class=\"mh-excerpt-more\" href=\"https:\/\/www.automakersnews.cz\/index.php\/2023\/09\/27\/lexus-obsadil-hrad-pri-navrharske-show\/\" title=\"Lexus obsadil Hrad p\u0159i n\u00e1vrh\u00e1\u0159sk\u00e9 show\">[&#8230;]<\/a><\/p>\n<\/div>","protected":false},"author":4,"featured_media":107947,"comment_status":"open","ping_status":"open","sticky":false,"template":"","format":"standard","meta":{"footnotes":""},"categories":[19,10],"tags":[],"class_list":["post-107942","post","type-post","status-publish","format-standard","has-post-thumbnail","hentry","category-design","category-eventy"],"_links":{"self":[{"href":"https:\/\/www.automakersnews.cz\/index.php\/wp-json\/wp\/v2\/posts\/107942","targetHints":{"allow":["GET"]}}],"collection":[{"href":"https:\/\/www.automakersnews.cz\/index.php\/wp-json\/wp\/v2\/posts"}],"about":[{"href":"https:\/\/www.automakersnews.cz\/index.php\/wp-json\/wp\/v2\/types\/post"}],"author":[{"embeddable":true,"href":"https:\/\/www.automakersnews.cz\/index.php\/wp-json\/wp\/v2\/users\/4"}],"replies":[{"embeddable":true,"href":"https:\/\/www.automakersnews.cz\/index.php\/wp-json\/wp\/v2\/comments?post=107942"}],"version-history":[{"count":3,"href":"https:\/\/www.automakersnews.cz\/index.php\/wp-json\/wp\/v2\/posts\/107942\/revisions"}],"predecessor-version":[{"id":107973,"href":"https:\/\/www.automakersnews.cz\/index.php\/wp-json\/wp\/v2\/posts\/107942\/revisions\/107973"}],"wp:featuredmedia":[{"embeddable":true,"href":"https:\/\/www.automakersnews.cz\/index.php\/wp-json\/wp\/v2\/media\/107947"}],"wp:attachment":[{"href":"https:\/\/www.automakersnews.cz\/index.php\/wp-json\/wp\/v2\/media?parent=107942"}],"wp:term":[{"taxonomy":"category","embeddable":true,"href":"https:\/\/www.automakersnews.cz\/index.php\/wp-json\/wp\/v2\/categories?post=107942"},{"taxonomy":"post_tag","embeddable":true,"href":"https:\/\/www.automakersnews.cz\/index.php\/wp-json\/wp\/v2\/tags?post=107942"}],"curies":[{"name":"wp","href":"https:\/\/api.w.org\/{rel}","templated":true}]}}