{"id":107955,"date":"2023-09-26T15:44:36","date_gmt":"2023-09-26T15:44:36","guid":{"rendered":"https:\/\/www.automakersnews.cz\/?p=107955"},"modified":"2023-09-26T15:44:36","modified_gmt":"2023-09-26T15:44:36","slug":"ds-se-blyskla-pred-kralovskou-rodinou","status":"publish","type":"post","link":"https:\/\/www.automakersnews.cz\/index.php\/2023\/09\/26\/ds-se-blyskla-pred-kralovskou-rodinou\/","title":{"rendered":"DS se bl\u00fdskla p\u0159ed kr\u00e1lovskou rodinou"},"content":{"rendered":"<p><strong>U p\u0159\u00edle\u017eitosti st\u00e1tn\u00ed n\u00e1v\u0161t\u011bvy kr\u00e1le Karla III. a kr\u00e1lovny Camilly ve Francii byly b\u011bhem p\u0159ehl\u00eddky v Pa\u0159\u00ed\u017ei pou\u017eity vozy DS 7 prezidenta republiky. Francouzsk\u00fd prezident Emmanuel Macron hostil kr\u00e1le Karla III. a kr\u00e1lovnu Camillu na st\u00e1tn\u00ed n\u00e1v\u0161t\u011bv\u011b Francie od st\u0159edy 20. do p\u00e1tku 22. z\u00e1\u0159\u00ed 2023.<\/strong><!--more--><\/p>\n<p>Tato n\u00e1v\u0161t\u011bva odr\u00e1\u017e\u00ed hloubku historick\u00fdch vazeb, kter\u00e9 spojuj\u00ed Francii a Spojen\u00e9 kr\u00e1lovstv\u00ed. Je tak\u00e9 p\u0159\u00edle\u017eitost\u00ed p\u0159edstavit sv\u011btu vynikaj\u00edc\u00ed kulturn\u00ed, um\u011bleckou a gastronomickou \u00farove\u0148 Francie a jej\u00ed jedine\u010dn\u00e9 n\u00e1rodn\u00ed d\u011bdictv\u00ed.<\/p>\n<p>Po p\u0159iv\u00edt\u00e1n\u00ed p\u0159ed V\u00edt\u011bzn\u00fdm obloukem byli kr\u00e1l Karel III. a kr\u00e1lovna Camilla pozv\u00e1ni do Elysejsk\u00e9ho pal\u00e1ce. Cestu po slavn\u00e9m bulv\u00e1ru Champs-Elys\u00e9es absolvovali ve voze DS 7.<\/p>\n<p>Ob\u011b hlavy st\u00e1tu jely ve voze DS 7 CROSSBACK PRESIDENTIEL, kter\u00fd se poprv\u00e9 p\u0159edstavil v kv\u011btnu 2017. DS 7 CROSSBACK PRESIDENTIEL byl prvn\u00edm vozem DS 7 CROSSBACK, kter\u00fd vyjel na silnice. Ji\u017e tehdy p\u0159edvedl to nejlep\u0161\u00ed know-how spole\u010dnosti DS Automobiles, jako je na m\u00edru vyroben\u00e1 otev\u00edrac\u00ed st\u0159echa a prvky, kter\u00e9 ur\u010duj\u00ed identitu prezidentsk\u00e9ho vozu (n\u00e1pis \u201eR\u00e9publique Fran\u00e7aise\u201c \/ \u201eFrancouzsk\u00e1 republika\u201c, dr\u017e\u00e1k standardy atd.). Interi\u00e9r vozu je proveden v \u010dern\u00e9 k\u016f\u017ei Art Leather, kterou doplnil exkluzivn\u00ed francouzsk\u00fd materi\u00e1l Toile de Laque, kter\u00fd je d\u00edlem Ateli\u00e9ru Maury.<\/p>\n<p><img loading=\"lazy\" decoding=\"async\" class=\"alignnone wp-image-107959\" src=\"http:\/\/www.automakersnews.cz\/wp-content\/uploads\/2023\/09\/DS-se-blyskla-pred-kralovskpou-rodinou-small-3-300x200.jpg\" alt=\"\" width=\"935\" height=\"623\" srcset=\"https:\/\/www.automakersnews.cz\/wp-content\/uploads\/2023\/09\/DS-se-blyskla-pred-kralovskpou-rodinou-small-3-300x200.jpg 300w, https:\/\/www.automakersnews.cz\/wp-content\/uploads\/2023\/09\/DS-se-blyskla-pred-kralovskpou-rodinou-small-3-1024x683.jpg 1024w, https:\/\/www.automakersnews.cz\/wp-content\/uploads\/2023\/09\/DS-se-blyskla-pred-kralovskpou-rodinou-small-3-768x512.jpg 768w, https:\/\/www.automakersnews.cz\/wp-content\/uploads\/2023\/09\/DS-se-blyskla-pred-kralovskpou-rodinou-small-3-1536x1025.jpg 1536w\" sizes=\"auto, (max-width: 935px) 100vw, 935px\" \/><\/p>\n<p>Pr\u016fvod doprov\u00e1zely dal\u0161\u00ed vozy DS 7, v\u010detn\u011b DS 7 \u00c9LYS\u00c9E. V jednom z t\u011bchto voz\u016f DS 7 vyroben\u00fdch v Mulhouse jela kr\u00e1lovna Camilla a Brigitte Macronov\u00e1. DS 7 \u00c9LYS\u00c9E, kter\u00fd byl za\u0159azen do vozov\u00e9ho parku francouzsk\u00e9ho prezidenta v listopadu 2021, je unik\u00e1tn\u00edm vozem vych\u00e1zej\u00edc\u00edm z modelu DS 7 E-TENSE 4\u00d74 300 s prodlou\u017een\u00fdm podvozkem a speci\u00e1ln\u00ed v\u00fdbavou, kter\u00e1 z n\u011bj d\u011bl\u00e1 pracovn\u00ed n\u00e1stroj. DS 7 \u00c9LYS\u00c9E je jedn\u00edm z dlouh\u00e9 \u0159ady voz\u016f DS vyroben\u00fdch pro francouzsk\u00e9ho prezidenta.<\/p>\n<p>Tato st\u00e1tn\u00ed n\u00e1v\u0161t\u011bva symbolizuje p\u0159\u00e1telstv\u00ed a d\u016fv\u011bru mezi francouzsk\u00fdm prezidentem a britsk\u00fdm kr\u00e1lem, kte\u0159\u00ed v minulosti \u00fazce spolupracovali na ochran\u011b biologick\u00e9 rozmanitosti a boji proti glob\u00e1ln\u00edmu oteplov\u00e1n\u00ed. Spole\u010dnost DS Automobiles se pln\u011b anga\u017euje v oblasti energetick\u00e9 transformace. Od roku 2024 budou v\u0161echny jej\u00ed nov\u00e9 modely v\u00fdhradn\u011b 100% elektrick\u00e9.<\/p>\n<p><img loading=\"lazy\" decoding=\"async\" class=\"alignnone wp-image-107958\" src=\"http:\/\/www.automakersnews.cz\/wp-content\/uploads\/2023\/09\/DS-se-blyskla-pred-kralovskpou-rodinou-small-2-300x200.jpg\" alt=\"\" width=\"893\" height=\"595\" srcset=\"https:\/\/www.automakersnews.cz\/wp-content\/uploads\/2023\/09\/DS-se-blyskla-pred-kralovskpou-rodinou-small-2-300x200.jpg 300w, https:\/\/www.automakersnews.cz\/wp-content\/uploads\/2023\/09\/DS-se-blyskla-pred-kralovskpou-rodinou-small-2-1024x683.jpg 1024w, https:\/\/www.automakersnews.cz\/wp-content\/uploads\/2023\/09\/DS-se-blyskla-pred-kralovskpou-rodinou-small-2-768x512.jpg 768w, https:\/\/www.automakersnews.cz\/wp-content\/uploads\/2023\/09\/DS-se-blyskla-pred-kralovskpou-rodinou-small-2-1536x1024.jpg 1536w, https:\/\/www.automakersnews.cz\/wp-content\/uploads\/2023\/09\/DS-se-blyskla-pred-kralovskpou-rodinou-small-2-2048x1366.jpg 2048w\" sizes=\"auto, (max-width: 893px) 100vw, 893px\" \/><\/p>\n","protected":false},"excerpt":{"rendered":"<div class=\"mh-excerpt\"><p>U p\u0159\u00edle\u017eitosti st\u00e1tn\u00ed n\u00e1v\u0161t\u011bvy kr\u00e1le Karla III. a kr\u00e1lovny Camilly ve Francii byly b\u011bhem p\u0159ehl\u00eddky v Pa\u0159\u00ed\u017ei pou\u017eity vozy DS 7 prezidenta republiky. Francouzsk\u00fd prezident <a class=\"mh-excerpt-more\" href=\"https:\/\/www.automakersnews.cz\/index.php\/2023\/09\/26\/ds-se-blyskla-pred-kralovskou-rodinou\/\" title=\"DS se bl\u00fdskla p\u0159ed kr\u00e1lovskou rodinou\">[&#8230;]<\/a><\/p>\n<\/div>","protected":false},"author":4,"featured_media":107956,"comment_status":"open","ping_status":"open","sticky":false,"template":"","format":"standard","meta":{"footnotes":""},"categories":[10,2],"tags":[],"class_list":["post-107955","post","type-post","status-publish","format-standard","has-post-thumbnail","hentry","category-eventy","category-news"],"_links":{"self":[{"href":"https:\/\/www.automakersnews.cz\/index.php\/wp-json\/wp\/v2\/posts\/107955","targetHints":{"allow":["GET"]}}],"collection":[{"href":"https:\/\/www.automakersnews.cz\/index.php\/wp-json\/wp\/v2\/posts"}],"about":[{"href":"https:\/\/www.automakersnews.cz\/index.php\/wp-json\/wp\/v2\/types\/post"}],"author":[{"embeddable":true,"href":"https:\/\/www.automakersnews.cz\/index.php\/wp-json\/wp\/v2\/users\/4"}],"replies":[{"embeddable":true,"href":"https:\/\/www.automakersnews.cz\/index.php\/wp-json\/wp\/v2\/comments?post=107955"}],"version-history":[{"count":2,"href":"https:\/\/www.automakersnews.cz\/index.php\/wp-json\/wp\/v2\/posts\/107955\/revisions"}],"predecessor-version":[{"id":107960,"href":"https:\/\/www.automakersnews.cz\/index.php\/wp-json\/wp\/v2\/posts\/107955\/revisions\/107960"}],"wp:featuredmedia":[{"embeddable":true,"href":"https:\/\/www.automakersnews.cz\/index.php\/wp-json\/wp\/v2\/media\/107956"}],"wp:attachment":[{"href":"https:\/\/www.automakersnews.cz\/index.php\/wp-json\/wp\/v2\/media?parent=107955"}],"wp:term":[{"taxonomy":"category","embeddable":true,"href":"https:\/\/www.automakersnews.cz\/index.php\/wp-json\/wp\/v2\/categories?post=107955"},{"taxonomy":"post_tag","embeddable":true,"href":"https:\/\/www.automakersnews.cz\/index.php\/wp-json\/wp\/v2\/tags?post=107955"}],"curies":[{"name":"wp","href":"https:\/\/api.w.org\/{rel}","templated":true}]}}