{"id":108003,"date":"2023-10-02T07:15:28","date_gmt":"2023-10-02T07:15:28","guid":{"rendered":"https:\/\/www.automakersnews.cz\/?p=108003"},"modified":"2023-10-02T08:14:33","modified_gmt":"2023-10-02T08:14:33","slug":"peugeot-mel-dve-premiery-v-blue-orange","status":"publish","type":"post","link":"https:\/\/www.automakersnews.cz\/index.php\/2023\/10\/02\/peugeot-mel-dve-premiery-v-blue-orange\/","title":{"rendered":"Peugeot m\u011bl dv\u011b premi\u00e9ry v Blue Orange"},"content":{"rendered":"<p><strong>Blue Orange Resort v pra\u017esk\u00fdch Let\u0148anech hostil v z\u00e1v\u011bru z\u00e1\u0159\u00ed tiskovou konferenci k uveden\u00ed model\u016f nov\u00fd Peugeot 508 a nov\u00fd Peugeot 2008. \u0160\u00e9f importu Marco Venturini hovo\u0159il o prodej\u00edch v leto\u0161n\u00edm roce, technick\u00fdch specifikac\u00edch novinek i jejich cen\u00e1ch. <\/strong><\/p>\n<p>&#8222;Letos se n\u00e1m da\u0159\u00ed zejm\u00e9na v fleetov\u00fdch prodej\u00edch, dodali jsme 350 boxer\u016f pro \u010ceskou po\u0161tu, na trh jsem nav\u00edc uvedli Rifter se spalovac\u00edm motorem. Tak\u00e9 model 308 zam\u00ed\u0159il do fleet\u016f a za\u010dali jsme nab\u00edzet t\u00e9\u017e nov\u00fd 408. Dnes uv\u00e1d\u00edme na trh nov\u00e9 verze model\u016f 2008 a 508 s mild hybridn\u00edmi pohony. P\u0159\u00ed\u0161t\u00ed rok uvedeme na \u010desk\u00fd trh v\u016fz e-308, nov\u00fd 208 a tak\u00e9 nov\u00fd 3008,&#8220; \u0159ekl \u0161\u00e9f P Automobil Import.<br \/>\n<img loading=\"lazy\" decoding=\"async\" src=\"http:\/\/www.automakersnews.cz\/wp-content\/uploads\/2023\/10\/Peugeot-508-Blue-Orange-23-1024x554.jpeg\" alt=\"\" width=\"474\" height=\"256\" class=\"alignnone size-large wp-image-108014\" srcset=\"https:\/\/www.automakersnews.cz\/wp-content\/uploads\/2023\/10\/Peugeot-508-Blue-Orange-23-1024x554.jpeg 1024w, https:\/\/www.automakersnews.cz\/wp-content\/uploads\/2023\/10\/Peugeot-508-Blue-Orange-23-300x162.jpeg 300w, https:\/\/www.automakersnews.cz\/wp-content\/uploads\/2023\/10\/Peugeot-508-Blue-Orange-23-768x415.jpeg 768w, https:\/\/www.automakersnews.cz\/wp-content\/uploads\/2023\/10\/Peugeot-508-Blue-Orange-23.jpeg 1110w\" sizes=\"auto, (max-width: 474px) 100vw, 474px\" \/><\/p>\n<p>&#8222;S tov\u00e1rn\u00edmi kv\u00f3tami pro \u010cesko ne\u010dek\u00e1m probl\u00e9my, aut bude dost,&#8220; \u0159ekl Venturini na\u0161emu \u010dasopisu. <\/p>\n<p><strong>2008 startuje na 470 000 K\u010d<\/strong><\/p>\n<p>Nov\u00fd 2008 je vyr\u00e1b\u011bn v portugalsk\u00e9m Vigu,  nab\u00edz\u00ed podle n\u011bj t\u0159i termick\u00e9 jednotky. Z\u00e1kladn\u00ed cenovka v akci \u010din\u00ed 470 000 korun.<br \/>\n<img loading=\"lazy\" decoding=\"async\" src=\"http:\/\/www.automakersnews.cz\/wp-content\/uploads\/2023\/10\/Peugeot-2008-Doupal-ceny-1024x768.jpg\" alt=\"\" width=\"474\" height=\"356\" class=\"alignnone size-large wp-image-108011\" srcset=\"https:\/\/www.automakersnews.cz\/wp-content\/uploads\/2023\/10\/Peugeot-2008-Doupal-ceny-1024x768.jpg 1024w, https:\/\/www.automakersnews.cz\/wp-content\/uploads\/2023\/10\/Peugeot-2008-Doupal-ceny-300x225.jpg 300w, https:\/\/www.automakersnews.cz\/wp-content\/uploads\/2023\/10\/Peugeot-2008-Doupal-ceny-768x576.jpg 768w, https:\/\/www.automakersnews.cz\/wp-content\/uploads\/2023\/10\/Peugeot-2008-Doupal-ceny-1536x1152.jpg 1536w, https:\/\/www.automakersnews.cz\/wp-content\/uploads\/2023\/10\/Peugeot-2008-Doupal-ceny.jpg 2040w\" sizes=\"auto, (max-width: 474px) 100vw, 474px\" \/><\/p>\n<p>Peugeot 2008 byl uveden na trh koncem roku 2019 a vyrobilo se ho ji\u017e t\u00e9m\u011b\u0159 700 000 kus\u016f. Na prodej\u00edch modelu se pod\u00edl\u00ed tak\u00e9 elektrick\u00e1 verze e-2008, kter\u00e1 byla od roku 2019 s v\u00edce ne\u017e 75 000 vyroben\u00fdmi kusy pr\u016fkopn\u00edkem elektromobility ve sv\u00e9m segmentu. V roce 2022 \u010dinil jej\u00ed pod\u00edl na prodej\u00edch modelu 17,4 %, co\u017e znamenalo um\u00edst\u011bn\u00ed na stupn\u00edch v\u00edt\u011bz\u016f mezi prodeji elektrick\u00fdch SUV segmentu B v Evrop\u011b. <\/p>\n<p><strong>Peugeot 5008 od 990 000 korun<\/strong><\/p>\n<p>U nov\u00e9ho 508, kter\u00fd je k dispozici ve verz\u00edch fastback, SW a PSE (Peugeot Sport Engineered), p\u0159edstavuje zna\u010dka nov\u00fd design model\u016f ur\u010den\u00fdch pro nejn\u00e1ro\u010dn\u011bj\u0161\u00ed klientelu.<br \/>\n<img loading=\"lazy\" decoding=\"async\" src=\"http:\/\/www.automakersnews.cz\/wp-content\/uploads\/2023\/10\/TK-Peugeot-Blue-Orange-Venturini-1024x768.jpg\" alt=\"\" width=\"474\" height=\"356\" class=\"alignnone size-large wp-image-108020\" srcset=\"https:\/\/www.automakersnews.cz\/wp-content\/uploads\/2023\/10\/TK-Peugeot-Blue-Orange-Venturini-1024x768.jpg 1024w, https:\/\/www.automakersnews.cz\/wp-content\/uploads\/2023\/10\/TK-Peugeot-Blue-Orange-Venturini-300x225.jpg 300w, https:\/\/www.automakersnews.cz\/wp-content\/uploads\/2023\/10\/TK-Peugeot-Blue-Orange-Venturini-768x576.jpg 768w, https:\/\/www.automakersnews.cz\/wp-content\/uploads\/2023\/10\/TK-Peugeot-Blue-Orange-Venturini-1536x1152.jpg 1536w, https:\/\/www.automakersnews.cz\/wp-content\/uploads\/2023\/10\/TK-Peugeot-Blue-Orange-Venturini.jpg 2040w\" sizes=\"auto, (max-width: 474px) 100vw, 474px\" \/><\/p>\n<p>P\u0159edn\u00ed \u010d\u00e1st je dynami\u010dt\u011bj\u0161\u00ed a v jej\u00edm st\u0159edu se nach\u00e1z\u00ed nov\u00e9 logo zna\u010dky. V\u016fz p\u016fsob\u00ed modern\u011b i d\u00edky tomu, \u017ee se m\u0159\u00ed\u017eka chladi\u010de opticky prol\u00edn\u00e1 s celkov\u00fdm objemem n\u00e1razn\u00edku. U t\u011bchto model\u016f se poprv\u00e9 objevuj\u00ed nov\u00e9 charakteristick\u00e9 p\u0159edn\u00ed sv\u011btlomety se t\u0159emi dr\u00e1py. Jsou zabudov\u00e1ny do extr\u00e9mn\u011b \u0161t\u00edhl\u00fdch sv\u011btlomet\u016f Matrix LED s jedine\u010dn\u00fdm designem. T\u00edmto luxusn\u00edm prvkem v\u00fdbavy jsou vybaveny v\u0161echny \u00farovn\u011b v\u00fdbavy. Vzadu je sou\u010d\u00e1st\u00ed nov\u00fdch LED sv\u011btel typick\u00fd podpis se t\u0159emi dr\u00e1py a sm\u011brovky s posuvem sv\u011btla.<br \/>\n<img loading=\"lazy\" decoding=\"async\" src=\"http:\/\/www.automakersnews.cz\/wp-content\/uploads\/2023\/10\/Peugeot-508-ceny-1024x768.jpg\" alt=\"\" width=\"474\" height=\"356\" class=\"alignnone size-large wp-image-108010\" srcset=\"https:\/\/www.automakersnews.cz\/wp-content\/uploads\/2023\/10\/Peugeot-508-ceny-1024x768.jpg 1024w, https:\/\/www.automakersnews.cz\/wp-content\/uploads\/2023\/10\/Peugeot-508-ceny-300x225.jpg 300w, https:\/\/www.automakersnews.cz\/wp-content\/uploads\/2023\/10\/Peugeot-508-ceny-768x576.jpg 768w, https:\/\/www.automakersnews.cz\/wp-content\/uploads\/2023\/10\/Peugeot-508-ceny-1536x1152.jpg 1536w, https:\/\/www.automakersnews.cz\/wp-content\/uploads\/2023\/10\/Peugeot-508-ceny.jpg 2040w\" sizes=\"auto, (max-width: 474px) 100vw, 474px\" \/><\/p>\n","protected":false},"excerpt":{"rendered":"<div class=\"mh-excerpt\"><p>Blue Orange Resort v pra\u017esk\u00fdch Let\u0148anech hostil v z\u00e1v\u011bru z\u00e1\u0159\u00ed tiskovou konferenci k uveden\u00ed model\u016f nov\u00fd Peugeot 508 a nov\u00fd Peugeot 2008. \u0160\u00e9f importu Marco <a class=\"mh-excerpt-more\" href=\"https:\/\/www.automakersnews.cz\/index.php\/2023\/10\/02\/peugeot-mel-dve-premiery-v-blue-orange\/\" title=\"Peugeot m\u011bl dv\u011b premi\u00e9ry v Blue Orange\">[&#8230;]<\/a><\/p>\n<\/div>","protected":false},"author":1,"featured_media":108007,"comment_status":"open","ping_status":"open","sticky":false,"template":"","format":"standard","meta":{"footnotes":""},"categories":[44,31,29],"tags":[],"class_list":["post-108003","post","type-post","status-publish","format-standard","has-post-thumbnail","hentry","category-ceny-novinek","category-premiery","category-tiskovky"],"_links":{"self":[{"href":"https:\/\/www.automakersnews.cz\/index.php\/wp-json\/wp\/v2\/posts\/108003","targetHints":{"allow":["GET"]}}],"collection":[{"href":"https:\/\/www.automakersnews.cz\/index.php\/wp-json\/wp\/v2\/posts"}],"about":[{"href":"https:\/\/www.automakersnews.cz\/index.php\/wp-json\/wp\/v2\/types\/post"}],"author":[{"embeddable":true,"href":"https:\/\/www.automakersnews.cz\/index.php\/wp-json\/wp\/v2\/users\/1"}],"replies":[{"embeddable":true,"href":"https:\/\/www.automakersnews.cz\/index.php\/wp-json\/wp\/v2\/comments?post=108003"}],"version-history":[{"count":9,"href":"https:\/\/www.automakersnews.cz\/index.php\/wp-json\/wp\/v2\/posts\/108003\/revisions"}],"predecessor-version":[{"id":108021,"href":"https:\/\/www.automakersnews.cz\/index.php\/wp-json\/wp\/v2\/posts\/108003\/revisions\/108021"}],"wp:featuredmedia":[{"embeddable":true,"href":"https:\/\/www.automakersnews.cz\/index.php\/wp-json\/wp\/v2\/media\/108007"}],"wp:attachment":[{"href":"https:\/\/www.automakersnews.cz\/index.php\/wp-json\/wp\/v2\/media?parent=108003"}],"wp:term":[{"taxonomy":"category","embeddable":true,"href":"https:\/\/www.automakersnews.cz\/index.php\/wp-json\/wp\/v2\/categories?post=108003"},{"taxonomy":"post_tag","embeddable":true,"href":"https:\/\/www.automakersnews.cz\/index.php\/wp-json\/wp\/v2\/tags?post=108003"}],"curies":[{"name":"wp","href":"https:\/\/api.w.org\/{rel}","templated":true}]}}