{"id":108016,"date":"2023-10-02T08:01:41","date_gmt":"2023-10-02T08:01:41","guid":{"rendered":"https:\/\/www.automakersnews.cz\/?p=108016"},"modified":"2023-10-02T08:28:44","modified_gmt":"2023-10-02T08:28:44","slug":"vychazi-podzimni-importersky-special","status":"publish","type":"post","link":"https:\/\/www.automakersnews.cz\/index.php\/2023\/10\/02\/vychazi-podzimni-importersky-special\/","title":{"rendered":"Vych\u00e1z\u00ed podzimn\u00ed import\u00e9rsk\u00fd speci\u00e1l"},"content":{"rendered":"<p>\u010casopis Automakers shrnul, ve spolupr\u00e1ci s \u010dleny SDA, oborov\u00e9 ud\u00e1losti leto\u0161n\u00edho l\u00e9ta v podzimn\u00edm Import\u00e9rsk\u00e9m speci\u00e1lu. Hlavn\u00edm t\u00e9matem je budoucnost parkov\u00e1n\u00ed elektromobil\u016f v Praze, o kter\u00e9m se aktu\u00e1ln\u011b vyjedn\u00e1v\u00e1. D\u00e1le p\u0159in\u00e1\u0161\u00edme tradi\u010dn\u00ed rozhovory s dovozci aut a p\u0159ehled letn\u00edch tiskovek a premi\u00e9r.<\/p>\n<p><strong>T\u00c9MA<\/strong><\/p>\n<p>Jak\u00e1 je budoucnost parkov\u00e1n\u00ed elektromobil\u016f v pra\u017esk\u00fdch modr\u00fdch z\u00f3n\u00e1ch?<\/p>\n<p>Anketa k t\u00e9matu: Jakub \u0160ebesta, Marcel Archleb, Ale\u0161 Nov\u00e1k<br \/>\n<strong><br \/>\n<img loading=\"lazy\" decoding=\"async\" src=\"http:\/\/www.automakersnews.cz\/wp-content\/uploads\/2023\/10\/Praha-auta-modra-zona-parking-1024x768.jpg\" alt=\"\" width=\"474\" height=\"356\" class=\"alignnone size-large wp-image-108026\" srcset=\"https:\/\/www.automakersnews.cz\/wp-content\/uploads\/2023\/10\/Praha-auta-modra-zona-parking-1024x768.jpg 1024w, https:\/\/www.automakersnews.cz\/wp-content\/uploads\/2023\/10\/Praha-auta-modra-zona-parking-300x225.jpg 300w, https:\/\/www.automakersnews.cz\/wp-content\/uploads\/2023\/10\/Praha-auta-modra-zona-parking-768x576.jpg 768w, https:\/\/www.automakersnews.cz\/wp-content\/uploads\/2023\/10\/Praha-auta-modra-zona-parking-1536x1152.jpg 1536w, https:\/\/www.automakersnews.cz\/wp-content\/uploads\/2023\/10\/Praha-auta-modra-zona-parking.jpg 2040w\" sizes=\"auto, (max-width: 474px) 100vw, 474px\" \/><\/p>\n<p>TISKOVKY A UD\u00c1LOSTI, L\u00e9to 2023<\/strong><\/p>\n<p>Boj o normu EURO 7 jde do fin\u00e1le<\/p>\n<p>Hyundai za\u010dal vyr\u00e1b\u011bt v No\u0161ovic\u00edch elektrickou Konu<\/p>\n<p>Nov\u00fd \u0161\u00e9f marketingu Volkswagen Financial Services<\/p>\n<p>Tesco slibuje dal\u0161\u00ed dob\u00edje\u010dky<\/p>\n<p>Toyota p\u0159isp\u011bla kol\u00ednsk\u00e9 nemocnici<\/p>\n<p>Novin\u00e1\u0159i testovali extr\u00e9mn\u00ed dacie na \u0160umav\u011b<\/p>\n<p>Vozy BMW se bl\u00fdskly na filmov\u00e9m festivalu <\/p>\n<p>Porsche Cayenne m\u011blo premi\u00e9ru ve Veletr\u017en\u00edm pal\u00e1ci<\/p>\n<p>Renault Clio m\u011bl premi\u00e9ru na plov\u00e1rn\u011b<\/p>\n<p>Toyota p\u0159edvedla novou C-HR v Praze<br \/>\n<strong><br \/>\n<img loading=\"lazy\" decoding=\"async\" src=\"http:\/\/www.automakersnews.cz\/wp-content\/uploads\/2023\/09\/Toyota-TK-CHR-Butovice-1024x768.jpg\" alt=\"\" width=\"474\" height=\"356\" class=\"alignnone size-large wp-image-103639\" srcset=\"https:\/\/www.automakersnews.cz\/wp-content\/uploads\/2023\/09\/Toyota-TK-CHR-Butovice-1024x768.jpg 1024w, https:\/\/www.automakersnews.cz\/wp-content\/uploads\/2023\/09\/Toyota-TK-CHR-Butovice-300x225.jpg 300w, https:\/\/www.automakersnews.cz\/wp-content\/uploads\/2023\/09\/Toyota-TK-CHR-Butovice-768x576.jpg 768w, https:\/\/www.automakersnews.cz\/wp-content\/uploads\/2023\/09\/Toyota-TK-CHR-Butovice-1536x1152.jpg 1536w, https:\/\/www.automakersnews.cz\/wp-content\/uploads\/2023\/09\/Toyota-TK-CHR-Butovice-678x509.jpg 678w, https:\/\/www.automakersnews.cz\/wp-content\/uploads\/2023\/09\/Toyota-TK-CHR-Butovice-326x245.jpg 326w, https:\/\/www.automakersnews.cz\/wp-content\/uploads\/2023\/09\/Toyota-TK-CHR-Butovice-80x60.jpg 80w, https:\/\/www.automakersnews.cz\/wp-content\/uploads\/2023\/09\/Toyota-TK-CHR-Butovice.jpg 2040w\" sizes=\"auto, (max-width: 474px) 100vw, 474px\" \/><\/p>\n<p>ROZHOVORY IMPORT\u00c9\u0158I:<\/strong><\/p>\n<p>Jakub \u0160ebesta (VW), Marcel Archleb (Audi). Ale\u0161 Nov\u00e1k (SEAT, CUPRA), Marco Venturini (Peugeot), Jarom\u00edr He\u0159mansk\u00fd (Fiat, Jeep, Alfa Romeo), Martin Kr\u00e1l\u00ed\u010dek (MG), Martina Bedrnov\u00e1 (DS)<\/p>\n<p><strong>Dealersk\u00fd rozhovor:<\/strong> Radek Donner (Auto-Elso)<br \/>\n<figure id=\"attachment_1650\" aria-describedby=\"caption-attachment-1650\" style=\"width: 474px\" class=\"wp-caption alignnone\"><img loading=\"lazy\" decoding=\"async\" src=\"http:\/\/www.automakersnews.cz\/wp-content\/uploads\/2022\/11\/Elso-Donner-1024x768.jpg\" alt=\"\" width=\"474\" height=\"356\" class=\"size-large wp-image-1650\" \/><figcaption id=\"caption-attachment-1650\" class=\"wp-caption-text\">Duchovn\u00ed otec projektu Radek Donner<\/figcaption><\/figure><\/p>\n<p><strong>EVENTY<\/strong><\/p>\n<p>TV Prima slavila 30 let v Troji<br \/>\n<figure id=\"attachment_73625\" aria-describedby=\"caption-attachment-73625\" style=\"width: 474px\" class=\"wp-caption alignnone\"><img loading=\"lazy\" decoding=\"async\" src=\"http:\/\/www.automakersnews.cz\/wp-content\/uploads\/2023\/08\/Prima-Behal-Troja-1024x768.jpg\" alt=\"\" width=\"474\" height=\"356\" class=\"size-large wp-image-73625\" srcset=\"https:\/\/www.automakersnews.cz\/wp-content\/uploads\/2023\/08\/Prima-Behal-Troja-1024x768.jpg 1024w, https:\/\/www.automakersnews.cz\/wp-content\/uploads\/2023\/08\/Prima-Behal-Troja-300x225.jpg 300w, https:\/\/www.automakersnews.cz\/wp-content\/uploads\/2023\/08\/Prima-Behal-Troja-768x576.jpg 768w, https:\/\/www.automakersnews.cz\/wp-content\/uploads\/2023\/08\/Prima-Behal-Troja-1536x1152.jpg 1536w, https:\/\/www.automakersnews.cz\/wp-content\/uploads\/2023\/08\/Prima-Behal-Troja-678x509.jpg 678w, https:\/\/www.automakersnews.cz\/wp-content\/uploads\/2023\/08\/Prima-Behal-Troja-326x245.jpg 326w, https:\/\/www.automakersnews.cz\/wp-content\/uploads\/2023\/08\/Prima-Behal-Troja-80x60.jpg 80w, https:\/\/www.automakersnews.cz\/wp-content\/uploads\/2023\/08\/Prima-Behal-Troja.jpg 1728w\" sizes=\"auto, (max-width: 474px) 100vw, 474px\" \/><figcaption id=\"caption-attachment-73625\" class=\"wp-caption-text\">Ondra B\u011bhal p\u016fsobil na party ve stylov\u00e9 barohn\u00ed \u0161krabo\u0161ce<\/figcaption><\/figure><\/p>\n<p><strong>SERVIS<\/strong><\/p>\n<p>Servind: V\u00fdb\u011br odst\u00ednu laku je nyn\u00ed snadn\u011bj\u0161\u00ed<br \/>\nMEWA zve\u0159ejnila katalog na novou sezonu<br \/>\n<img loading=\"lazy\" decoding=\"async\" src=\"http:\/\/www.automakersnews.cz\/wp-content\/uploads\/2023\/02\/MEWA_Stills17134_small.jpg\" alt=\"\" width=\"627\" height=\"418\" class=\"alignnone size-full wp-image-22591\" srcset=\"https:\/\/www.automakersnews.cz\/wp-content\/uploads\/2023\/02\/MEWA_Stills17134_small.jpg 627w, https:\/\/www.automakersnews.cz\/wp-content\/uploads\/2023\/02\/MEWA_Stills17134_small-300x200.jpg 300w\" sizes=\"auto, (max-width: 627px) 100vw, 627px\" \/><\/p>\n","protected":false},"excerpt":{"rendered":"<div class=\"mh-excerpt\"><p>\u010casopis Automakers shrnul, ve spolupr\u00e1ci s \u010dleny SDA, oborov\u00e9 ud\u00e1losti leto\u0161n\u00edho l\u00e9ta v podzimn\u00edm Import\u00e9rsk\u00e9m speci\u00e1lu. Hlavn\u00edm t\u00e9matem je budoucnost parkov\u00e1n\u00ed elektromobil\u016f v Praze, o <a class=\"mh-excerpt-more\" href=\"https:\/\/www.automakersnews.cz\/index.php\/2023\/10\/02\/vychazi-podzimni-importersky-special\/\" title=\"Vych\u00e1z\u00ed podzimn\u00ed import\u00e9rsk\u00fd speci\u00e1l\">[&#8230;]<\/a><\/p>\n<\/div>","protected":false},"author":1,"featured_media":107932,"comment_status":"open","ping_status":"open","sticky":false,"template":"","format":"standard","meta":{"footnotes":""},"categories":[37,27],"tags":[],"class_list":["post-108016","post","type-post","status-publish","format-standard","has-post-thumbnail","hentry","category-importeri","category-media"],"_links":{"self":[{"href":"https:\/\/www.automakersnews.cz\/index.php\/wp-json\/wp\/v2\/posts\/108016","targetHints":{"allow":["GET"]}}],"collection":[{"href":"https:\/\/www.automakersnews.cz\/index.php\/wp-json\/wp\/v2\/posts"}],"about":[{"href":"https:\/\/www.automakersnews.cz\/index.php\/wp-json\/wp\/v2\/types\/post"}],"author":[{"embeddable":true,"href":"https:\/\/www.automakersnews.cz\/index.php\/wp-json\/wp\/v2\/users\/1"}],"replies":[{"embeddable":true,"href":"https:\/\/www.automakersnews.cz\/index.php\/wp-json\/wp\/v2\/comments?post=108016"}],"version-history":[{"count":8,"href":"https:\/\/www.automakersnews.cz\/index.php\/wp-json\/wp\/v2\/posts\/108016\/revisions"}],"predecessor-version":[{"id":108028,"href":"https:\/\/www.automakersnews.cz\/index.php\/wp-json\/wp\/v2\/posts\/108016\/revisions\/108028"}],"wp:featuredmedia":[{"embeddable":true,"href":"https:\/\/www.automakersnews.cz\/index.php\/wp-json\/wp\/v2\/media\/107932"}],"wp:attachment":[{"href":"https:\/\/www.automakersnews.cz\/index.php\/wp-json\/wp\/v2\/media?parent=108016"}],"wp:term":[{"taxonomy":"category","embeddable":true,"href":"https:\/\/www.automakersnews.cz\/index.php\/wp-json\/wp\/v2\/categories?post=108016"},{"taxonomy":"post_tag","embeddable":true,"href":"https:\/\/www.automakersnews.cz\/index.php\/wp-json\/wp\/v2\/tags?post=108016"}],"curies":[{"name":"wp","href":"https:\/\/api.w.org\/{rel}","templated":true}]}}