{"id":108035,"date":"2023-10-03T06:52:06","date_gmt":"2023-10-03T06:52:06","guid":{"rendered":"https:\/\/www.automakersnews.cz\/?p=108035"},"modified":"2023-10-03T06:52:06","modified_gmt":"2023-10-03T06:52:06","slug":"tydenik-euro-posiluje-redakci","status":"publish","type":"post","link":"https:\/\/www.automakersnews.cz\/index.php\/2023\/10\/03\/tydenik-euro-posiluje-redakci\/","title":{"rendered":"T\u00fdden\u00edk Euro posiluje redakci"},"content":{"rendered":"<p><strong>Ekonomick\u00fd t\u00fdden\u00edk Euro vyztu\u017eil redakci. Z\u00e1stupcem \u0161\u00e9fredaktora je od \u0159\u00edjna Martin Rychl\u00edk, kter\u00fd se do Eura vrac\u00ed po 13 letech z postu vedouc\u00edho m\u00e9di\u00ed Univerzity Karlovy. Nov\u00fdm report\u00e9rem Eura se stal Jan Richter, kter\u00fd p\u0159i\u0161el z TV Seznam.<\/strong><\/p>\n<p>Rychl\u00edk p\u016fsobil v Euru jako redaktor a editor v letech 2006 a\u017e 2010. Pak pracoval v Lidov\u00fdch novin\u00e1ch, od roku 2019 vedl m\u00e9dia Univerzity Karlovy a magaz\u00edn Forum. Letos na ja\u0159e obdr\u017eel za knihu D\u011bjiny lid\u00ed cenu Magnesia Litera, v z\u00e1\u0159\u00ed pak Mezin\u00e1rodn\u00ed cenu Egona Erwina Kische. \u201eChci se zam\u011b\u0159it i na vizu\u00e1ln\u00ed str\u00e1nku Eura, vyu\u017eit\u00ed um\u011bl\u00e9 inteligence a tak\u00e9 p\u0159ipravit projekt vyd\u00e1v\u00e1n\u00ed knih pod zna\u010dkou Eura,\u201c pl\u00e1nuje.<\/p>\n<p>Richter se stal hlavn\u00edm report\u00e9rem Eura. V minulosti krom\u011b TV Seznam p\u016fsobil ve vydavatelstv\u00ed Economia (t\u00fdden\u00edk Ekonom, den\u00edk Hospod\u00e1\u0159sk\u00e9 noviny) a v \u010cesk\u00e9m rozhlasu. V magaz\u00ednu slibuje \u201ep\u0159\u00edb\u011bhy, report\u00e1\u017ee a anal\u00fdzy z \u010desk\u00e9ho byznysu a mnoha dal\u0161\u00edch oblast\u00ed\u201c. \u010cesko pot\u0159ebuje kvalitn\u00ed \u017eurnalistiku a Euro je jej\u00ed z\u00e1rukou,\u201c tvrd\u00ed.<\/p>\n<p>\u201eP\u0159\u00edchod obou zku\u0161en\u00fdch, pracovit\u00fdch a poctiv\u00fdch novin\u00e1\u0159\u016f je dokladem, \u017ee to Euro mysl\u00ed se \u0161pi\u010dkovou seri\u00f3zn\u00ed \u017eurnalistikou v\u00e1\u017en\u011b,\u201c prohl\u00e1sil \u0161\u00e9fredaktor Eura a spolumajitel vydavatelstv\u00ed New Look Media Ond\u0159ej Hergesell. \u201eO\u010dek\u00e1v\u00e1m od obou dal\u0161\u00ed zaj\u00edmav\u00e1 t\u00e9mata a analytick\u00e9 materi\u00e1ly pro na\u0161e n\u00e1ro\u010dn\u00e9 \u010dten\u00e1\u0159e. Je to p\u0159\u00edjemn\u00fd bonus k 25. v\u00fdro\u010d\u00ed na\u0161eho magaz\u00ednu,\u201c p\u0159ipom\u00edn\u00e1 leto\u0161n\u00ed miln\u00edk.<\/p>\n<p>T\u00fdden\u00edk Euro vych\u00e1z\u00ed od \u0159\u00edjna 1998, vydavatelem je od jara 2021 zm\u00edn\u011bn\u00e1 New Look Media, kter\u00e1 produkuje rovn\u011b\u017e magaz\u00edny Dolce Vita a Mu\u017ei v \u010cesku. V\u011bt\u0161inu 90 % ve vydavatelsk\u00e9 firm\u011b vlastn\u00ed Milo\u0161 \u0160t\u011bpa\u0159.<\/p>\n<p>Redakci Eura nyn\u00ed vedle Hergesella, Rychl\u00edka a Richtera tvo\u0159\u00ed analytik a koment\u00e1tor Petr Fischer, redakto\u0159i Erich Handl, V\u00edt Chalupa, Ond\u0159ej Kubala, Luk\u00e1\u0161 Vincent a edito\u0159i Lud\u011bk Bedn\u00e1\u0159 a Pavel Pokorn\u00fd. Do \u010dasopisu z\u00e1rove\u0148 p\u0159isp\u00edv\u00e1 14 st\u00e1l\u00fdch spolupracovn\u00edk\u016f.<\/p>\n<p>Z\u00e1stupcem \u0161\u00e9fredaktora Eura byl v minulosti \u0160t\u011bp\u00e1n Etrych, nastupoval p\u0159ed dv\u011bma a p\u016fl lety, po obnoven\u00ed titulu pod nov\u00fdm vydavatelem. \u0160\u00e9foval i \u010dasopisu Panenka.<br \/>\n<figure id=\"attachment_108037\" aria-describedby=\"caption-attachment-108037\" style=\"width: 474px\" class=\"wp-caption alignnone\"><img loading=\"lazy\" decoding=\"async\" src=\"http:\/\/www.automakersnews.cz\/wp-content\/uploads\/2023\/10\/rychlik-richter-1024x597.jpg\" alt=\"\" width=\"474\" height=\"276\" class=\"size-large wp-image-108037\" \/><figcaption id=\"caption-attachment-108037\" class=\"wp-caption-text\">Martin Rychl\u00edk a Jan Richter<\/figcaption><\/figure><\/p>\n","protected":false},"excerpt":{"rendered":"<div class=\"mh-excerpt\"><p>Ekonomick\u00fd t\u00fdden\u00edk Euro vyztu\u017eil redakci. Z\u00e1stupcem \u0161\u00e9fredaktora je od \u0159\u00edjna Martin Rychl\u00edk, kter\u00fd se do Eura vrac\u00ed po 13 letech z postu vedouc\u00edho m\u00e9di\u00ed Univerzity <a class=\"mh-excerpt-more\" href=\"https:\/\/www.automakersnews.cz\/index.php\/2023\/10\/03\/tydenik-euro-posiluje-redakci\/\" title=\"T\u00fdden\u00edk Euro posiluje redakci\">[&#8230;]<\/a><\/p>\n<\/div>","protected":false},"author":1,"featured_media":108036,"comment_status":"open","ping_status":"open","sticky":false,"template":"","format":"standard","meta":{"footnotes":""},"categories":[27],"tags":[],"class_list":["post-108035","post","type-post","status-publish","format-standard","has-post-thumbnail","hentry","category-media"],"_links":{"self":[{"href":"https:\/\/www.automakersnews.cz\/index.php\/wp-json\/wp\/v2\/posts\/108035","targetHints":{"allow":["GET"]}}],"collection":[{"href":"https:\/\/www.automakersnews.cz\/index.php\/wp-json\/wp\/v2\/posts"}],"about":[{"href":"https:\/\/www.automakersnews.cz\/index.php\/wp-json\/wp\/v2\/types\/post"}],"author":[{"embeddable":true,"href":"https:\/\/www.automakersnews.cz\/index.php\/wp-json\/wp\/v2\/users\/1"}],"replies":[{"embeddable":true,"href":"https:\/\/www.automakersnews.cz\/index.php\/wp-json\/wp\/v2\/comments?post=108035"}],"version-history":[{"count":1,"href":"https:\/\/www.automakersnews.cz\/index.php\/wp-json\/wp\/v2\/posts\/108035\/revisions"}],"predecessor-version":[{"id":108038,"href":"https:\/\/www.automakersnews.cz\/index.php\/wp-json\/wp\/v2\/posts\/108035\/revisions\/108038"}],"wp:featuredmedia":[{"embeddable":true,"href":"https:\/\/www.automakersnews.cz\/index.php\/wp-json\/wp\/v2\/media\/108036"}],"wp:attachment":[{"href":"https:\/\/www.automakersnews.cz\/index.php\/wp-json\/wp\/v2\/media?parent=108035"}],"wp:term":[{"taxonomy":"category","embeddable":true,"href":"https:\/\/www.automakersnews.cz\/index.php\/wp-json\/wp\/v2\/categories?post=108035"},{"taxonomy":"post_tag","embeddable":true,"href":"https:\/\/www.automakersnews.cz\/index.php\/wp-json\/wp\/v2\/tags?post=108035"}],"curies":[{"name":"wp","href":"https:\/\/api.w.org\/{rel}","templated":true}]}}