{"id":108041,"date":"2023-11-01T10:34:04","date_gmt":"2023-11-01T10:34:04","guid":{"rendered":"https:\/\/www.automakersnews.cz\/?p=108041"},"modified":"2023-11-01T10:44:20","modified_gmt":"2023-11-01T10:44:20","slug":"ae-mobility-se-ukazala-na-e-salonu","status":"publish","type":"post","link":"https:\/\/www.automakersnews.cz\/index.php\/2023\/11\/01\/ae-mobility-se-ukazala-na-e-salonu\/","title":{"rendered":"AE-MOBILITY se uk\u00e1\u017ee na e-Salonu"},"content":{"rendered":"<p><strong>Projekt AE-MOBILITY se po roce vrac\u00ed na e-Salon do PVA Let\u0148any, kde bude v Hale 2 prezentovat svou komplexn\u00ed slu\u017ebu v oblasti lok\u00e1ln\u011b bezemisn\u00ed mobility.<\/strong><!--more--><\/p>\n<p>Zakladatel projektu AE-MOBILITY Radek Donner p\u0159iv\u00e1\u017e\u00ed na e-Salon nejen nab\u00eddku osobn\u00edch a u\u017eitkov\u00fdch elektrick\u00fdch vozidel od v\u00edce ne\u017e dvaceti zna\u010dek, ale nov\u011b i nab\u00eddku manipula\u010dn\u00ed, stavebn\u00ed a komun\u00e1ln\u00ed techniky na elektrick\u00fd pohon.<\/p>\n<p>\u201eOd lo\u0148sk\u00e9ho e-Salonu jsme s projektem AE-MOBILITY u\u0161li po\u0159\u00e1dn\u00fd kus cesty, a tak se leto\u0161n\u00ed v\u00fdstavy z\u00fa\u010dastn\u00edme ve v\u00fdznamn\u011b pozm\u011bn\u011bn\u00e9 sestav\u011b. S na\u0161imi partnery v projektu uk\u00e1\u017eeme modern\u00ed a praktick\u00e9 \u0159e\u0161en\u00ed fotovoltaick\u00e9 elektr\u00e1rny s bateriov\u00fdm \u00falo\u017ei\u0161t\u011bm, dopln\u011bn\u00e9 o tepeln\u00e1 \u010derpadla nebo nab\u00edje\u010dky jak pro firemn\u00ed tak priv\u00e1tn\u00ed klientelu. D\u00e1le p\u0159edstav\u00edme \u0159e\u0161en\u00ed agrovoltaiky pro vyu\u017eit\u00ed v oblasti zem\u011bd\u011blstv\u00ed, kterou nov\u011b dopl\u0148ujeme \u0161irokou nab\u00eddkou manipula\u010dn\u00ed, stavebn\u00ed a komun\u00e1ln\u00ed techniky na elektrick\u00fd pohon. Samostatnou kapitolou pak je speci\u00e1ln\u00ed program pod z\u00e1\u0161titou Ministerstva \u017eivotn\u00edho prost\u0159ed\u00ed \u2013 Elektromobilita pro \u00fa\u0159ady a st\u00e1tn\u00ed spr\u00e1vu, se kterou v leto\u0161n\u00edm roce slav\u00edme v\u00fdznamn\u00e9 \u00fasp\u011bchy. Srde\u010dn\u011b zveme nejen na n\u00e1\u0161 st\u00e1nek na leto\u0161n\u00edm e-Salonu z\u00e1stupce st\u00e1tn\u00ed spr\u00e1vy, firem a drobn\u00fdch podnikatel\u016f, stejn\u011b tak v\u0161echny p\u0159\u00edznivce i odp\u016frce elektromobility, p\u0159ij\u010fte si prohl\u00e9hnout technologick\u00e9 novinky v oblasti lok\u00e1ln\u011b bezemisn\u00ed mobility\u201c doplnil Radek Donner.<\/p>\n<figure id=\"attachment_1650\" aria-describedby=\"caption-attachment-1650\" style=\"width: 1024px\" class=\"wp-caption alignnone\"><img loading=\"lazy\" decoding=\"async\" class=\"size-large wp-image-1650\" src=\"http:\/\/www.automakersnews.cz\/wp-content\/uploads\/2022\/11\/Elso-Donner-1024x768.jpg\" alt=\"\" width=\"1024\" height=\"768\" \/><figcaption id=\"caption-attachment-1650\" class=\"wp-caption-text\">Duchovn\u00ed otec projektu Radek Donner<\/figcaption><\/figure>\n<p>Projekt AE-MOBILITY byl zalo\u017een teprve v roce 2022 jako sou\u010d\u00e1st tradi\u010dn\u00edho dealerstv\u00ed zna\u010dky \u0160koda AUTO ELSO v pra\u017esk\u00fdch \u010cakovic\u00edch. Projekt AE-MOBILITY se specializuje na komplexn\u00ed \u0159e\u0161en\u00ed elektromobility od poradenstv\u00ed v p\u0159echodu vozov\u00fdch park\u016f na lok\u00e1ln\u011b bezemisn\u00ed vozy, projektovou a dodavatelskou \u010dinnost v oblasti ve\u0159ejn\u00fdch, firemn\u00edch a dom\u00e1c\u00edch nab\u00edje\u010dek, fotovoltaick\u00fdch elektr\u00e1ren, p\u0159es multibrandov\u00fd prodej osobn\u00edch a u\u017eitkov\u00fdch elektromobil\u016f, stroj\u016f a komun\u00e1ln\u00ed techniky, a\u017e po vy\u0159\u00edzen\u00ed dotac\u00ed. Projekt AE-MOBILITY sdru\u017euje nejv\u00fdznamn\u011bj\u0161\u00ed spole\u010dnosti ve sv\u00fdch oborech na trhu nejen v \u010cesk\u00e9 republice.<\/p>\n<p><strong>Zdroj: Radek Donner<\/strong><\/p>\n","protected":false},"excerpt":{"rendered":"<div class=\"mh-excerpt\"><p>Projekt AE-MOBILITY se po roce vrac\u00ed na e-Salon do PVA Let\u0148any, kde bude v Hale 2 prezentovat svou komplexn\u00ed slu\u017ebu v oblasti lok\u00e1ln\u011b bezemisn\u00ed mobility.<\/p>\n<\/div>","protected":false},"author":1,"featured_media":50303,"comment_status":"open","ping_status":"open","sticky":false,"template":"","format":"standard","meta":{"footnotes":""},"categories":[22,70],"tags":[],"class_list":["post-108041","post","type-post","status-publish","format-standard","has-post-thumbnail","hentry","category-elektromobily","category-veletrhy"],"_links":{"self":[{"href":"https:\/\/www.automakersnews.cz\/index.php\/wp-json\/wp\/v2\/posts\/108041","targetHints":{"allow":["GET"]}}],"collection":[{"href":"https:\/\/www.automakersnews.cz\/index.php\/wp-json\/wp\/v2\/posts"}],"about":[{"href":"https:\/\/www.automakersnews.cz\/index.php\/wp-json\/wp\/v2\/types\/post"}],"author":[{"embeddable":true,"href":"https:\/\/www.automakersnews.cz\/index.php\/wp-json\/wp\/v2\/users\/1"}],"replies":[{"embeddable":true,"href":"https:\/\/www.automakersnews.cz\/index.php\/wp-json\/wp\/v2\/comments?post=108041"}],"version-history":[{"count":3,"href":"https:\/\/www.automakersnews.cz\/index.php\/wp-json\/wp\/v2\/posts\/108041\/revisions"}],"predecessor-version":[{"id":108046,"href":"https:\/\/www.automakersnews.cz\/index.php\/wp-json\/wp\/v2\/posts\/108041\/revisions\/108046"}],"wp:featuredmedia":[{"embeddable":true,"href":"https:\/\/www.automakersnews.cz\/index.php\/wp-json\/wp\/v2\/media\/50303"}],"wp:attachment":[{"href":"https:\/\/www.automakersnews.cz\/index.php\/wp-json\/wp\/v2\/media?parent=108041"}],"wp:term":[{"taxonomy":"category","embeddable":true,"href":"https:\/\/www.automakersnews.cz\/index.php\/wp-json\/wp\/v2\/categories?post=108041"},{"taxonomy":"post_tag","embeddable":true,"href":"https:\/\/www.automakersnews.cz\/index.php\/wp-json\/wp\/v2\/tags?post=108041"}],"curies":[{"name":"wp","href":"https:\/\/api.w.org\/{rel}","templated":true}]}}