{"id":108054,"date":"2023-11-01T11:03:54","date_gmt":"2023-11-01T11:03:54","guid":{"rendered":"https:\/\/www.automakersnews.cz\/?p=108054"},"modified":"2023-11-01T11:06:20","modified_gmt":"2023-11-01T11:06:20","slug":"continental-brandys-meni-reditele","status":"publish","type":"post","link":"https:\/\/www.automakersnews.cz\/index.php\/2023\/11\/01\/continental-brandys-meni-reditele\/","title":{"rendered":"Continental Brand\u00fds m\u011bn\u00ed \u0159editele"},"content":{"rendered":"<p><strong>Brand\u00fdsk\u00fd z\u00e1vod Continental Automotive Czech Republic \u0159\u00edd\u00ed od 1. listopadu Matthieu Turlure. Mana\u017eer p\u016fvodem z Francie m\u00e1 v\u00edce ne\u017e p\u011btadvacetiletou zku\u0161enost v odv\u011btv\u00ed automobilov\u00e9ho pr\u016fmyslu.<\/strong><!--more--><\/p>\n<p>Jeho p\u0159edchoz\u00edm p\u016fsobi\u0161t\u011bm byl z\u00e1vod Continentalu v\u00a0rumunsk\u00e9 Timisoa\u0159e zam\u011b\u0159en\u00fd na v\u00fdrobu pneumatik pro osobn\u00ed dopravu. V\u00a0Brand\u00fdse Turlure pl\u00e1nuje p\u0159edev\u0161\u00edm pokra\u010dovat v\u00a0dynamick\u00e9m a inovativn\u00edm rozvoji z\u00e1vodu a \u00fasp\u011b\u0161n\u00e9 v\u00fdrob\u011b kokpitov\u00fdch technologi\u00ed pro zaj\u00edmav\u00e9 fin\u00e1ln\u00ed dodavatele automobilov\u00e9ho pr\u016fmyslu.<\/p>\n<p><em>\u201e<\/em><em>Jsem opravdu nad\u0161en\u00fd, \u017ee se mohu p\u0159ipojit ke zdej\u0161\u00edmu t\u00fdmu a pokra\u010dovat v\u00a0dynamick\u00e9m rozvoji z\u00e1vodu, kter\u00fd umo\u017e\u0148uje digitalizaci a inteligentn\u00ed automatizaci. Nad\u00e1le budu podporovat rozvoj talent\u016f, proto\u017ee se zde v\u00a0Brand\u00fdse realizuj\u00ed zaj\u00edmav\u00e9 a velmi komplexn\u00ed projekty. Chci tak\u00e9 udr\u017eet \u0161irok\u00fd a ucelen\u00fd sortiment v\u00fdrobk\u016f, jejich vysokou kvalitu a tak\u00e9 provozn\u00ed dokonalost p\u0159i v\u00fdrob\u011b inovativn\u00edch technologi\u00ed pro kokpity<\/em>,<em>\u201c<\/em> \u0159\u00edk\u00e1 Matthieu Turlure o sv\u00e9 vizi pro Continental v\u00a0Brand\u00fdse nad Labem.<\/p>\n<p><strong>Zku\u0161enosti z Francie a Rumunska<\/strong><\/p>\n<p>Jednapades\u00e1tilet\u00fd Turlure je absolventem presti\u017en\u00ed obchodn\u00ed \u0161koly \u00c9cole Sup\u00e9rieure de Commerce de Paris. Pro Continental d\u0159\u00edve pracoval v\u00a0z\u00e1vodech na v\u00fdrobu pneumatik pro osobn\u00ed dopravu. Nejprve v\u00a0domovsk\u00e9 Francii vedl pobo\u010dku v\u00a0Sarreguemines v\u00a0Lotrinsku s\u00a01\u00a0650\u00a0zam\u011bstnanci. N\u00e1sledn\u011b p\u0159e\u0161el do z\u00e1vodu v\u00a0rumunsk\u00e9 Timisoa\u0159e, kter\u00fd zam\u011bstn\u00e1v\u00e1 2\u00a0700 lid\u00ed a ro\u010dn\u011b vyprodukuje p\u0159es 16\u00a0milion\u016f kus\u016f pneumatik. V\u00a0brand\u00fdsk\u00e9m z\u00e1vod\u011b bude zodpov\u011bdn\u00fd za v\u00edce ne\u017e 3\u00a0000 zam\u011bstnanc\u016f a v\u00fdrobu v\u00a0objemu p\u0159ibli\u017en\u011b 20\u00a0milion\u016f kus\u016f.<\/p>\n<p><em>\u201e<\/em><em>Matthieu Turlure je spolehliv\u00fd mana\u017eer se \u0161irok\u00fdmi zku\u0161enostmi z\u00a0prost\u0159ed\u00ed automobilov\u00e9ho pr\u016fmyslu, kter\u00fd m\u00e1 na\u0161i plnou d\u016fv\u011bru. Dok\u00e1\u017ee kombinovat v\u00fdrobn\u00ed excelenci a z\u00e1rove\u0148 zav\u00e1d\u011bt inovativn\u00ed technologie budoucnosti. T\u011b\u0161\u00ed n\u00e1s, \u017ee sv\u00e9 know-how nyn\u00ed p\u0159in\u00e1\u0161\u00ed do brand\u00fdsk\u00e9ho z\u00e1vodu, kter\u00fd m\u00e1 jasnou vizi v\u00a0r\u00e1mci na\u0161ich t\u0159\u00ed hlavn\u00edch evropsk\u00fdch Megaplants na\u0161\u00ed Business Area User Experience,<\/em><em>\u201c<\/em> \u0159\u00edk\u00e1 k\u00a0Turlurov\u011b n\u00e1stupu do funkce Cosmin Parvu, Head of European Megaplants spole\u010dnosti Continental AG.<\/p>\n<p>Za v\u00fdvoj a design sofistikovan\u00fdch displejov\u00fdch \u0159e\u0161en\u00ed pro automobily u\u017e Continental v\u00a0minulosti z\u00edskal n\u011bkolik ocen\u011bn\u00ed. Brand\u00fdsk\u00fd z\u00e1vod pat\u0159\u00ed mezi nejv\u011bt\u0161\u00ed z\u00e1vody Continentalu na v\u00fdrobu elektroniky na sv\u011bt\u011b a sou\u010dasn\u011b byl nominov\u00e1n jako modelov\u00fd z\u00e1vod pro digitalizaci v\u00a0r\u00e1mci dan\u00e9 Business Area koncernu.<\/p>\n<p><strong>Zdroj: Havas<\/strong><\/p>\n","protected":false},"excerpt":{"rendered":"<div class=\"mh-excerpt\"><p>Brand\u00fdsk\u00fd z\u00e1vod Continental Automotive Czech Republic \u0159\u00edd\u00ed od 1. listopadu Matthieu Turlure. Mana\u017eer p\u016fvodem z Francie m\u00e1 v\u00edce ne\u017e p\u011btadvacetiletou zku\u0161enost v odv\u011btv\u00ed automobilov\u00e9ho pr\u016fmyslu.<\/p>\n<\/div>","protected":false},"author":1,"featured_media":108055,"comment_status":"open","ping_status":"open","sticky":false,"template":"","format":"standard","meta":{"footnotes":""},"categories":[3],"tags":[],"class_list":["post-108054","post","type-post","status-publish","format-standard","has-post-thumbnail","hentry","category-personalie"],"_links":{"self":[{"href":"https:\/\/www.automakersnews.cz\/index.php\/wp-json\/wp\/v2\/posts\/108054","targetHints":{"allow":["GET"]}}],"collection":[{"href":"https:\/\/www.automakersnews.cz\/index.php\/wp-json\/wp\/v2\/posts"}],"about":[{"href":"https:\/\/www.automakersnews.cz\/index.php\/wp-json\/wp\/v2\/types\/post"}],"author":[{"embeddable":true,"href":"https:\/\/www.automakersnews.cz\/index.php\/wp-json\/wp\/v2\/users\/1"}],"replies":[{"embeddable":true,"href":"https:\/\/www.automakersnews.cz\/index.php\/wp-json\/wp\/v2\/comments?post=108054"}],"version-history":[{"count":3,"href":"https:\/\/www.automakersnews.cz\/index.php\/wp-json\/wp\/v2\/posts\/108054\/revisions"}],"predecessor-version":[{"id":108058,"href":"https:\/\/www.automakersnews.cz\/index.php\/wp-json\/wp\/v2\/posts\/108054\/revisions\/108058"}],"wp:featuredmedia":[{"embeddable":true,"href":"https:\/\/www.automakersnews.cz\/index.php\/wp-json\/wp\/v2\/media\/108055"}],"wp:attachment":[{"href":"https:\/\/www.automakersnews.cz\/index.php\/wp-json\/wp\/v2\/media?parent=108054"}],"wp:term":[{"taxonomy":"category","embeddable":true,"href":"https:\/\/www.automakersnews.cz\/index.php\/wp-json\/wp\/v2\/categories?post=108054"},{"taxonomy":"post_tag","embeddable":true,"href":"https:\/\/www.automakersnews.cz\/index.php\/wp-json\/wp\/v2\/tags?post=108054"}],"curies":[{"name":"wp","href":"https:\/\/api.w.org\/{rel}","templated":true}]}}