{"id":108059,"date":"2023-11-01T11:14:13","date_gmt":"2023-11-01T11:14:13","guid":{"rendered":"https:\/\/www.automakersnews.cz\/?p=108059"},"modified":"2023-11-01T12:34:42","modified_gmt":"2023-11-01T12:34:42","slug":"vlada-jedna-o-investici-vw-v-linich","status":"publish","type":"post","link":"https:\/\/www.automakersnews.cz\/index.php\/2023\/11\/01\/vlada-jedna-o-investici-vw-v-linich\/","title":{"rendered":"Gigafactory VW v L\u00edn\u00edch nebude"},"content":{"rendered":"<p class=\"big\"><strong>\u010cesk\u00e1 vl\u00e1da projedn\u00e1vala na st\u0159ede\u010dn\u00edm zased\u00e1n\u00ed podporu uva\u017eovan\u00e9 gigafactory na baterie koncernu Volkswagen. Do tohoto jedn\u00e1n\u00ed p\u0159i\u0161la p\u0159ekvapiv\u00e1 informace, \u017ee n\u011bmeck\u00e1 automobilka pl\u00e1ny na stavbu tov\u00e1rny prozat\u00edm ru\u0161\u00ed.<\/strong><!--more--><\/p>\n<p class=\"big\">\u010cesko nab\u00edzelo Volkswagenu jako lokalitu pro vybudov\u00e1n\u00ed z\u00e1vodu leti\u0161t\u011b v L\u00edn\u00edch u Plzn\u011b. Ve h\u0159e bylo tak\u00e9 Polsko a Ma\u010farsko.<\/p>\n<p class=\"big\">Minist\u0159i dnes o\u010dek\u00e1vali, \u017ee je bude na zased\u00e1n\u00ed premi\u00e9r Petr Fiala (ODS) a ministr pr\u016fmyslu a obchodu Jozef S\u00edkela (STAN) informovat o v\u00fdsledc\u00edch sv\u00e9ho pond\u011bln\u00edho jedn\u00e1n\u00ed s \u0159editelem Volkswagenu Oliverem Blumem.<\/p>\n<div class=\"box-offer-mob-perex\">\n<div id=\"mobFullPerexBan\">&#8222;Pokud \u010cesk\u00e1 republika chce b\u00fdt konkurenceschopn\u00e1 do budoucna, m\u00e1me m\u00edt z\u00e1jem o to, aby d\u016fle\u017eit\u00e9 \u010d\u00e1sti v\u00fdroby nebo i v\u00fdvojov\u00e1 centra byla v \u010cesk\u00e9 republice,&#8220; \u0159ekl vicepremi\u00e9r a ministr pro m\u00edstn\u00ed rozvoj Ivan Barto\u0161 (Pir\u00e1ti).<\/div>\n<\/div>\n<div><\/div>\n<div><\/div>\n<div><strong>P\u0159ekvapiv\u00e1 zpr\u00e1va z Volkswagenu<\/strong><\/div>\n<p>&#8222;Z koncernu Volkswagen p\u0159i\u0161la ale kolem poledne zpr\u00e1va, \u017ee firma se pl\u00e1ny na v\u00fdrobu bateri\u00ed ve\u00a0 st\u0159edn\u00ed Evrop\u011b ru\u0161\u00ed z d\u016fvodu nejasn\u00e9 situace na trhu elektromobil\u016f a nutnosti vy\u010dkat na v\u00fdvoj st\u00e1tn\u00edch pob\u00eddek,&#8220; uvedla \u010cT 24.<\/p>\n<p>Volkswagen vyb\u00edral mezi Polskem, Ma\u010farskem a L\u00edn\u011bmi, kde by tov\u00e1rna zam\u011bstnala do 4000 lid\u00ed. Jej\u00ed stavbu odm\u00edtaly m\u00edstn\u00ed aerokluby a piloti vyu\u017e\u00edvaj\u00edc\u00ed z\u00e1lo\u017en\u00ed arm\u00e1dn\u00ed plochu, v n\u011bkter\u00fdch okoln\u00edch obc\u00edch se podepisovaly petice proti stavb\u011b.<\/p>\n<figure id=\"attachment_108067\" aria-describedby=\"caption-attachment-108067\" style=\"width: 1024px\" class=\"wp-caption alignnone\"><img loading=\"lazy\" decoding=\"async\" class=\"size-large wp-image-108067\" src=\"http:\/\/www.automakersnews.cz\/wp-content\/uploads\/2023\/11\/Fiala-vlada-CT-24-1024x768.jpg\" alt=\"\" width=\"1024\" height=\"768\" srcset=\"https:\/\/www.automakersnews.cz\/wp-content\/uploads\/2023\/11\/Fiala-vlada-CT-24-1024x768.jpg 1024w, https:\/\/www.automakersnews.cz\/wp-content\/uploads\/2023\/11\/Fiala-vlada-CT-24-300x225.jpg 300w, https:\/\/www.automakersnews.cz\/wp-content\/uploads\/2023\/11\/Fiala-vlada-CT-24-768x576.jpg 768w, https:\/\/www.automakersnews.cz\/wp-content\/uploads\/2023\/11\/Fiala-vlada-CT-24-1536x1152.jpg 1536w, https:\/\/www.automakersnews.cz\/wp-content\/uploads\/2023\/11\/Fiala-vlada-CT-24-678x509.jpg 678w, https:\/\/www.automakersnews.cz\/wp-content\/uploads\/2023\/11\/Fiala-vlada-CT-24-326x245.jpg 326w, https:\/\/www.automakersnews.cz\/wp-content\/uploads\/2023\/11\/Fiala-vlada-CT-24-80x60.jpg 80w, https:\/\/www.automakersnews.cz\/wp-content\/uploads\/2023\/11\/Fiala-vlada-CT-24.jpg 2040w\" sizes=\"auto, (max-width: 1024px) 100vw, 1024px\" \/><figcaption id=\"caption-attachment-108067\" class=\"wp-caption-text\">Premi\u00e9r Petr Fiala po jedn\u00e1n\u00ed vl\u00e1dy: Leti\u0161t\u011b v L\u00edn\u00edch nem\u016f\u017eeme pro projekt Volkswagenu d\u00e1le dr\u017eet<\/figcaption><\/figure>\n<p><strong>Zdroj: \u010cT 24, \u010cesk\u00e9 noviny, archiv<\/strong><\/p>\n<figure id=\"attachment_2390\" aria-describedby=\"caption-attachment-2390\" style=\"width: 400px\" class=\"wp-caption alignnone\"><img loading=\"lazy\" decoding=\"async\" class=\"size-full wp-image-2390\" src=\"http:\/\/www.automakersnews.cz\/wp-content\/uploads\/2022\/11\/Line-letiste.jpeg\" alt=\"\" width=\"400\" height=\"300\" srcset=\"https:\/\/www.automakersnews.cz\/wp-content\/uploads\/2022\/11\/Line-letiste.jpeg 400w, https:\/\/www.automakersnews.cz\/wp-content\/uploads\/2022\/11\/Line-letiste-300x225.jpeg 300w, https:\/\/www.automakersnews.cz\/wp-content\/uploads\/2022\/11\/Line-letiste-326x245.jpeg 326w, https:\/\/www.automakersnews.cz\/wp-content\/uploads\/2022\/11\/Line-letiste-80x60.jpeg 80w\" sizes=\"auto, (max-width: 400px) 100vw, 400px\" \/><figcaption id=\"caption-attachment-2390\" class=\"wp-caption-text\">Leteck\u00fd pohled na leti\u0161t\u011b L\u00edn\u011b<\/figcaption><\/figure>\n","protected":false},"excerpt":{"rendered":"<div class=\"mh-excerpt\"><p>\u010cesk\u00e1 vl\u00e1da projedn\u00e1vala na st\u0159ede\u010dn\u00edm zased\u00e1n\u00ed podporu uva\u017eovan\u00e9 gigafactory na baterie koncernu Volkswagen. Do tohoto jedn\u00e1n\u00ed p\u0159i\u0161la p\u0159ekvapiv\u00e1 informace, \u017ee n\u011bmeck\u00e1 automobilka pl\u00e1ny na stavbu <a class=\"mh-excerpt-more\" href=\"https:\/\/www.automakersnews.cz\/index.php\/2023\/11\/01\/vlada-jedna-o-investici-vw-v-linich\/\" title=\"Gigafactory VW v L\u00edn\u00edch nebude\">[&#8230;]<\/a><\/p>\n<\/div>","protected":false},"author":1,"featured_media":517,"comment_status":"open","ping_status":"open","sticky":false,"template":"","format":"standard","meta":{"footnotes":""},"categories":[9],"tags":[],"class_list":["post-108059","post","type-post","status-publish","format-standard","has-post-thumbnail","hentry","category-investice"],"_links":{"self":[{"href":"https:\/\/www.automakersnews.cz\/index.php\/wp-json\/wp\/v2\/posts\/108059","targetHints":{"allow":["GET"]}}],"collection":[{"href":"https:\/\/www.automakersnews.cz\/index.php\/wp-json\/wp\/v2\/posts"}],"about":[{"href":"https:\/\/www.automakersnews.cz\/index.php\/wp-json\/wp\/v2\/types\/post"}],"author":[{"embeddable":true,"href":"https:\/\/www.automakersnews.cz\/index.php\/wp-json\/wp\/v2\/users\/1"}],"replies":[{"embeddable":true,"href":"https:\/\/www.automakersnews.cz\/index.php\/wp-json\/wp\/v2\/comments?post=108059"}],"version-history":[{"count":11,"href":"https:\/\/www.automakersnews.cz\/index.php\/wp-json\/wp\/v2\/posts\/108059\/revisions"}],"predecessor-version":[{"id":108072,"href":"https:\/\/www.automakersnews.cz\/index.php\/wp-json\/wp\/v2\/posts\/108059\/revisions\/108072"}],"wp:featuredmedia":[{"embeddable":true,"href":"https:\/\/www.automakersnews.cz\/index.php\/wp-json\/wp\/v2\/media\/517"}],"wp:attachment":[{"href":"https:\/\/www.automakersnews.cz\/index.php\/wp-json\/wp\/v2\/media?parent=108059"}],"wp:term":[{"taxonomy":"category","embeddable":true,"href":"https:\/\/www.automakersnews.cz\/index.php\/wp-json\/wp\/v2\/categories?post=108059"},{"taxonomy":"post_tag","embeddable":true,"href":"https:\/\/www.automakersnews.cz\/index.php\/wp-json\/wp\/v2\/tags?post=108059"}],"curies":[{"name":"wp","href":"https:\/\/api.w.org\/{rel}","templated":true}]}}