{"id":108073,"date":"2023-11-02T10:21:42","date_gmt":"2023-11-02T10:21:42","guid":{"rendered":"https:\/\/www.automakersnews.cz\/?p=108073"},"modified":"2023-11-02T10:21:42","modified_gmt":"2023-11-02T10:21:42","slug":"regensburg-zahajil-vyrobu-bmw-x2","status":"publish","type":"post","link":"https:\/\/www.automakersnews.cz\/index.php\/2023\/11\/02\/regensburg-zahajil-vyrobu-bmw-x2\/","title":{"rendered":"Regensburg zah\u00e1jil v\u00fdrobu BMW X2"},"content":{"rendered":"<p><strong>Z mont\u00e1\u017en\u00ed linky tov\u00e1rny BMW Group v Regensburgu sjely prvn\u00ed kusy BMW X2. Od nyn\u011bj\u0161ka se budou v Regensburgu na jedn\u00e9 v\u00fdrobn\u00ed lince flexibiln\u011b vyr\u00e1b\u011bt r\u016fzn\u00e9 typy pohonn\u00fdch jednotek \u2013 od model\u016f se spalovac\u00edmi motory p\u0159es plug-in hybridy a\u017e po \u010dist\u011b elektrick\u00e9 modely.<\/strong><!--more--><\/p>\n<p>V sou\u010dasn\u00e9 dob\u011b sj\u00ed\u017ed\u00ed z v\u00fdrobn\u00ed linky BMW Group v Regensburgu ka\u017ed\u00fd pracovn\u00ed den a\u017e 1000 automobil\u016f BMW \u0159ady 1, BMW X1 a BMW X2 ur\u010den\u00fdch pro z\u00e1kazn\u00edky po cel\u00e9m sv\u011bt\u011b.<\/p>\n<p>\u201eS v\u00fdrobou BMW X2 a jeho \u010dist\u011b elektrick\u00e9 varianty BMW iX2 zde v Regensburgu nad\u00e1le ud\u00e1v\u00e1me tempo v n\u00e1r\u016fstu elektromobility,\u201c potvrdil \u0159editel z\u00e1vodu Armin Ebner.<\/p>\n<p>\u201eTo, \u017ee nyn\u00ed vyr\u00e1b\u00edme druh\u00fd pln\u011b elektrick\u00fd model zde v Horn\u00edm Falci, zv\u00fd\u0161\u00ed objem v\u00fdroby v na\u0161\u00ed tov\u00e1rn\u011b. Na\u0161e tov\u00e1rna pracuje na pln\u00fd v\u00fdkon. D\u00edky dodate\u010dn\u00e9mu objemu v\u00fdroby p\u0159id\u00e1v\u00e1me v Regensburgu s okam\u017eitou platnost\u00ed no\u010dn\u00ed sm\u011bnu, tak\u017ee provoz bude t\u0159\u00edsm\u011bnn\u00fd,\u201c dodal Ebner.<\/p>\n<p>Do konce roku BMW Group investuje do v\u00fdroby vozidel v\u00a0Regensburgu v\u00edce ne\u017e 350 milion\u016f eur, \u010d\u00edm\u017e zde vytvo\u0159\u00ed st\u00e1l\u00e1 pracovn\u00ed m\u00edsta pro p\u0159ibli\u017en\u011b 500 nov\u00fdch zam\u011bstnanc\u016f.<\/p>\n<p>BMW iFACTORY nastavuje BMW Group standardy a nov\u011b definuje budoucnost v\u00fdroby automobil\u016f tak\u00e9 v Regensburgu. Zdej\u0161\u00ed tov\u00e1rna BMW Group je nap\u0159\u00edklad prvn\u00edm z\u00e1vodem automobilov\u00e9ho pr\u016fmyslu na sv\u011bt\u011b, kter\u00fd vyu\u017e\u00edv\u00e1 komplexn\u00ed digitalizovan\u00fd a automatizovan\u00fd proces kontroly, zpracov\u00e1n\u00ed a zna\u010den\u00ed lakovan\u00fdch povrch\u016f vozidel ve standardn\u00ed v\u00fdrob\u011b, kter\u00fd se op\u00edr\u00e1 o roboty \u0159\u00edzen\u00e9 um\u011blou inteligenc\u00ed (AI). Pro tuto tov\u00e1rnu to p\u0159edstavuje dal\u0161\u00ed krok na cest\u011b k digit\u00e1ln\u00edmu a inteligentn\u011b propojen\u00e9mu v\u00fdrobn\u00edmu z\u00e1vodu.<\/p>\n","protected":false},"excerpt":{"rendered":"<div class=\"mh-excerpt\"><p>Z mont\u00e1\u017en\u00ed linky tov\u00e1rny BMW Group v Regensburgu sjely prvn\u00ed kusy BMW X2. Od nyn\u011bj\u0161ka se budou v Regensburgu na jedn\u00e9 v\u00fdrobn\u00ed lince flexibiln\u011b vyr\u00e1b\u011bt <a class=\"mh-excerpt-more\" href=\"https:\/\/www.automakersnews.cz\/index.php\/2023\/11\/02\/regensburg-zahajil-vyrobu-bmw-x2\/\" title=\"Regensburg zah\u00e1jil v\u00fdrobu BMW X2\">[&#8230;]<\/a><\/p>\n<\/div>","protected":false},"author":1,"featured_media":108075,"comment_status":"open","ping_status":"open","sticky":false,"template":"","format":"standard","meta":{"footnotes":""},"categories":[2,41],"tags":[],"class_list":["post-108073","post","type-post","status-publish","format-standard","has-post-thumbnail","hentry","category-news","category-vyroba"],"_links":{"self":[{"href":"https:\/\/www.automakersnews.cz\/index.php\/wp-json\/wp\/v2\/posts\/108073","targetHints":{"allow":["GET"]}}],"collection":[{"href":"https:\/\/www.automakersnews.cz\/index.php\/wp-json\/wp\/v2\/posts"}],"about":[{"href":"https:\/\/www.automakersnews.cz\/index.php\/wp-json\/wp\/v2\/types\/post"}],"author":[{"embeddable":true,"href":"https:\/\/www.automakersnews.cz\/index.php\/wp-json\/wp\/v2\/users\/1"}],"replies":[{"embeddable":true,"href":"https:\/\/www.automakersnews.cz\/index.php\/wp-json\/wp\/v2\/comments?post=108073"}],"version-history":[{"count":2,"href":"https:\/\/www.automakersnews.cz\/index.php\/wp-json\/wp\/v2\/posts\/108073\/revisions"}],"predecessor-version":[{"id":108076,"href":"https:\/\/www.automakersnews.cz\/index.php\/wp-json\/wp\/v2\/posts\/108073\/revisions\/108076"}],"wp:featuredmedia":[{"embeddable":true,"href":"https:\/\/www.automakersnews.cz\/index.php\/wp-json\/wp\/v2\/media\/108075"}],"wp:attachment":[{"href":"https:\/\/www.automakersnews.cz\/index.php\/wp-json\/wp\/v2\/media?parent=108073"}],"wp:term":[{"taxonomy":"category","embeddable":true,"href":"https:\/\/www.automakersnews.cz\/index.php\/wp-json\/wp\/v2\/categories?post=108073"},{"taxonomy":"post_tag","embeddable":true,"href":"https:\/\/www.automakersnews.cz\/index.php\/wp-json\/wp\/v2\/tags?post=108073"}],"curies":[{"name":"wp","href":"https:\/\/api.w.org\/{rel}","templated":true}]}}