{"id":108081,"date":"2023-11-02T11:11:27","date_gmt":"2023-11-02T11:11:27","guid":{"rendered":"https:\/\/www.automakersnews.cz\/?p=108081"},"modified":"2023-11-02T11:12:41","modified_gmt":"2023-11-02T11:12:41","slug":"osobnosti-testovaly-nove-porsche-cayenne","status":"publish","type":"post","link":"https:\/\/www.automakersnews.cz\/index.php\/2023\/11\/02\/osobnosti-testovaly-nove-porsche-cayenne\/","title":{"rendered":"Celebrity testovaly Cayenne v Her\u00e1lci"},"content":{"rendered":"<p><strong>Porsche Inter Auto CZ sezvalo osobnosti \u010desk\u00e9ho ve\u0159ejn\u00e9ho \u017eivota aby vyzkou\u0161ely nov\u00e9 Porsche Cayenne na na\u0161ich silnic\u00edch. Oslava nov\u00e9ho modelu v Chateau Her\u00e1lec vyvrcholila autentick\u00fdm d\u00edlem Josefa Rataje, kter\u00fd zv\u011b\u010dnil nov\u00e9 Porsche Cayenne na pl\u00e1tno b\u011bhem necel\u00e9 hodiny.<\/strong><!--more--><\/p>\n<p>Nov\u00e9 Porsche Cayenne se v \u010dervenci ofici\u00e1ln\u011b p\u0159edstavilo na \u010desk\u00e9m trhu. Slavnostn\u00ed statickou premi\u00e9ru nyn\u00ed doplnila dynamick\u00e1 prezentace model\u016f Cayenne a Cayenne Coup\u00e9. Ty si vyzkou\u0161ely \u010desk\u00e9 osobnosti z \u0159ad um\u011blc\u016f, gastronomie, modelingu, fashion nebo soci\u00e1ln\u00edch m\u00e9di\u00ed.<\/p>\n<p>\u201ePorsche Cayenne je pro n\u00e1s nejd\u016fle\u017eit\u011bj\u0161\u00ed model,\u201c \u0159\u00edk\u00e1 Jan Sedl\u00e1\u010dek, v\u00fdkonn\u00fd \u0159editel importu automobil\u016f Porsche ze spole\u010dnosti Porsche Inter Auto CZ. \u201eProto jsme pozvali \u010desk\u00e9 osobnosti, aby si sami vyzkou\u0161ely, jak skv\u011ble tohle auto funguje. Bez v\u00fdjimky v\u0161ichni byli z nov\u00e9ho Cayenne nad\u0161eni,\u201c dodal Sedl\u00e1\u010dek.<\/p>\n<p>Pra\u017esk\u00e9 uli\u010dky, d\u00e1lnice D1 nebo klikat\u00e9 okresky Vyso\u010diny \u2013 v\u0161ude byla flotila Porsche Cayenne a Cayenne Coup\u00e9 st\u0159edem pozornosti. Od m\u00f3dn\u00ed kriti\u010dky Iny T. si hlavn\u011b stylov\u00e9 Coup\u00e9 zaslou\u017eilo jasnou zn\u00e1mku 1, udr\u017eiteln\u011b nalad\u011bn\u00e1 influencerka Tereza Salte zase kvitovala elektrick\u00fd dojezd a\u017e 90 km, kter\u00fd nov\u00fd Cayenne E-Hybrid um\u00ed nab\u00eddnout. V\u0161ichni se pak ale shodli, \u017ee osmiv\u00e1lcov\u00fd Cayenne S pat\u0159\u00ed na \u0161pi\u010dku, co\u017e potvrdili i experti z televizn\u00edho po\u0159adu Autosalon.<\/p>\n<p><img loading=\"lazy\" decoding=\"async\" class=\"alignnone size-full wp-image-108084\" src=\"http:\/\/www.automakersnews.cz\/wp-content\/uploads\/2023\/11\/PCEE23_1203_thumbD.jpg\" alt=\"\" width=\"246\" height=\"164\" \/><\/p>\n<p>Po testovac\u00edch j\u00edzd\u00e1ch v okol\u00ed Chateau Her\u00e1lec si pop-artov\u00fd um\u011blec a mal\u00ed\u0159 Josef Rataj p\u0159ipravil p\u0159ekvapen\u00ed. Na pl\u00e1tno b\u011bhem necel\u00e9 hodiny namaloval b\u00edl\u00e9 Porsche Cayenne tak v\u011brn\u00fdm zp\u016fsobem, \u017ee nebyl pochyb o zv\u011b\u010dn\u011bn\u00ed nov\u00e9ho modelu: poznat to \u0161lo hlavn\u011b podle Matrix LED HD sv\u011btel s charakteristick\u00fdm sv\u011bteln\u00fdm podpisem. Potlesk p\u0159\u00edtomn\u00fdch osobnost\u00ed pat\u0159il v\u0161ak nejen jemu, ale tak\u00e9 Porsche Cayenne.<\/p>\n<p><strong>Zdroj: Klosov\u00e1 Petra, Porsche IA<\/strong><\/p>\n","protected":false},"excerpt":{"rendered":"<div class=\"mh-excerpt\"><p>Porsche Inter Auto CZ sezvalo osobnosti \u010desk\u00e9ho ve\u0159ejn\u00e9ho \u017eivota aby vyzkou\u0161ely nov\u00e9 Porsche Cayenne na na\u0161ich silnic\u00edch. Oslava nov\u00e9ho modelu v Chateau Her\u00e1lec vyvrcholila autentick\u00fdm <a class=\"mh-excerpt-more\" href=\"https:\/\/www.automakersnews.cz\/index.php\/2023\/11\/02\/osobnosti-testovaly-nove-porsche-cayenne\/\" title=\"Celebrity testovaly Cayenne v Her\u00e1lci\">[&#8230;]<\/a><\/p>\n<\/div>","protected":false},"author":1,"featured_media":108083,"comment_status":"open","ping_status":"open","sticky":false,"template":"","format":"standard","meta":{"footnotes":""},"categories":[10,67],"tags":[],"class_list":["post-108081","post","type-post","status-publish","format-standard","has-post-thumbnail","hentry","category-eventy","category-test"],"_links":{"self":[{"href":"https:\/\/www.automakersnews.cz\/index.php\/wp-json\/wp\/v2\/posts\/108081","targetHints":{"allow":["GET"]}}],"collection":[{"href":"https:\/\/www.automakersnews.cz\/index.php\/wp-json\/wp\/v2\/posts"}],"about":[{"href":"https:\/\/www.automakersnews.cz\/index.php\/wp-json\/wp\/v2\/types\/post"}],"author":[{"embeddable":true,"href":"https:\/\/www.automakersnews.cz\/index.php\/wp-json\/wp\/v2\/users\/1"}],"replies":[{"embeddable":true,"href":"https:\/\/www.automakersnews.cz\/index.php\/wp-json\/wp\/v2\/comments?post=108081"}],"version-history":[{"count":4,"href":"https:\/\/www.automakersnews.cz\/index.php\/wp-json\/wp\/v2\/posts\/108081\/revisions"}],"predecessor-version":[{"id":108086,"href":"https:\/\/www.automakersnews.cz\/index.php\/wp-json\/wp\/v2\/posts\/108081\/revisions\/108086"}],"wp:featuredmedia":[{"embeddable":true,"href":"https:\/\/www.automakersnews.cz\/index.php\/wp-json\/wp\/v2\/media\/108083"}],"wp:attachment":[{"href":"https:\/\/www.automakersnews.cz\/index.php\/wp-json\/wp\/v2\/media?parent=108081"}],"wp:term":[{"taxonomy":"category","embeddable":true,"href":"https:\/\/www.automakersnews.cz\/index.php\/wp-json\/wp\/v2\/categories?post=108081"},{"taxonomy":"post_tag","embeddable":true,"href":"https:\/\/www.automakersnews.cz\/index.php\/wp-json\/wp\/v2\/tags?post=108081"}],"curies":[{"name":"wp","href":"https:\/\/api.w.org\/{rel}","templated":true}]}}