{"id":108136,"date":"2023-12-18T16:55:06","date_gmt":"2023-12-18T16:55:06","guid":{"rendered":"https:\/\/www.automakersnews.cz\/?p=108136"},"modified":"2023-12-18T16:55:06","modified_gmt":"2023-12-18T16:55:06","slug":"casopis-automakers-shrnul-konec-roku","status":"publish","type":"post","link":"https:\/\/www.automakersnews.cz\/index.php\/2023\/12\/18\/casopis-automakers-shrnul-konec-roku\/","title":{"rendered":"\u010casopis AUTOmakers shrnul konec roku"},"content":{"rendered":"<div class=\"meta-space\">\n<p><strong>Posledn\u00ed leto\u0161n\u00ed vyd\u00e1n\u00ed magaz\u00ednu AUTOmakers p\u0159in\u00e1\u0161\u00ed podzimn\u00edch p\u0159ehled tiskovek a event\u016f v oboru. Nechyb\u00ed interview s dealerem a medailon hned dvou v\u00fdzman\u00fdch PR mana\u017eer\u016f!<\/strong><\/p>\n<\/div>\n<p><!--more--><\/p>\n<p><strong>OBSAH MAGAZ\u00cdNU<\/strong><\/p>\n<p><strong>HLAVN\u00cd T\u00c9MATA<\/strong><\/p>\n<p>Norma EURO 7 v kompromisn\u00ed verzi<\/p>\n<p>Continental chce vybavit auta um\u011blou inteligenc\u00ed<\/p>\n<p>\u0160koda Superb se st\u011bhuje do Bratislavy<\/p>\n<p><img loading=\"lazy\" decoding=\"async\" class=\"alignnone size-medium wp-image-642\" src=\"http:\/\/www.automakers.cz\/wp-content\/uploads\/2023\/12\/Skoda-Superb-production-in-Bratislava-2_46ade400-900x619.jpg\" alt=\"\" width=\"900\" height=\"619\" \/><\/p>\n<p><strong>EVENTY<\/strong><\/p>\n<p>Praha hostila Sv\u011btov\u00fd silni\u010dn\u00ed kongres<\/p>\n<p>Vrchlab\u00ed vyrobilo 5miliontou p\u0159evodovku<\/p>\n<p>Ford \u0161kolil mlad\u00e9 \u0159idi\u010de v Let\u0148anech<\/p>\n<p>Startuje 2. ro\u010dn\u00edk ankety TOP AUTOSERVIS<\/p>\n<p><strong>FLOTILY<br \/>\n<\/strong><\/p>\n<p>\u0160kodovka dodala Enyaqy neziskovk\u00e1m<\/p>\n<p>Scania p\u0159edala autobusy arm\u00e1d\u011b<\/p>\n<p>Arriva kupuje Scanie Irrizar<\/p>\n<p>Daimler Truck prodal Actrossy stavebnin\u00e1m<\/p>\n<p><strong>TISKOVKY A UD\u00c1LOSTI<\/strong><\/p>\n<p>Drivalia pohltila LeasePlan a p\u0159edstavila pl\u00e1ny pro \u010cesko<\/p>\n<p>Novin\u00e1\u0159sk\u00e1 exkurze v Bosch \u010cesk\u00e9 Bud\u011bjovice<\/p>\n<p>Kia uk\u00e1zala nov\u00fd elektromobil v Krabo\u0161ic\u00edch<\/p>\n<p>Nepr\u016fst\u0159eln\u00e9 Audi se uk\u00e1zalo v Ho\u0159ovic\u00edch<\/p>\n<p>Servind obh\u00e1jil prvenstv\u00ed v presti\u017en\u00ed sout\u011b\u017ei<\/p>\n<p>Kodiaq m\u011bl premi\u00e9ru v berl\u00ednsk\u00e9m Tunnelu<\/p>\n<p>Autodrom Mostz sezn\u00e1mil m\u00e9dia s pl\u00e1ny na rok 2024<\/p>\n<p><img loading=\"lazy\" decoding=\"async\" class=\"alignnone size-medium wp-image-97\" src=\"http:\/\/www.automakers.cz\/wp-content\/uploads\/2023\/11\/Autodrom-Most-Zajicek-TK-Stovicek-300x178.jpg\" sizes=\"auto, (max-width: 300px) 100vw, 300px\" srcset=\"https:\/\/www.automakers.cz\/wp-content\/uploads\/2023\/11\/Autodrom-Most-Zajicek-TK-Stovicek-300x178.jpg 300w, https:\/\/www.automakers.cz\/wp-content\/uploads\/2023\/11\/Autodrom-Most-Zajicek-TK-Stovicek-1024x607.jpg 1024w, https:\/\/www.automakers.cz\/wp-content\/uploads\/2023\/11\/Autodrom-Most-Zajicek-TK-Stovicek-768x455.jpg 768w, https:\/\/www.automakers.cz\/wp-content\/uploads\/2023\/11\/Autodrom-Most-Zajicek-TK-Stovicek.jpg 1391w\" alt=\"\" width=\"300\" height=\"178\" \/><\/p>\n<p><strong>LEASING<\/strong><\/p>\n<p>Essox se p\u0159ipravuje na zm\u011bny ve sv\u011bt\u011b mobility<\/p>\n<p>Volkswagen Financial Services sponzoruje Sue Ryder<\/p>\n<p><strong>MOTONOVIN\u00c1\u0158I<\/strong><\/p>\n<p>Jirka Ducho\u0148 \u0159\u00e1dil na tokijsk\u00e9m autosalonu<\/p>\n<p>Karel Ber\u00e1nek slavil 80 let u Mo\u017en\u00fdch<\/p>\n<p>Porotci COTY testovali v Tverstedu<\/p>\n<p>Testovac\u00ed j\u00edzdy ankety Auto roku 2024 na Chvalsk\u00e9 tvrzi<\/p>\n<p><img loading=\"lazy\" decoding=\"async\" class=\"alignnone size-medium wp-image-561\" src=\"http:\/\/www.automakers.cz\/wp-content\/uploads\/2023\/11\/Chvalska-tvrz-Auto-roku-2024-skupina-900x505.jpg\" sizes=\"auto, (max-width: 900px) 100vw, 900px\" srcset=\"https:\/\/www.automakers.cz\/wp-content\/uploads\/2023\/11\/Chvalska-tvrz-Auto-roku-2024-skupina-900x505.jpg 900w, https:\/\/www.automakers.cz\/wp-content\/uploads\/2023\/11\/Chvalska-tvrz-Auto-roku-2024-skupina-1024x575.jpg 1024w, https:\/\/www.automakers.cz\/wp-content\/uploads\/2023\/11\/Chvalska-tvrz-Auto-roku-2024-skupina-768x431.jpg 768w, https:\/\/www.automakers.cz\/wp-content\/uploads\/2023\/11\/Chvalska-tvrz-Auto-roku-2024-skupina.jpg 1179w\" alt=\"\" width=\"900\" height=\"505\" \/><\/p>\n<p><strong>BYZNYS DEALE\u0158I<br \/>\n<\/strong><\/p>\n<p>Havex ovl\u00e1dl Hykro<\/p>\n<p>Zna\u010dka MG m\u00e1 nov\u00e9 dealery a hled\u00e1 dal\u0161\u00ed<\/p>\n<p><img loading=\"lazy\" decoding=\"async\" class=\"alignnone size-medium wp-image-244\" src=\"http:\/\/www.automakers.cz\/wp-content\/uploads\/2023\/11\/eSalon-Vodicka-MG-900x675.jpg\" sizes=\"auto, (max-width: 900px) 100vw, 900px\" srcset=\"https:\/\/www.automakers.cz\/wp-content\/uploads\/2023\/11\/eSalon-Vodicka-MG-900x675.jpg 900w, https:\/\/www.automakers.cz\/wp-content\/uploads\/2023\/11\/eSalon-Vodicka-MG-1024x768.jpg 1024w, https:\/\/www.automakers.cz\/wp-content\/uploads\/2023\/11\/eSalon-Vodicka-MG-768x576.jpg 768w, https:\/\/www.automakers.cz\/wp-content\/uploads\/2023\/11\/eSalon-Vodicka-MG-1536x1152.jpg 1536w, https:\/\/www.automakers.cz\/wp-content\/uploads\/2023\/11\/eSalon-Vodicka-MG.jpg 2040w\" alt=\"\" width=\"900\" height=\"675\" \/><\/p>\n<p><strong>PERSON\u00c1LIE<\/strong><\/p>\n<p>Porsche Inter Auto m\u011bn\u00ed jednatele<\/p>\n<p>Vratislav Kulh\u00e1nek oslavil 80 let<\/p>\n<p><img loading=\"lazy\" decoding=\"async\" class=\"size-medium wp-image-379\" src=\"http:\/\/www.automakers.cz\/wp-content\/uploads\/2023\/11\/Vratislav-Kulhanek-zahlavi-webu-900x506.png\" sizes=\"auto, (max-width: 900px) 100vw, 900px\" srcset=\"https:\/\/www.automakers.cz\/wp-content\/uploads\/2023\/11\/Vratislav-Kulhanek-zahlavi-webu-900x506.png 900w, https:\/\/www.automakers.cz\/wp-content\/uploads\/2023\/11\/Vratislav-Kulhanek-zahlavi-webu-1024x576.png 1024w, https:\/\/www.automakers.cz\/wp-content\/uploads\/2023\/11\/Vratislav-Kulhanek-zahlavi-webu-768x432.png 768w, https:\/\/www.automakers.cz\/wp-content\/uploads\/2023\/11\/Vratislav-Kulhanek-zahlavi-webu-1536x864.png 1536w, https:\/\/www.automakers.cz\/wp-content\/uploads\/2023\/11\/Vratislav-Kulhanek-zahlavi-webu-1280x720.png 1280w, https:\/\/www.automakers.cz\/wp-content\/uploads\/2023\/11\/Vratislav-Kulhanek-zahlavi-webu.png 1920w\" alt=\"\" width=\"900\" height=\"506\" \/><\/p>\n<p>&nbsp;<\/p>\n<p><strong>V\u00ddSTAVY<\/strong><\/p>\n<p>PVA hostilo veletrh e-Salon<\/p>\n<p><img loading=\"lazy\" decoding=\"async\" class=\"alignnone size-medium wp-image-268\" src=\"http:\/\/www.automakers.cz\/wp-content\/uploads\/2023\/11\/eSalon-Vchod-e1699953457942-900x638.jpg\" sizes=\"auto, (max-width: 900px) 100vw, 900px\" srcset=\"https:\/\/www.automakers.cz\/wp-content\/uploads\/2023\/11\/eSalon-Vchod-e1699953457942-900x638.jpg 900w, https:\/\/www.automakers.cz\/wp-content\/uploads\/2023\/11\/eSalon-Vchod-e1699953457942-1024x725.jpg 1024w, https:\/\/www.automakers.cz\/wp-content\/uploads\/2023\/11\/eSalon-Vchod-e1699953457942-768x544.jpg 768w, https:\/\/www.automakers.cz\/wp-content\/uploads\/2023\/11\/eSalon-Vchod-e1699953457942-1536x1088.jpg 1536w, https:\/\/www.automakers.cz\/wp-content\/uploads\/2023\/11\/eSalon-Vchod-e1699953457942.jpg 2040w\" alt=\"\" width=\"900\" height=\"638\" \/><\/p>\n<p><strong>MOTORSPORT<\/strong><\/p>\n<p>Citro\u00ebn Duckar se chyst\u00e1 na Dakar<\/p>\n<p><img loading=\"lazy\" decoding=\"async\" class=\"alignnone size-medium wp-image-350\" src=\"http:\/\/www.automakers.cz\/wp-content\/uploads\/2023\/11\/Citroen-TK-Duckar-Eben-Holicka-900x675.jpg\" sizes=\"auto, (max-width: 900px) 100vw, 900px\" srcset=\"https:\/\/www.automakers.cz\/wp-content\/uploads\/2023\/11\/Citroen-TK-Duckar-Eben-Holicka-900x675.jpg 900w, https:\/\/www.automakers.cz\/wp-content\/uploads\/2023\/11\/Citroen-TK-Duckar-Eben-Holicka-1024x768.jpg 1024w, https:\/\/www.automakers.cz\/wp-content\/uploads\/2023\/11\/Citroen-TK-Duckar-Eben-Holicka-768x576.jpg 768w, https:\/\/www.automakers.cz\/wp-content\/uploads\/2023\/11\/Citroen-TK-Duckar-Eben-Holicka-1536x1152.jpg 1536w, https:\/\/www.automakers.cz\/wp-content\/uploads\/2023\/11\/Citroen-TK-Duckar-Eben-Holicka.jpg 2040w\" alt=\"\" width=\"900\" height=\"675\" \/><\/p>\n<p><strong>MEDAILON PR MANA\u017dERA<\/strong><\/p>\n<p>Rodinn\u00fd PR tandem Kate\u0159ina a Tom\u00e1\u0161<\/p>\n<p><img loading=\"lazy\" decoding=\"async\" class=\"alignnone size-medium wp-image-1031\" src=\"http:\/\/www.automakers.cz\/wp-content\/uploads\/2023\/12\/Katka-Tom-Depo-900x506.jpg\" alt=\"\" width=\"900\" height=\"506\" \/><\/p>\n<p>&nbsp;<\/p>\n","protected":false},"excerpt":{"rendered":"<div class=\"mh-excerpt\"><p>Posledn\u00ed leto\u0161n\u00ed vyd\u00e1n\u00ed magaz\u00ednu AUTOmakers p\u0159in\u00e1\u0161\u00ed podzimn\u00edch p\u0159ehled tiskovek a event\u016f v oboru. Nechyb\u00ed interview s dealerem a medailon hned dvou v\u00fdzman\u00fdch PR mana\u017eer\u016f!<\/p>\n<\/div>","protected":false},"author":1,"featured_media":108137,"comment_status":"open","ping_status":"open","sticky":false,"template":"","format":"standard","meta":{"footnotes":""},"categories":[27],"tags":[],"class_list":["post-108136","post","type-post","status-publish","format-standard","has-post-thumbnail","hentry","category-media"],"_links":{"self":[{"href":"https:\/\/www.automakersnews.cz\/index.php\/wp-json\/wp\/v2\/posts\/108136","targetHints":{"allow":["GET"]}}],"collection":[{"href":"https:\/\/www.automakersnews.cz\/index.php\/wp-json\/wp\/v2\/posts"}],"about":[{"href":"https:\/\/www.automakersnews.cz\/index.php\/wp-json\/wp\/v2\/types\/post"}],"author":[{"embeddable":true,"href":"https:\/\/www.automakersnews.cz\/index.php\/wp-json\/wp\/v2\/users\/1"}],"replies":[{"embeddable":true,"href":"https:\/\/www.automakersnews.cz\/index.php\/wp-json\/wp\/v2\/comments?post=108136"}],"version-history":[{"count":1,"href":"https:\/\/www.automakersnews.cz\/index.php\/wp-json\/wp\/v2\/posts\/108136\/revisions"}],"predecessor-version":[{"id":108138,"href":"https:\/\/www.automakersnews.cz\/index.php\/wp-json\/wp\/v2\/posts\/108136\/revisions\/108138"}],"wp:featuredmedia":[{"embeddable":true,"href":"https:\/\/www.automakersnews.cz\/index.php\/wp-json\/wp\/v2\/media\/108137"}],"wp:attachment":[{"href":"https:\/\/www.automakersnews.cz\/index.php\/wp-json\/wp\/v2\/media?parent=108136"}],"wp:term":[{"taxonomy":"category","embeddable":true,"href":"https:\/\/www.automakersnews.cz\/index.php\/wp-json\/wp\/v2\/categories?post=108136"},{"taxonomy":"post_tag","embeddable":true,"href":"https:\/\/www.automakersnews.cz\/index.php\/wp-json\/wp\/v2\/tags?post=108136"}],"curies":[{"name":"wp","href":"https:\/\/api.w.org\/{rel}","templated":true}]}}