{"id":108147,"date":"2024-02-11T12:23:34","date_gmt":"2024-02-11T12:23:34","guid":{"rendered":"https:\/\/www.automakersnews.cz\/?p=108147"},"modified":"2024-02-11T12:23:34","modified_gmt":"2024-02-11T12:23:34","slug":"autoklub-cr-hostil-galavecer-mistru","status":"publish","type":"post","link":"https:\/\/www.automakersnews.cz\/index.php\/2024\/02\/11\/autoklub-cr-hostil-galavecer-mistru\/","title":{"rendered":"Autoklub \u010cR hostil galave\u010der mistr\u016f"},"content":{"rendered":"<p><strong>Klubov\u00fd d\u016fm A\u010cR hostil za\u010d\u00e1tkem \u00fanora galave\u010der mistr\u016f a v\u00edt\u011bz\u016f evropsk\u00e9ho \u0161ampion\u00e1tu v autocrossu, nejlep\u0161\u00edch jezdc\u016f mistrovstv\u00ed sv\u011bta v rallycrossu a hlavn\u00edch p\u0159edstavitel\u016f off-road discipl\u00edn FIA.<\/strong><span id=\"more-2024\"><\/span><span id=\"more-53\"><\/span><!--more--><\/p>\n<p>Slavnostn\u00edmu dekorov\u00e1n\u00ed v\u00edt\u011bz\u016f p\u0159edch\u00e1zelo p\u00e1te\u010dn\u00ed zased\u00e1n\u00ed off-road komise FIA a sobotn\u00ed dopoledn\u00ed semin\u00e1\u0159 za \u00fa\u010dasti z\u00e1stupc\u016f FIA, A\u010cR, \u010dinovn\u00edk\u016f, technik\u016f a po\u0159adatel\u016f jednotliv\u00fdch podnik\u016f.<\/p>\n<p><img loading=\"lazy\" decoding=\"async\" class=\"alignnone size-medium wp-image-2029\" src=\"http:\/\/www.automakers.cz\/wp-content\/uploads\/2024\/02\/Autoklub-CR-galavecer-2024-900x600.jpg\" sizes=\"auto, (max-width: 900px) 100vw, 900px\" srcset=\"https:\/\/www.automakers.cz\/wp-content\/uploads\/2024\/02\/Autoklub-CR-galavecer-2024-900x600.jpg 900w, https:\/\/www.automakers.cz\/wp-content\/uploads\/2024\/02\/Autoklub-CR-galavecer-2024-1024x683.jpg 1024w, https:\/\/www.automakers.cz\/wp-content\/uploads\/2024\/02\/Autoklub-CR-galavecer-2024-768x512.jpg 768w, https:\/\/www.automakers.cz\/wp-content\/uploads\/2024\/02\/Autoklub-CR-galavecer-2024.jpg 1500w\" alt=\"\" width=\"900\" height=\"600\" \/><\/p>\n<p>Smetan\u016fv s\u00e1l klubov\u00e9ho domu naplnilo celkem 160 host\u016f z\u00a0cel\u00e9 Evropy. Krom\u011b oce\u0148ovan\u00fdch jezdc\u016f byli vyhl\u00e1\u0161eni nej\u00fasp\u011b\u0161n\u011bj\u0161\u00ed po\u0159adatel\u00e9 a t\u00fdmy. Ve\u010derem prov\u00e1zel zn\u00e1m\u00fd sportovn\u00ed redaktor Radek Mazal, slavnostn\u00ed atmosf\u00e9ru prov\u00e1zela videoprojekce, hudba a sv\u011bteln\u00e1 tane\u010dn\u00ed show.<\/p>\n<p>\u201ePro Autoklub a celou \u010ceskou republiku je opravdu velkou ct\u00ed, \u017ee se tahle presti\u017en\u00ed akce mohla uskute\u010dnit u n\u00e1s. P\u0159edch\u00e1zela tomu pochopiteln\u011b usilovn\u00e1 pr\u00e1ce a jsem opravdu velice pot\u011b\u0161en skute\u010dnost\u00ed, \u017ee m\u00e1me tak velkou d\u016fv\u011bru u FIA. Stala se z\u00a0n\u00e1s po\u0159adatelsk\u00e1 velmoc v\u00a0\u0159ad\u011b automobilov\u00fdch i motocyklov\u00fdch discipl\u00edn. Vrcholem byla lo\u0148sk\u00e1 Central European Rally, kter\u00e1 splnila sen n\u011bkolika generac\u00ed fanou\u0161k\u016f motorsportu. A t\u00edm rozhodn\u011b nekon\u010d\u00edme. D\u00edky na\u0161emu zapojen\u00ed v\u00a0n\u011bkolika komis\u00edch FIA a ve sv\u011btov\u00e9 rad\u011b motorsportu, m\u016f\u017eeme ovliv\u0148ovat v\u00fdvoj a dal\u0161\u00ed sm\u011b\u0159ov\u00e1n\u00ed jednotliv\u00fdch discipl\u00edn,\u201c poznamenal prezident A\u010cR a \u010dlen sv\u011btov\u00e9 rady motorsportu FIA \u2013 Jan \u0160\u0165ov\u00ed\u010dek.<\/p>\n<p>\u201eZa lo\u0148sk\u00fd rok m\u00e1me n\u011bkolik mistr\u016f a vicemistr\u016f sv\u011bta a nap\u0159\u00edklad pr\u00e1v\u011b v\u00a0autocrossu se m\u016f\u017eeme chlubit t\u0159emi tituly mistr\u016f Evropy. Je skv\u011bl\u00fd pocit, \u017ee si Arno\u0161t Flori\u00e1n, Kuba Novotn\u00fd a Petr Nikod\u00e9m mohli sv\u00e9 trofeje p\u0159evz\u00edt p\u0159\u00edmo v\u00a0budov\u011b Autoklubu. A t\u011b\u0161\u00ed m\u011b, \u017ee podle ohlas\u016f byli host\u00e9 galave\u010dera nad\u0161en\u00ed nejen z\u00a0na\u0161eho klubov\u00e9ho domu, ale tak\u00e9 z\u00a0n\u00e1v\u0161t\u011bvy historick\u00e9ho centra Prahy,\u201c doplnil gener\u00e1ln\u00ed sekret\u00e1\u0159 A\u010cR \u2013 Tom\u00e1\u0161 Kunc.<\/p>\n<p>Slavnostn\u00ed galave\u010der ukon\u010dil nabit\u00fd dvoudenn\u00ed program, jeho\u017e pracovn\u00ed \u010d\u00e1st zahrnovala zhodnocen\u00ed lo\u0148sk\u00e9 sez\u00f3ny v\u00a0discipl\u00edn\u00e1ch off-road a p\u0159\u00edpravu dal\u0161\u00edch ro\u010dn\u00edk\u016f.<\/p>\n<p><strong>Zdroj: A\u010cR<\/strong><\/p>\n<p><img loading=\"lazy\" decoding=\"async\" class=\"alignnone size-medium wp-image-2028\" src=\"http:\/\/www.automakers.cz\/wp-content\/uploads\/2024\/02\/Autoklub-gala-sklenicky-900x600.jpg\" sizes=\"auto, (max-width: 900px) 100vw, 900px\" srcset=\"https:\/\/www.automakers.cz\/wp-content\/uploads\/2024\/02\/Autoklub-gala-sklenicky-900x600.jpg 900w, https:\/\/www.automakers.cz\/wp-content\/uploads\/2024\/02\/Autoklub-gala-sklenicky-1024x683.jpg 1024w, https:\/\/www.automakers.cz\/wp-content\/uploads\/2024\/02\/Autoklub-gala-sklenicky-768x512.jpg 768w, https:\/\/www.automakers.cz\/wp-content\/uploads\/2024\/02\/Autoklub-gala-sklenicky.jpg 1500w\" alt=\"\" width=\"900\" height=\"600\" \/><\/p>\n<div class=\"heateor_sss_sharing_container heateor_sss_vertical_sharing heateor_sss_bottom_sharing\" data-heateor-sss-href=\"https:\/\/www.automakers.cz\/?p=2024\"><\/div>\n<p>&nbsp;<\/p>\n","protected":false},"excerpt":{"rendered":"<div class=\"mh-excerpt\"><p>Klubov\u00fd d\u016fm A\u010cR hostil za\u010d\u00e1tkem \u00fanora galave\u010der mistr\u016f a v\u00edt\u011bz\u016f evropsk\u00e9ho \u0161ampion\u00e1tu v autocrossu, nejlep\u0161\u00edch jezdc\u016f mistrovstv\u00ed sv\u011bta v rallycrossu a hlavn\u00edch p\u0159edstavitel\u016f off-road discipl\u00edn <a class=\"mh-excerpt-more\" href=\"https:\/\/www.automakersnews.cz\/index.php\/2024\/02\/11\/autoklub-cr-hostil-galavecer-mistru\/\" title=\"Autoklub \u010cR hostil galave\u010der mistr\u016f\">[&#8230;]<\/a><\/p>\n<\/div>","protected":false},"author":1,"featured_media":108148,"comment_status":"open","ping_status":"open","sticky":false,"template":"","format":"standard","meta":{"footnotes":""},"categories":[16],"tags":[],"class_list":["post-108147","post","type-post","status-publish","format-standard","has-post-thumbnail","hentry","category-motorsport"],"_links":{"self":[{"href":"https:\/\/www.automakersnews.cz\/index.php\/wp-json\/wp\/v2\/posts\/108147","targetHints":{"allow":["GET"]}}],"collection":[{"href":"https:\/\/www.automakersnews.cz\/index.php\/wp-json\/wp\/v2\/posts"}],"about":[{"href":"https:\/\/www.automakersnews.cz\/index.php\/wp-json\/wp\/v2\/types\/post"}],"author":[{"embeddable":true,"href":"https:\/\/www.automakersnews.cz\/index.php\/wp-json\/wp\/v2\/users\/1"}],"replies":[{"embeddable":true,"href":"https:\/\/www.automakersnews.cz\/index.php\/wp-json\/wp\/v2\/comments?post=108147"}],"version-history":[{"count":1,"href":"https:\/\/www.automakersnews.cz\/index.php\/wp-json\/wp\/v2\/posts\/108147\/revisions"}],"predecessor-version":[{"id":108149,"href":"https:\/\/www.automakersnews.cz\/index.php\/wp-json\/wp\/v2\/posts\/108147\/revisions\/108149"}],"wp:featuredmedia":[{"embeddable":true,"href":"https:\/\/www.automakersnews.cz\/index.php\/wp-json\/wp\/v2\/media\/108148"}],"wp:attachment":[{"href":"https:\/\/www.automakersnews.cz\/index.php\/wp-json\/wp\/v2\/media?parent=108147"}],"wp:term":[{"taxonomy":"category","embeddable":true,"href":"https:\/\/www.automakersnews.cz\/index.php\/wp-json\/wp\/v2\/categories?post=108147"},{"taxonomy":"post_tag","embeddable":true,"href":"https:\/\/www.automakersnews.cz\/index.php\/wp-json\/wp\/v2\/tags?post=108147"}],"curies":[{"name":"wp","href":"https:\/\/api.w.org\/{rel}","templated":true}]}}