{"id":108163,"date":"2024-07-22T09:17:59","date_gmt":"2024-07-22T09:17:59","guid":{"rendered":"https:\/\/www.automakersnews.cz\/?p=108163"},"modified":"2024-07-22T09:17:59","modified_gmt":"2024-07-22T09:17:59","slug":"v-moste-padl-tratovy-i-divacky-rekord","status":"publish","type":"post","link":"https:\/\/www.automakersnews.cz\/index.php\/2024\/07\/22\/v-moste-padl-tratovy-i-divacky-rekord\/","title":{"rendered":"V Most\u011b padl tra\u0165ov\u00fd i div\u00e1ck\u00fd rekord"},"content":{"rendered":"<p><strong>O<\/strong><b> v\u00edkendu se na mosteck\u00e9m okruhu odehr\u00e1lo \u0161est\u00e9 kolo MOTUL FIM Superbike World Championship, kter\u00e9 p\u0159il\u00e1kalo rekordn\u00ed po\u010det n\u00e1v\u0161t\u011bvn\u00edk\u016f a p\u0159ineslo nov\u00e9 tra\u0165ov\u00e9 rekordy. Celkem 58 474 fanou\u0161k\u016f si nenechalo uj\u00edt ud\u00e1lost, co\u017e znamen\u00e1 n\u00e1r\u016fst n\u00e1v\u0161t\u011bvnosti o t\u00e9m\u011b\u0159 10 % oproti lo\u0148sk\u00e9mu roku.<\/b><span id=\"more-5761\"><\/span><span id=\"more-452\"><\/span><!--more--><\/p>\n<p>Div\u00e1ci byli sv\u011bdky vynikaj\u00edc\u00edch v\u00fdkon\u016f a jedn\u00edm z vrchol\u016f v\u00edkendu se stal i nov\u00fd tra\u0165ov\u00fd rekord, kter\u00fd stanovil sou\u010dasn\u00fd l\u00eddr \u0161ampion\u00e1tu, tureck\u00fd jezdec Toprak Razgatlioglu. B\u011bhem v\u00edkendu dominoval v obou hlavn\u00edch z\u00e1vodech i v ned\u011bln\u00edm sprintov\u00e9m superpole race, kde zajel nov\u00fd ofici\u00e1ln\u00ed tra\u0165ov\u00fd rekord s \u010dasem 1\u201931.180 min. Razgatlioglu dos\u00e1hl 10 v\u00edt\u011bzstv\u00ed v \u0159ad\u011b a p\u0159ipsal si sv\u00e9 50. v\u00edt\u011bzstv\u00ed v \u0161ampion\u00e1tu WorldSBK.<\/p>\n<p><img loading=\"lazy\" decoding=\"async\" class=\"alignnone size-medium wp-image-5766\" src=\"http:\/\/www.automakers.cz\/wp-content\/uploads\/2024\/07\/nedele_59-900x600.jpg\" sizes=\"auto, (max-width: 900px) 100vw, 900px\" srcset=\"https:\/\/www.automakers.cz\/wp-content\/uploads\/2024\/07\/nedele_59-900x600.jpg 900w, https:\/\/www.automakers.cz\/wp-content\/uploads\/2024\/07\/nedele_59-1024x683.jpg 1024w, https:\/\/www.automakers.cz\/wp-content\/uploads\/2024\/07\/nedele_59-768x512.jpg 768w, https:\/\/www.automakers.cz\/wp-content\/uploads\/2024\/07\/nedele_59-1536x1024.jpg 1536w, https:\/\/www.automakers.cz\/wp-content\/uploads\/2024\/07\/nedele_59.jpg 2048w\" alt=\"\" width=\"900\" height=\"600\" \/>Nejen zahrani\u010dn\u00ed jezdci, ale i \u010de\u0161t\u00ed z\u00e1vodn\u00edci si vedli dob\u0159e. Ond\u0159ej Vostatek v kategorii \u0161estistovek skon\u010dil v ned\u011bln\u00edm z\u00e1vod\u011b na dvan\u00e1ct\u00e9m m\u00edst\u011b a p\u0159ipsal si body do celkov\u00e9ho hodnocen\u00ed. Dal\u0161\u00edm \u010desk\u00fdm jezdcem, kter\u00fd si oproti sobotn\u00edmu z\u00e1vodu polep\u0161il o jednu p\u0159\u00ed\u010dku, byl Filip Feigl, kter\u00fd skon\u010dil na 20. m\u00edst\u011b. V kategorii t\u0159\u00edstovek se Danielu Ture\u010dkovi kv\u016fli technick\u00fdm probl\u00e9m\u016fm nepoda\u0159ilo z\u00e1vod dokon\u010dit, zat\u00edmco nejmlad\u0161\u00ed jezdec \u0161ampion\u00e1tu Filip Novotn\u00fd dojel sedmn\u00e1ct\u00fd a vyrovnal tak sv\u016fj dosavadn\u00ed nejlep\u0161\u00ed v\u00fdsledek v\u00a0prvn\u00ed sez\u00f3n\u011b.<\/p>\n<p><iframe loading=\"lazy\" id=\"_ytid_56917\" class=\"__youtube_prefs__ epyt-is-override no-lazyload\" title=\"WORLD SBK 2024 MOST @worldsbk\" src=\"https:\/\/www.youtube.com\/embed\/oq-dp1Y1k_c?enablejsapi=1&amp;autoplay=0&amp;cc_load_policy=0&amp;cc_lang_pref=&amp;iv_load_policy=1&amp;loop=0&amp;modestbranding=0&amp;rel=1&amp;fs=1&amp;playsinline=0&amp;autohide=2&amp;theme=dark&amp;color=red&amp;controls=1&amp;\" width=\"640\" height=\"360\" allowfullscreen=\"allowfullscreen\" data-origwidth=\"640\" data-origheight=\"360\" data-no-lazy=\"1\" data-skipgform_ajax_framebjll=\"\" data-mce-fragment=\"1\"><\/iframe><\/p>\n<p>&nbsp;<\/p>\n<p><img loading=\"lazy\" decoding=\"async\" class=\"alignnone size-medium wp-image-5768\" src=\"http:\/\/www.automakers.cz\/wp-content\/uploads\/2024\/07\/nedele_99-900x600.jpg\" sizes=\"auto, (max-width: 900px) 100vw, 900px\" srcset=\"https:\/\/www.automakers.cz\/wp-content\/uploads\/2024\/07\/nedele_99-900x600.jpg 900w, https:\/\/www.automakers.cz\/wp-content\/uploads\/2024\/07\/nedele_99-1024x683.jpg 1024w, https:\/\/www.automakers.cz\/wp-content\/uploads\/2024\/07\/nedele_99-768x512.jpg 768w, https:\/\/www.automakers.cz\/wp-content\/uploads\/2024\/07\/nedele_99-1536x1024.jpg 1536w, https:\/\/www.automakers.cz\/wp-content\/uploads\/2024\/07\/nedele_99.jpg 2048w\" alt=\"\" width=\"900\" height=\"600\" \/>Organiz\u00e1to\u0159i jsou s v\u00edkendem velmi spokojeni.\u00a0<em>\u201eDo WorldSBK jsme \u0161li s c\u00edlem vybudovat tradici a to se n\u00e1m da\u0159\u00ed. D\u016fkazem je vzr\u016fstaj\u00edc\u00ed n\u00e1v\u0161t\u011bvnost a spokojen\u00ed div\u00e1ci, kte\u0159\u00ed se k n\u00e1m vrac\u00ed. Ale tak\u00e9 samotn\u00fd koncept \u0161ampion\u00e1tu je velmi div\u00e1cky atraktivn\u00ed a fanou\u0161ci mohou z\u00e1vody sledovat ve velmi t\u011bsn\u00e9m kontaktu s jezdci, co\u017e jinde nenajdete. S promot\u00e9rem jedn\u00e1me o prodlou\u017een\u00ed kontaktu, z\u00e1jem je na obou stran\u00e1ch. V\u0161e je tedy na dobr\u00e9 cest\u011b, ale na ofici\u00e1ln\u00ed ozn\u00e1men\u00ed si fanou\u0161ci je\u0161t\u011b mus\u00ed po\u010dkat,\u201c<\/em>\u00a0uvedl Josef Zaj\u00ed\u010dek, p\u0159edseda p\u0159edstavenstva Autodrom Most a.s. a \u010dlen Automotoklub Most v A\u010cR.<\/p>\n<p><img loading=\"lazy\" decoding=\"async\" class=\"alignnone size-medium wp-image-5769\" src=\"http:\/\/www.automakers.cz\/wp-content\/uploads\/2024\/07\/nedele_6-900x600.jpg\" sizes=\"auto, (max-width: 900px) 100vw, 900px\" srcset=\"https:\/\/www.automakers.cz\/wp-content\/uploads\/2024\/07\/nedele_6-900x600.jpg 900w, https:\/\/www.automakers.cz\/wp-content\/uploads\/2024\/07\/nedele_6-1024x683.jpg 1024w, https:\/\/www.automakers.cz\/wp-content\/uploads\/2024\/07\/nedele_6-768x512.jpg 768w, https:\/\/www.automakers.cz\/wp-content\/uploads\/2024\/07\/nedele_6-1536x1024.jpg 1536w, https:\/\/www.automakers.cz\/wp-content\/uploads\/2024\/07\/nedele_6.jpg 2048w\" alt=\"\" width=\"900\" height=\"600\" \/>Podobn\u011b pozitivn\u011b hodnot\u00ed mosteck\u00e9 z\u00e1vody i promot\u00e9r.<em>\u00a0\u201eOd n\u00e1vratu WorldSBK do \u010cesk\u00e9 republiky v roce 2021 vy\u00fastila na\u0161e spolupr\u00e1ce s Autodromem Most ve velmi popul\u00e1rn\u00ed a \u00fasp\u011b\u0161nou akci. O jej\u00edm \u00fasp\u011bchu sv\u011bd\u010d\u00ed ka\u017edoro\u010dn\u011b rostouc\u00ed n\u00e1v\u0161t\u011bvnost. Most je pro WorldSBK vynikaj\u00edc\u00edm hostitelem, kter\u00fd nab\u00edz\u00ed nap\u00ednav\u00e9 d\u011bn\u00ed na trati a jedine\u010dn\u00fd z\u00e1\u017eitek pro fanou\u0161ky. T\u011b\u0161\u00edme se, \u017ee na \u00fasp\u011bch t\u011bchto prvn\u00edch \u010dty\u0159 ro\u010dn\u00edk\u016f budeme moci nav\u00e1zat i v dal\u0161\u00edch letech,\u201c<\/em>\u00a0zhodnotil uplynul\u00fd v\u00edkend a celkovou spolupr\u00e1ci Gregorio Lavilla, v\u00fdkonn\u00fd \u0159editel WorldSBK.<\/p>\n<p><img loading=\"lazy\" decoding=\"async\" class=\"alignnone size-medium wp-image-5770\" src=\"http:\/\/www.automakers.cz\/wp-content\/uploads\/2024\/07\/nedele_32-900x600.jpg\" sizes=\"auto, (max-width: 900px) 100vw, 900px\" srcset=\"https:\/\/www.automakers.cz\/wp-content\/uploads\/2024\/07\/nedele_32-900x600.jpg 900w, https:\/\/www.automakers.cz\/wp-content\/uploads\/2024\/07\/nedele_32-1024x683.jpg 1024w, https:\/\/www.automakers.cz\/wp-content\/uploads\/2024\/07\/nedele_32-768x512.jpg 768w, https:\/\/www.automakers.cz\/wp-content\/uploads\/2024\/07\/nedele_32-1536x1024.jpg 1536w, https:\/\/www.automakers.cz\/wp-content\/uploads\/2024\/07\/nedele_32.jpg 2048w\" alt=\"\" width=\"900\" height=\"600\" \/>Ned\u011bln\u00ed z\u00e1vody p\u0159il\u00e1kaly i prezidenta \u010cesk\u00e9 republiky Petra Pavla, kter\u00fd dorazil mezi fanou\u0161ky na vlastn\u00edm motocyklu, odstartoval jeden ze z\u00e1vod\u016f a p\u0159edal trofej v\u00edt\u011bzi hlavn\u00edho z\u00e1vodu.<\/p>\n<p><strong>Zdroj: Autodrom Most, Radek Laube, FOTO a VIDEO: Autodrom Most<\/strong><\/p>\n","protected":false},"excerpt":{"rendered":"<div class=\"mh-excerpt\"><p>O v\u00edkendu se na mosteck\u00e9m okruhu odehr\u00e1lo \u0161est\u00e9 kolo MOTUL FIM Superbike World Championship, kter\u00e9 p\u0159il\u00e1kalo rekordn\u00ed po\u010det n\u00e1v\u0161t\u011bvn\u00edk\u016f a p\u0159ineslo nov\u00e9 tra\u0165ov\u00e9 rekordy. Celkem <a class=\"mh-excerpt-more\" href=\"https:\/\/www.automakersnews.cz\/index.php\/2024\/07\/22\/v-moste-padl-tratovy-i-divacky-rekord\/\" title=\"V Most\u011b padl tra\u0165ov\u00fd i div\u00e1ck\u00fd rekord\">[&#8230;]<\/a><\/p>\n<\/div>","protected":false},"author":1,"featured_media":108164,"comment_status":"open","ping_status":"open","sticky":false,"template":"","format":"standard","meta":{"footnotes":""},"categories":[46,16],"tags":[],"class_list":["post-108163","post","type-post","status-publish","format-standard","has-post-thumbnail","hentry","category-motocykly","category-motorsport"],"_links":{"self":[{"href":"https:\/\/www.automakersnews.cz\/index.php\/wp-json\/wp\/v2\/posts\/108163","targetHints":{"allow":["GET"]}}],"collection":[{"href":"https:\/\/www.automakersnews.cz\/index.php\/wp-json\/wp\/v2\/posts"}],"about":[{"href":"https:\/\/www.automakersnews.cz\/index.php\/wp-json\/wp\/v2\/types\/post"}],"author":[{"embeddable":true,"href":"https:\/\/www.automakersnews.cz\/index.php\/wp-json\/wp\/v2\/users\/1"}],"replies":[{"embeddable":true,"href":"https:\/\/www.automakersnews.cz\/index.php\/wp-json\/wp\/v2\/comments?post=108163"}],"version-history":[{"count":2,"href":"https:\/\/www.automakersnews.cz\/index.php\/wp-json\/wp\/v2\/posts\/108163\/revisions"}],"predecessor-version":[{"id":108166,"href":"https:\/\/www.automakersnews.cz\/index.php\/wp-json\/wp\/v2\/posts\/108163\/revisions\/108166"}],"wp:featuredmedia":[{"embeddable":true,"href":"https:\/\/www.automakersnews.cz\/index.php\/wp-json\/wp\/v2\/media\/108164"}],"wp:attachment":[{"href":"https:\/\/www.automakersnews.cz\/index.php\/wp-json\/wp\/v2\/media?parent=108163"}],"wp:term":[{"taxonomy":"category","embeddable":true,"href":"https:\/\/www.automakersnews.cz\/index.php\/wp-json\/wp\/v2\/categories?post=108163"},{"taxonomy":"post_tag","embeddable":true,"href":"https:\/\/www.automakersnews.cz\/index.php\/wp-json\/wp\/v2\/tags?post=108163"}],"curies":[{"name":"wp","href":"https:\/\/api.w.org\/{rel}","templated":true}]}}