{"id":108167,"date":"2024-07-25T08:49:17","date_gmt":"2024-07-25T08:49:17","guid":{"rendered":"https:\/\/www.automakersnews.cz\/?p=108167"},"modified":"2024-07-25T08:49:17","modified_gmt":"2024-07-25T08:49:17","slug":"cdv-cesko-ma-5200-dobijecich-bodu-pro-28-000-elektroaut","status":"publish","type":"post","link":"https:\/\/www.automakersnews.cz\/index.php\/2024\/07\/25\/cdv-cesko-ma-5200-dobijecich-bodu-pro-28-000-elektroaut\/","title":{"rendered":"CDV: \u010cesko m\u00e1 5200 dob\u00edjec\u00edch bod\u016f pro 28 000 elektroaut"},"content":{"rendered":"<p><strong>V \u010cesku je provozov\u00e1no 5 184 ve\u0159ejn\u00fdch dob\u00edjec\u00edch bod\u016f pro 27 658 osobn\u00edch bateriov\u00fdch elektrick\u00fdch vozidel. Pod\u00edl vysoce v\u00fdkonn\u00fdch ve\u0159ejn\u00fdch dob\u00edjec\u00edch bod\u016f s velmi rychl\u00fdm dob\u00edjen\u00edm (150+ kW) dos\u00e1hl na konci \u010dervna 6,6 % (344 bod\u016f), uv\u00e1d\u00ed Centrum dopravn\u00edho v\u00fdzkumu.<br \/>\n<\/strong><span id=\"more-5890\"><\/span><!--more--><\/p>\n<p>Z pohledu zna\u010dek jsou nej\u010dast\u011bji zastoupeny elektromobily Tesla (6 055), \u0160koda (4 365), Volkswagen (2 948), BMW (2 613) a Hyundai (2 047), vypl\u00fdv\u00e1 z aktualizovan\u00fdch informac\u00ed webu \u010cist\u00e1 doprava, kter\u00e9 vych\u00e1zej\u00ed ze zdrojov\u00fdch dat Evropsk\u00e9 observato\u0159e pro alternativn\u00ed paliva a Ministerstva dopravy.<\/p>\n<p><strong>Bateriov\u00e9 elektromobily v \u010cesku<\/strong><\/p>\n<p>Celkem bylo k 30. \u010dervnu 2024 v Centr\u00e1ln\u00edm registru vozidel Ministerstva dopravy evidov\u00e1no 40 584 BEVs: 11 092 kat. L, 27 658 kat. M1, 2 kat. M2, 167 kat. M3, 1 606 kat. N1, 10 kat. N2, 21 kat. N3 a 28 BEVs za\u0159azen\u00fdch jako ostatn\u00ed.<\/p>\n<p>Nejregistrovan\u011bj\u0161\u00ed bateriov\u00e1 elektrick\u00e1 vozidla dle kategorie a zna\u010dky:<\/p>\n<p>\u2013 Kategorie L: HECHT (3 169), SUPER SOCO (526), AKUMOTO (490)<\/p>\n<p>\u2013 Kategorie M1: TESLA (6 055), \u0160KODA (4 365), VOLKSWAGEN (2 948)<\/p>\n<p>\u2013 Kategorie M3: SOR (79), \u0160KODA (43), SOLARIS (27)<\/p>\n<p>\u2013 Kategorie N1: RENAULT (179), FORD (163), MERCEDES-BENZ (158)<\/p>\n<p>\u2013 Kategorie N2: FUSO (5), FORD (4), FIAT (1)<\/p>\n<p>\u2013 Kategorie N3: VOLVO (11), MERCEDES-BENZ (6), FRAMO (3)<\/p>\n<p><img loading=\"lazy\" decoding=\"async\" class=\"alignnone size-medium wp-image-5893\" src=\"http:\/\/www.automakers.cz\/wp-content\/uploads\/2024\/07\/o2-Vyvoj-podilu-registraci-novych-osobnich-elektrickych-vozidel-v-zemich-EU-v-obdobi-leden-cerven-900x355.png\" sizes=\"auto, (max-width: 900px) 100vw, 900px\" srcset=\"https:\/\/www.automakers.cz\/wp-content\/uploads\/2024\/07\/o2-Vyvoj-podilu-registraci-novych-osobnich-elektrickych-vozidel-v-zemich-EU-v-obdobi-leden-cerven-900x355.png 900w, https:\/\/www.automakers.cz\/wp-content\/uploads\/2024\/07\/o2-Vyvoj-podilu-registraci-novych-osobnich-elektrickych-vozidel-v-zemich-EU-v-obdobi-leden-cerven-1024x404.png 1024w, https:\/\/www.automakers.cz\/wp-content\/uploads\/2024\/07\/o2-Vyvoj-podilu-registraci-novych-osobnich-elektrickych-vozidel-v-zemich-EU-v-obdobi-leden-cerven-768x303.png 768w, https:\/\/www.automakers.cz\/wp-content\/uploads\/2024\/07\/o2-Vyvoj-podilu-registraci-novych-osobnich-elektrickych-vozidel-v-zemich-EU-v-obdobi-leden-cerven.png 1123w\" alt=\"\" width=\"900\" height=\"355\" \/><\/p>\n<p>B\u011bhem uplynul\u00e9ho p\u016flroku bylo v \u010cesku registrov\u00e1no celkem 5 622 BEVs kategorie M1, 1 460 z nich bylo ojet\u00fdch, tj. 26,0 %, v sou\u010dtu si v leto\u0161n\u00edm roce (zat\u00edm) p\u0159ipsala nejv\u00edce registrac\u00ed Tesla (1 987 ks, z toho 274 ojet\u00fdch, tj. 13,8 %) p\u0159ed \u0160kodou (489 ks, z toho 55 ojet\u00fdch, tj. 11,2 %) a BMW (476 ks, z toho 264 ojet\u00fdch, tj. 55,5 %).<\/p>\n<p>K nejpopul\u00e1rn\u011bj\u0161\u00edm ojetin\u00e1m z pohledu zna\u010dek pat\u0159ily v leto\u0161n\u00edm roce Tesla (274), BMW (264), Volkswagen (220), Hyundai (105) a Nissan (66). Firemn\u00ed z\u00e1kazn\u00edci nej\u010dast\u011bji volili zna\u010dky Tesla (1 538), \u0160koda (458) a BMW (347), ti soukrom\u00ed pak zna\u010dku Tesla (449 ks), p\u0159ed BMW (129) a Volkswagenem (128).<\/p>\n<p><strong>Nov\u00e9 bateriov\u00e9 elektromobily v zem\u00edch EU meziro\u010dn\u011b vzrostly o 1,3 %<\/strong><\/p>\n<p>V EU bylo od ledna do \u010dervna tohoto roku registrov\u00e1no 5 683 843 nov\u00fdch osobn\u00edch vozidel (meziro\u010dn\u011b o 4,5 % v\u00edce), z nich 712 637 bylo bateriov\u00fdch elektrick\u00fdch (meziro\u010dn\u011b o 1,3 % v\u00edce).<\/p>\n<p>Bateriov\u00e9 elektromobily se s pod\u00edlem 12,5 % staly \u010dtvrtou nejobl\u00edben\u011bj\u0161\u00ed volbou, nejv\u00edce registrac\u00ed si p\u0159ipsaly benz\u00ednov\u00e9 motorizace (35,3% pod\u00edl; meziro\u010dn\u011b -0,5 %), p\u0159ed hybridn\u00edmi bez extern\u00edho dob\u00edjen\u00ed (29,2% pod\u00edl; meziro\u010dn\u011b +22,3 %) a dieselov\u00fdmi (12,9% pod\u00edl; meziro\u010dn\u011b -7,4 %), plug-in hybridy pak dos\u00e1hly pod\u00edlu 6,9 % (meziro\u010dn\u011b -2,5 %).<\/p>\n<p>Na relativn\u011b n\u00edzk\u00fd, pouze 1,3% meziro\u010dn\u00ed r\u016fst registrac\u00ed nov\u00fdch osobn\u00edch bateriov\u00fdch elektromobil\u016f b\u011bhem uplynul\u00fdch \u0161esti m\u011bs\u00edc\u016f v zem\u00edch EU, m\u011bla vliv zejm\u00e9na situace na nejv\u011bt\u0161\u00edm evropsk\u00e9m trhu \u2013 v N\u011bmecku, kde bylo letos registrov\u00e1no t\u00e9m\u011b\u0159 185 tis. BEVs, co\u017e p\u0159edstavovalo 16,4% meziro\u010dn\u00ed pokles registrac\u00ed. Je\u0161t\u011b v\u011bt\u0161\u00ed relativn\u00ed pokles byl evidov\u00e1n ve \u0160v\u00e9dsku, kde bylo registrov\u00e1no t\u00e9m\u011b\u0159 42 tis. BEVs, meziro\u010dn\u011b o 19,9 % m\u00e9n\u011b, a tak\u00e9 ve Finsku (10 569 BEVs, -30,9 %).<\/p>\n<p>Naopak dal\u0161\u00ed v\u00fdznamn\u00e9 trhy EU zaznamenaly r\u016fst, nap\u0159. Francie (158 402 BEVs, +14,9 %), Belgie (64 404 BEVs, +47,8 %), Nizozemsko (60 338 BEVs, +4,1 %), D\u00e1nsko (38 961 BEVs, +49,0 %). V 16 zem\u00edch EU byl evidov\u00e1n meziro\u010dn\u00ed n\u00e1r\u016fst registrac\u00ed BEVs, v 10 zem\u00edch pokles, v Bulharsku pak stagnace.<\/p>\n<p>.<\/p>\n<p><img loading=\"lazy\" decoding=\"async\" class=\"alignnone size-medium wp-image-5892\" src=\"http:\/\/www.automakers.cz\/wp-content\/uploads\/2024\/07\/o3-Pocet-verejnych-dobijecich-bodu-v-zemich-EU-900x576.png\" sizes=\"auto, (max-width: 900px) 100vw, 900px\" srcset=\"https:\/\/www.automakers.cz\/wp-content\/uploads\/2024\/07\/o3-Pocet-verejnych-dobijecich-bodu-v-zemich-EU-900x576.png 900w, https:\/\/www.automakers.cz\/wp-content\/uploads\/2024\/07\/o3-Pocet-verejnych-dobijecich-bodu-v-zemich-EU-1024x656.png 1024w, https:\/\/www.automakers.cz\/wp-content\/uploads\/2024\/07\/o3-Pocet-verejnych-dobijecich-bodu-v-zemich-EU-768x492.png 768w, https:\/\/www.automakers.cz\/wp-content\/uploads\/2024\/07\/o3-Pocet-verejnych-dobijecich-bodu-v-zemich-EU.png 1096w\" alt=\"\" width=\"900\" height=\"576\" \/><\/p>\n<p>\u201eV \u010cesku bylo registrov\u00e1no 4 146 nov\u00fdch BEVs, co\u017e p\u0159edstavuje meziro\u010dn\u00ed n\u00e1r\u016fst o 38,6 %. 3,6% pod\u00edl BEVs na registrac\u00edch nap\u0159\u00ed\u010d palivy n\u00e1s mezi zem\u011bmi EU \u0159ad\u00ed na 24. pozici, kdy za n\u00e1mi skon\u010dilo Polsko, Slovensko a Chorvatsko. Z\u00e1sadn\u00ed vliv na meziro\u010dn\u00ed r\u016fst BEVs v \u010cesku m\u011bl bezesporu tak\u00e9 postupn\u00fd n\u00e1b\u011bh Z\u00e1ru\u010dn\u00edho programu ELEKTROMOBILITA N\u00e1rodn\u00ed rozvojov\u00e9 banky, kter\u00fd byl spu\u0161t\u011bn v pr\u016fb\u011bhu b\u0159ezna a zejm\u00e9na pak posledn\u00ed m\u011bs\u00edc \u2013 \u010derven, b\u011bhem n\u011bho\u017e bylo registrov\u00e1no do t\u00e9 doby rekordn\u00edch 1 524 nov\u00fdch BEVs, co\u017e p\u0159edstavovalo pod\u00edl 6,8 %.<\/p>\n<p>Ke konci \u010dervna bylo v \u010cesku provozov\u00e1no 27 658 bateriov\u00fdch elektrick\u00fdch vozidel kat. M1, co\u017e p\u0159edstavovalo 0,42% pod\u00edl na v\u0161ech osobn\u00edch vozidlech nap\u0159\u00ed\u010d palivy. V hl. m. Praze bylo registrov\u00e1no 10 840 BEVs (39,2 %), n\u00e1sledoval St\u0159edo\u010desk\u00fd (4 454), Jihomoravsk\u00fd (2 693) a Moravskoslezsk\u00fd kraj (1 727). K dispozici bylo 5 184 ve\u0159ejn\u00fdch dob\u00edjec\u00edch bod\u016f, z toho 6,6 % vysoce v\u00fdkonn\u00fdch s velmi rychl\u00fdm dob\u00edjen\u00edm nad 150 kW, v zem\u00edch EU jsou tyto body zastoupeny 8,2 %,\u201c uv\u00e1d\u00ed Luk\u00e1\u0161 Kadula z Centra dopravn\u00edho v\u00fdzkumu.<\/p>\n<p><strong>V zem\u00edch Evropsk\u00e9 unie je provozov\u00e1no t\u00e9m\u011b\u0159 770 tis\u00edc ve\u0159ejn\u00fdch dob\u00edjec\u00edch bod\u016f<\/strong><\/p>\n<p>V zem\u00edch Evropsk\u00e9 unie je provozov\u00e1no 767 925 ve\u0159ejn\u00fdch dob\u00edjec\u00edch bod\u016f, v \u010cesku pak po\u010det ve\u0159ejn\u00fdch dob\u00edjec\u00edch bod\u016f dos\u00e1hl t\u00e9m\u011b\u0159 na 5 200, vypl\u00fdv\u00e1 z aktualizovan\u00fdch informac\u00ed webu \u010cist\u00e1 doprava, kter\u00e9 vych\u00e1zej\u00ed ze zdrojov\u00fdch dat Evropsk\u00e9 observato\u0159e pro alternativn\u00ed paliva.<\/p>\n<p>T\u00e9m\u011b\u0159 \u0161est z deseti, p\u0159esn\u011bji 59,5 %, ve\u0159ejn\u00fdch dob\u00edjec\u00edch bod\u016f, je k dispozici ve t\u0159ech zem\u00edch EU: v Nizozemsku 21,8 %, v N\u011bmecku 19,8 % a ve Francii 17,9 %. Celkem 5 184 ve\u0159ejn\u00fdch dob\u00edjec\u00edch bod\u016f n\u00e1s mezi zem\u011bmi EU \u0159ad\u00ed na 14. m\u00edsto, za \u0158ecko a p\u0159ed Ma\u010farsko. Z celkem 5 184 provozovan\u00fdch ve\u0159ejn\u00fdch dob\u00edjec\u00edch bod\u016f v \u010cesku bylo 3 768 b\u011b\u017en\u00fdch (72,7 % AC), 1 072 v\u00fdkonn\u00fdch s rychl\u00fdm dob\u00edjen\u00edm (20,7 % DC do 149 kW) a 344 vysoce v\u00fdkonn\u00fdch s velmi rychl\u00fdm dob\u00edjen\u00edm (6,6 %).<\/p>\n<p>Provoz webov\u00fdch str\u00e1nek www.cistadoprava.cz je realizov\u00e1n za finan\u010dn\u00ed podpory Ministerstva dopravy v r\u00e1mci programu dlouhodob\u00e9ho koncep\u010dn\u00edho rozvoje v\u00fdzkumn\u00fdch organizac\u00ed.<\/p>\n<p><strong>Zdroj: Centrum dopravn\u00edho v\u00fdzkumu<\/strong><\/p>\n<div class=\"heateor_sss_sharing_container heateor_sss_vertical_sharing heateor_sss_bottom_sharing\" data-heateor-sss-href=\"https:\/\/www.automakers.cz\/?p=5890\">\n<div class=\"heateor_sss_sharing_ul\"><\/div>\n<\/div>\n<div class=\"heateor_sss_sharing_container heateor_sss_vertical_sharing heateor_sss_bottom_sharing\" data-heateor-sss-href=\"https:\/\/www.automakers.cz\/?p=5890\">\n<div class=\"heateorSssClear\"><\/div>\n<\/div>\n<p>&nbsp;<\/p>\n","protected":false},"excerpt":{"rendered":"<div class=\"mh-excerpt\"><p>V \u010cesku je provozov\u00e1no 5 184 ve\u0159ejn\u00fdch dob\u00edjec\u00edch bod\u016f pro 27 658 osobn\u00edch bateriov\u00fdch elektrick\u00fdch vozidel. Pod\u00edl vysoce v\u00fdkonn\u00fdch ve\u0159ejn\u00fdch dob\u00edjec\u00edch bod\u016f s velmi rychl\u00fdm <a class=\"mh-excerpt-more\" href=\"https:\/\/www.automakersnews.cz\/index.php\/2024\/07\/25\/cdv-cesko-ma-5200-dobijecich-bodu-pro-28-000-elektroaut\/\" title=\"CDV: \u010cesko m\u00e1 5200 dob\u00edjec\u00edch bod\u016f pro 28 000 elektroaut\">[&#8230;]<\/a><\/p>\n<\/div>","protected":false},"author":1,"featured_media":108168,"comment_status":"open","ping_status":"open","sticky":false,"template":"","format":"standard","meta":{"footnotes":""},"categories":[2],"tags":[],"class_list":["post-108167","post","type-post","status-publish","format-standard","has-post-thumbnail","hentry","category-news"],"_links":{"self":[{"href":"https:\/\/www.automakersnews.cz\/index.php\/wp-json\/wp\/v2\/posts\/108167","targetHints":{"allow":["GET"]}}],"collection":[{"href":"https:\/\/www.automakersnews.cz\/index.php\/wp-json\/wp\/v2\/posts"}],"about":[{"href":"https:\/\/www.automakersnews.cz\/index.php\/wp-json\/wp\/v2\/types\/post"}],"author":[{"embeddable":true,"href":"https:\/\/www.automakersnews.cz\/index.php\/wp-json\/wp\/v2\/users\/1"}],"replies":[{"embeddable":true,"href":"https:\/\/www.automakersnews.cz\/index.php\/wp-json\/wp\/v2\/comments?post=108167"}],"version-history":[{"count":1,"href":"https:\/\/www.automakersnews.cz\/index.php\/wp-json\/wp\/v2\/posts\/108167\/revisions"}],"predecessor-version":[{"id":108169,"href":"https:\/\/www.automakersnews.cz\/index.php\/wp-json\/wp\/v2\/posts\/108167\/revisions\/108169"}],"wp:featuredmedia":[{"embeddable":true,"href":"https:\/\/www.automakersnews.cz\/index.php\/wp-json\/wp\/v2\/media\/108168"}],"wp:attachment":[{"href":"https:\/\/www.automakersnews.cz\/index.php\/wp-json\/wp\/v2\/media?parent=108167"}],"wp:term":[{"taxonomy":"category","embeddable":true,"href":"https:\/\/www.automakersnews.cz\/index.php\/wp-json\/wp\/v2\/categories?post=108167"},{"taxonomy":"post_tag","embeddable":true,"href":"https:\/\/www.automakersnews.cz\/index.php\/wp-json\/wp\/v2\/tags?post=108167"}],"curies":[{"name":"wp","href":"https:\/\/api.w.org\/{rel}","templated":true}]}}