{"id":108171,"date":"2024-07-26T08:58:52","date_gmt":"2024-07-26T08:58:52","guid":{"rendered":"https:\/\/www.automakersnews.cz\/?p=108171"},"modified":"2024-07-26T08:58:52","modified_gmt":"2024-07-26T08:58:52","slug":"znacka-mg-partnerem-sk-slavia-praha","status":"publish","type":"post","link":"https:\/\/www.automakersnews.cz\/index.php\/2024\/07\/26\/znacka-mg-partnerem-sk-slavia-praha\/","title":{"rendered":"Zna\u010dka MG partnerem SK SLAVIA Praha"},"content":{"rendered":"<p><strong>MG MOTOR CZ uzav\u0159ela obchodn\u00ed a marketingovou spolupr\u00e1ci s fotbalov\u00fdm klubem SK SLAVIA Praha a st\u00e1v\u00e1 se tak na dobu t\u0159\u00ed let jedn\u00edm z jej\u00edch hlavn\u00edch partner\u016f. Spolupr\u00e1ce zajist\u00ed klubu flotilu aut MG pro sezonu 2024\/2025 a n\u00e1sleduj\u00edc\u00ed dva roky.<\/strong><span id=\"more-5927\"><\/span><!--more--><\/p>\n<p>T\u0159\u00edlet\u00e1 smlouva zahrnuje vyu\u017e\u00edv\u00e1n\u00ed v\u0161ech model\u016f zna\u010dky MG, v\u010detn\u011b modern\u00edch elektromobil\u016f.<\/p>\n<p>MG Motor Czech je sou\u010d\u00e1st\u00ed holdingu AutoBinck Car Distribution (ACD), jednoho z nejv\u00fdznamn\u011bj\u0161\u00ed hr\u00e1\u010d\u016f na poli distribuce automobil\u016f ve st\u0159edn\u00ed a v\u00fdchodn\u00ed Evrop\u011b.<\/p>\n<p>Ke spolupr\u00e1ci vyj\u00e1d\u0159il pan\u00a0Niek Hertsenberg,\u00a0CEO AutoBinck Car Distribution (ACD): \u201ePartnerstv\u00ed s SK Slavia Praha je pro na\u0161i zna\u010dku presti\u017en\u00ed z\u00e1le\u017eitost\u00ed. Tato spolupr\u00e1ce n\u00e1m umo\u017en\u00ed oslovit nov\u00e9 z\u00e1kazn\u00edky a podpo\u0159it tak v\u00fdznamn\u00fd \u010desk\u00fd sportovn\u00ed klub, jak\u00fdm je Slavia.\u201c<\/p>\n<p><img loading=\"lazy\" decoding=\"async\" class=\"alignnone size-medium wp-image-5930\" src=\"http:\/\/www.automakers.cz\/wp-content\/uploads\/2024\/07\/Slavia-MG-TK-Kralicek-900x600.jpg\" sizes=\"auto, (max-width: 900px) 100vw, 900px\" srcset=\"https:\/\/www.automakers.cz\/wp-content\/uploads\/2024\/07\/Slavia-MG-TK-Kralicek-900x600.jpg 900w, https:\/\/www.automakers.cz\/wp-content\/uploads\/2024\/07\/Slavia-MG-TK-Kralicek-1024x682.jpg 1024w, https:\/\/www.automakers.cz\/wp-content\/uploads\/2024\/07\/Slavia-MG-TK-Kralicek-768x512.jpg 768w, https:\/\/www.automakers.cz\/wp-content\/uploads\/2024\/07\/Slavia-MG-TK-Kralicek.jpg 1280w\" alt=\"\" width=\"900\" height=\"600\" \/>Martin Kr\u00e1l\u00ed\u010dek, Gener\u00e1ln\u00ed \u0159editel MG Motor Czech dodal: \u201eJsme hrd\u00ed na to, \u017ee na\u0161e vozy budou sou\u010d\u00e1st\u00ed flotily SK Slavia Praha. Tato spolupr\u00e1ce zd\u016fraz\u0148uje na\u0161e odhodl\u00e1n\u00ed poskytovat kvalitn\u00ed a ekologick\u00e1 \u0159e\u0161en\u00ed mobility nejen pro b\u011b\u017en\u00e9 z\u00e1kazn\u00edky, ale tak\u00e9 presti\u017en\u00edm sportovn\u00edm organizac\u00edm.\u201c<\/p>\n<p>\u201eZa Slavii jsme nad\u0161en\u00ed, \u017ee se m\u016f\u017eeme spojit s tak inovativn\u00ed a dynamickou zna\u010dkou, jakou je MG. Jejich \u0161irok\u00e1 nab\u00eddka voz\u016f, v\u010detn\u011b elektromobil\u016f, dokonale zapad\u00e1 do na\u0161ich pot\u0159eb a hodnot. T\u011b\u0161\u00edme se na dlouhodobou a \u00fasp\u011b\u0161nou spolupr\u00e1ci,\u201c \u0159ekl\u00a0Marek Beitl, 2. m\u00edstop\u0159edseda p\u0159edstavenstva SK Slavia Praha.<\/p>\n<p><img loading=\"lazy\" decoding=\"async\" class=\"alignnone size-medium wp-image-5931\" src=\"http:\/\/www.automakers.cz\/wp-content\/uploads\/2024\/07\/MG-stadion-fotbal-900x600.jpg\" sizes=\"auto, (max-width: 900px) 100vw, 900px\" srcset=\"https:\/\/www.automakers.cz\/wp-content\/uploads\/2024\/07\/MG-stadion-fotbal-900x600.jpg 900w, https:\/\/www.automakers.cz\/wp-content\/uploads\/2024\/07\/MG-stadion-fotbal-1024x682.jpg 1024w, https:\/\/www.automakers.cz\/wp-content\/uploads\/2024\/07\/MG-stadion-fotbal-768x512.jpg 768w, https:\/\/www.automakers.cz\/wp-content\/uploads\/2024\/07\/MG-stadion-fotbal.jpg 1280w\" alt=\"\" width=\"900\" height=\"600\" \/>Zna\u010dka MG letos oslavuje 100 let sv\u00e9 existence a v \u010cesk\u00e9 republice p\u016fsob\u00ed od poloviny roku 2022. Zna\u010dka aktu\u00e1ln\u011b nab\u00edz\u00ed p\u011bt modelov\u00fdch \u0159ad s r\u016fzn\u00fdmi typy pohon\u016f, v\u010detn\u011b spalovac\u00edch motor\u016f, hybridn\u00edho a plug-in hybridn\u00edho pohonu a elektromobil\u016f.<\/p>\n<p>Nejnov\u011bj\u0161\u00edm p\u0159\u00edr\u016fstkem je hybridn\u00ed model MG3 Hybrid+, kter\u00fd pr\u00e1v\u011b p\u0159ich\u00e1z\u00ed na trh. Na podzim pak p\u0159ijdou nov\u00e9 modely ZS, HS, EHS i dlouho o\u010dek\u00e1van\u00fd \u0161pi\u010dkov\u00fd elektrick\u00fd roadster Cyberster.<\/p>\n<p>Zna\u010dka MG se py\u0161n\u00ed tr\u017en\u00edm pod\u00edlem, kter\u00fd se za prvn\u00ed pololet\u00ed roku 2024 bl\u00ed\u017e\u00ed v \u010cR k hodnot\u011b 2 %, co\u017e spole\u010dnosti zaji\u0161\u0165uje 14. m\u00edsto na trhu. Kr\u00e1tkodob\u00fdm c\u00edlem je se st\u00e1t ned\u00edlnou sou\u010d\u00e1st\u00ed TOP 10 zna\u010dek na trhu.<\/p>\n<p><img loading=\"lazy\" decoding=\"async\" class=\"alignnone size-medium wp-image-5846\" src=\"http:\/\/www.automakers.cz\/wp-content\/uploads\/2024\/07\/MG_Orbion-Cars_Brno-small-900x502.jpg\" sizes=\"auto, (max-width: 900px) 100vw, 900px\" srcset=\"https:\/\/www.automakers.cz\/wp-content\/uploads\/2024\/07\/MG_Orbion-Cars_Brno-small-900x502.jpg 900w, https:\/\/www.automakers.cz\/wp-content\/uploads\/2024\/07\/MG_Orbion-Cars_Brno-small-1024x571.jpg 1024w, https:\/\/www.automakers.cz\/wp-content\/uploads\/2024\/07\/MG_Orbion-Cars_Brno-small-768x428.jpg 768w, https:\/\/www.automakers.cz\/wp-content\/uploads\/2024\/07\/MG_Orbion-Cars_Brno-small-1536x856.jpg 1536w, https:\/\/www.automakers.cz\/wp-content\/uploads\/2024\/07\/MG_Orbion-Cars_Brno-small-2048x1141.jpg 2048w\" alt=\"\" width=\"900\" height=\"502\" \/>V roce 2024 pl\u00e1nuje MG roz\u0161\u00ed\u0159it svou dealerskou s\u00ed\u0165 na 30 prodejn\u00edch a servisn\u00edch m\u00edst.<\/p>\n<p><strong>Zdroj: MG, Marek Vodi\u010dka<\/strong><\/p>\n","protected":false},"excerpt":{"rendered":"<div class=\"mh-excerpt\"><p>MG MOTOR CZ uzav\u0159ela obchodn\u00ed a marketingovou spolupr\u00e1ci s fotbalov\u00fdm klubem SK SLAVIA Praha a st\u00e1v\u00e1 se tak na dobu t\u0159\u00ed let jedn\u00edm z jej\u00edch <a class=\"mh-excerpt-more\" href=\"https:\/\/www.automakersnews.cz\/index.php\/2024\/07\/26\/znacka-mg-partnerem-sk-slavia-praha\/\" title=\"Zna\u010dka MG partnerem SK SLAVIA Praha\">[&#8230;]<\/a><\/p>\n<\/div>","protected":false},"author":1,"featured_media":108172,"comment_status":"open","ping_status":"open","sticky":false,"template":"","format":"standard","meta":{"footnotes":""},"categories":[37,18],"tags":[],"class_list":["post-108171","post","type-post","status-publish","format-standard","has-post-thumbnail","hentry","category-importeri","category-sponzoring"],"_links":{"self":[{"href":"https:\/\/www.automakersnews.cz\/index.php\/wp-json\/wp\/v2\/posts\/108171","targetHints":{"allow":["GET"]}}],"collection":[{"href":"https:\/\/www.automakersnews.cz\/index.php\/wp-json\/wp\/v2\/posts"}],"about":[{"href":"https:\/\/www.automakersnews.cz\/index.php\/wp-json\/wp\/v2\/types\/post"}],"author":[{"embeddable":true,"href":"https:\/\/www.automakersnews.cz\/index.php\/wp-json\/wp\/v2\/users\/1"}],"replies":[{"embeddable":true,"href":"https:\/\/www.automakersnews.cz\/index.php\/wp-json\/wp\/v2\/comments?post=108171"}],"version-history":[{"count":1,"href":"https:\/\/www.automakersnews.cz\/index.php\/wp-json\/wp\/v2\/posts\/108171\/revisions"}],"predecessor-version":[{"id":108173,"href":"https:\/\/www.automakersnews.cz\/index.php\/wp-json\/wp\/v2\/posts\/108171\/revisions\/108173"}],"wp:featuredmedia":[{"embeddable":true,"href":"https:\/\/www.automakersnews.cz\/index.php\/wp-json\/wp\/v2\/media\/108172"}],"wp:attachment":[{"href":"https:\/\/www.automakersnews.cz\/index.php\/wp-json\/wp\/v2\/media?parent=108171"}],"wp:term":[{"taxonomy":"category","embeddable":true,"href":"https:\/\/www.automakersnews.cz\/index.php\/wp-json\/wp\/v2\/categories?post=108171"},{"taxonomy":"post_tag","embeddable":true,"href":"https:\/\/www.automakersnews.cz\/index.php\/wp-json\/wp\/v2\/tags?post=108171"}],"curies":[{"name":"wp","href":"https:\/\/api.w.org\/{rel}","templated":true}]}}