{"id":108193,"date":"2024-08-15T10:10:26","date_gmt":"2024-08-15T10:10:26","guid":{"rendered":"https:\/\/www.automakersnews.cz\/?p=108193"},"modified":"2024-08-15T10:11:07","modified_gmt":"2024-08-15T10:11:07","slug":"zemrel-plochodraznik-milan-spinka","status":"publish","type":"post","link":"https:\/\/www.automakersnews.cz\/index.php\/2024\/08\/15\/zemrel-plochodraznik-milan-spinka\/","title":{"rendered":"Zem\u0159el plochodr\u00e1\u017en\u00edk Milan \u0160pinka"},"content":{"rendered":"<div id=\"space-a\" class=\"col-h\">\n<div class=\"art-full\">\n<div class=\"opener\"><strong>Ve v\u011bku 73 let ve st\u0159edu zem\u0159el legend\u00e1rn\u00ed plochodr\u00e1\u017en\u00ed jezdec a pot\u00e9 i dlouholet\u00fd tren\u00e9r a funkcion\u00e1\u0159 Milan \u0160pinka. N\u00e1\u0161 web o tom informoval novin\u00e1\u0159 Petr Dufek.<\/strong><\/div>\n<\/div>\n<\/div>\n<p><!--more--><\/p>\n<p>\u0160pinka se v roce 1974 stal mistrem sv\u011bta na ledov\u00e9 ploch\u00e9 dr\u00e1ze a ve stejn\u00e9m \u0161ampion\u00e1tu vybojoval i st\u0159\u00edbrnou a bronzovou medaili. V roce 1973 ovl\u00e1dl presti\u017en\u00ed Zlatou p\u0159ilbu a dodnes je jedin\u00fdm plochodr\u00e1\u017en\u00edkem narozen\u00fdm v Pardubic\u00edch, kter\u00e9mu se to poda\u0159ilo.<\/p>\n<div id=\"space-b\" class=\"col-a\">\n<div class=\"art-full\">\n<div data-io-article-url=\"https:\/\/www.idnes.cz\/sport\/motorsport\/milan-spinka-plocha-draha-umrti-nekrolog.A240814_115047_motorsport_ten\" data-article=\"A240814_115047_motorsport_ten\">\n<div id=\"opener-foto\" class=\"opener-foto not4bbtext\">\n<p><img loading=\"lazy\" decoding=\"async\" class=\"alignnone size-medium wp-image-6431\" src=\"http:\/\/www.automakers.cz\/wp-content\/uploads\/2024\/08\/Spinka-Zlata-prilba-900x600.jpg\" alt=\"\" width=\"900\" height=\"600\" \/>Po skon\u010den\u00ed z\u00e1vodn\u00ed kari\u00e9ry se \u0160pinka v\u011bnoval v\u00fdchov\u011b mlad\u00fdch plochodr\u00e1\u017en\u00edch jezdc\u016f, pracoval na pra\u017esk\u00e9m Olympu a byl mana\u017eerem reprezentace. P\u016fsobil tak\u00e9 v Mezin\u00e1rodn\u00ed motocyklov\u00e9 federaci, kde byl \u010dlenem plochodr\u00e1\u017en\u00ed komise.<\/p>\n<\/div>\n<\/div>\n<\/div>\n<\/div>\n<p><strong>Zdroj a foto: Petr Dufek<\/strong><\/p>\n","protected":false},"excerpt":{"rendered":"<div class=\"mh-excerpt\"><p>Ve v\u011bku 73 let ve st\u0159edu zem\u0159el legend\u00e1rn\u00ed plochodr\u00e1\u017en\u00ed jezdec a pot\u00e9 i dlouholet\u00fd tren\u00e9r a funkcion\u00e1\u0159 Milan \u0160pinka. N\u00e1\u0161 web o tom informoval novin\u00e1\u0159 <a class=\"mh-excerpt-more\" href=\"https:\/\/www.automakersnews.cz\/index.php\/2024\/08\/15\/zemrel-plochodraznik-milan-spinka\/\" title=\"Zem\u0159el plochodr\u00e1\u017en\u00edk Milan \u0160pinka\">[&#8230;]<\/a><\/p>\n<\/div>","protected":false},"author":1,"featured_media":108194,"comment_status":"open","ping_status":"open","sticky":false,"template":"","format":"standard","meta":{"footnotes":""},"categories":[73,16],"tags":[],"class_list":["post-108193","post","type-post","status-publish","format-standard","has-post-thumbnail","hentry","category-historie","category-motorsport"],"_links":{"self":[{"href":"https:\/\/www.automakersnews.cz\/index.php\/wp-json\/wp\/v2\/posts\/108193","targetHints":{"allow":["GET"]}}],"collection":[{"href":"https:\/\/www.automakersnews.cz\/index.php\/wp-json\/wp\/v2\/posts"}],"about":[{"href":"https:\/\/www.automakersnews.cz\/index.php\/wp-json\/wp\/v2\/types\/post"}],"author":[{"embeddable":true,"href":"https:\/\/www.automakersnews.cz\/index.php\/wp-json\/wp\/v2\/users\/1"}],"replies":[{"embeddable":true,"href":"https:\/\/www.automakersnews.cz\/index.php\/wp-json\/wp\/v2\/comments?post=108193"}],"version-history":[{"count":1,"href":"https:\/\/www.automakersnews.cz\/index.php\/wp-json\/wp\/v2\/posts\/108193\/revisions"}],"predecessor-version":[{"id":108195,"href":"https:\/\/www.automakersnews.cz\/index.php\/wp-json\/wp\/v2\/posts\/108193\/revisions\/108195"}],"wp:featuredmedia":[{"embeddable":true,"href":"https:\/\/www.automakersnews.cz\/index.php\/wp-json\/wp\/v2\/media\/108194"}],"wp:attachment":[{"href":"https:\/\/www.automakersnews.cz\/index.php\/wp-json\/wp\/v2\/media?parent=108193"}],"wp:term":[{"taxonomy":"category","embeddable":true,"href":"https:\/\/www.automakersnews.cz\/index.php\/wp-json\/wp\/v2\/categories?post=108193"},{"taxonomy":"post_tag","embeddable":true,"href":"https:\/\/www.automakersnews.cz\/index.php\/wp-json\/wp\/v2\/tags?post=108193"}],"curies":[{"name":"wp","href":"https:\/\/api.w.org\/{rel}","templated":true}]}}