{"id":108197,"date":"2024-08-16T10:18:42","date_gmt":"2024-08-16T10:18:42","guid":{"rendered":"https:\/\/www.automakersnews.cz\/?p=108197"},"modified":"2024-08-16T10:18:42","modified_gmt":"2024-08-16T10:18:42","slug":"tatra-rozsirila-ostravskou-konstrukcni-kancelar","status":"publish","type":"post","link":"https:\/\/www.automakersnews.cz\/index.php\/2024\/08\/16\/tatra-rozsirila-ostravskou-konstrukcni-kancelar\/","title":{"rendered":"Tatra roz\u0161\u00ed\u0159ila ostravskou konstruk\u010dn\u00ed kancel\u00e1\u0159"},"content":{"rendered":"<p class=\"xmprfx_MsoNormal\"><b>Tatra Trucks chyst\u00e1 v\u00fdrazn\u00e9 nav\u00fd\u0161en\u00ed objemu produkce. Kv\u016fli tomu pot\u0159ebuje nov\u00e9 kapacity a pracovn\u00edky pro v\u00fdvoj a konstrukci. Proto v Ostrav\u011b 6. srpna otev\u0159ela u\u017e druhou pobo\u010dku sv\u00e9 konstruk\u010dn\u00ed kancel\u00e1\u0159e mimo Kop\u0159ivnici a v Brn\u011b roz\u0161i\u0159uje spolupr\u00e1ci s akademick\u00fdmi pracovi\u0161ti.<\/b><span id=\"more-6445\"><\/span><!--more--><\/p>\n<p class=\"xmprfx_MsoNormal\">V souvislosti se zv\u011bt\u0161en\u00edm kapacit pracovn\u00edk\u016f v odd\u011blen\u00ed konstrukce a v\u00fdvoje Tatra letos investuje do nov\u00fdch prostor konstruk\u010dn\u00edho odd\u011blen\u00ed p\u0159\u00edmo v Kop\u0159ivnici. Investice maj\u00ed za c\u00edl zv\u00fd\u0161it kapacitu odd\u011blen\u00ed, ale tak\u00e9 zmodernizovat pracovn\u00ed prost\u0159ed\u00ed v\u00fdvoj\u00e1\u0159\u016f. To ale nen\u00ed v\u0161e, sou\u010d\u00e1st\u00ed restrukturaliza\u010dn\u00edch proces\u016f a investic v Tat\u0159e je i vytv\u00e1\u0159en\u00ed nov\u00fdch pracovi\u0161\u0165 mimo Kop\u0159ivnici.<\/p>\n<p class=\"xmprfx_MsoNormal\">Ji\u017e v \u0159\u00edjnu minul\u00e9ho roku automobilka otev\u0159ela pobo\u010dku v\u00fdvojov\u00e9ho centra v Brn\u011b a nyn\u00ed k n\u00ed p\u0159ibyla i ostravsk\u00e1 konstruk\u010dn\u00ed kancel\u00e1\u0159. Z\u0159\u00edzen\u00ed nov\u00fdch pobo\u010dek v Brn\u011b a v Ostrav\u011b m\u00e1 sv\u00e9 d\u016fvody. Tatra chce touto cestou p\u0159il\u00e1kat v\u00fdvojov\u00e9 odborn\u00edky z t\u011bchto sp\u00e1dov\u00fdch oblast\u00ed. Jde nav\u00edc tak\u00e9 o m\u011bsta, kde je soust\u0159ed\u011bn\u00fd rozmanit\u00fd v\u00fdzkum a v\u00fdvoj a s\u00eddl\u00ed tam i technick\u00e9 vysok\u00e9 \u0161koly, nap\u0159\u00edklad VUT a V\u0160B-TUO. Brno a Ostrava jsou tak\u00e9 centra nab\u00edzej\u00edc\u00ed mnohem v\u011bt\u0161\u00ed mo\u017enosti pro hled\u00e1n\u00ed obchodn\u00edch p\u0159\u00edle\u017eitost\u00ed a partnersk\u00fdch kontakt\u016f.<\/p>\n<p class=\"xmprfx_MsoNormal\">V brn\u011bnsk\u00e9 kancel\u00e1\u0159i p\u016fsob\u00ed p\u0159edev\u0161\u00edm konstrukt\u00e9\u0159i p\u0159evodov\u00fdch agreg\u00e1t\u016f. Kapacitu brn\u011bnsk\u00e9 pobo\u010dky Tatra nyn\u00ed je\u0161t\u011b navy\u0161uje a hled\u00e1 pro ni odborn\u00edky pro oblast elektroniky a konstrukci motor\u016f. Co se t\u00fd\u010de ostravsk\u00e9 kancel\u00e1\u0159e, tam se nov\u00fd t\u00fdm nyn\u00ed utv\u00e1\u0159\u00ed a najdou v n\u011bm uplatn\u011bn\u00ed dal\u0161\u00ed specialist\u00e9 na elektroniku, v\u00fdpo\u010dt\u00e1\u0159i, ale i dal\u0161\u00ed konstrukt\u00e9\u0159i.<\/p>\n<p class=\"xmprfx_MsoNormal\">Pro ob\u011b nov\u00e9 pobo\u010dky je samoz\u0159ejm\u00e1 i spolupr\u00e1ce s akademickou sf\u00e9rou. Nap\u0159\u00edklad za\u010d\u00e1tkem srpna Tatra Trucks podepsala s Fakultou strojn\u00edho in\u017een\u00fdrstv\u00ed VUT Brno smlouvu, kter\u00e1 specialist\u016fm z brn\u011bnsk\u00e9 konstruk\u010dn\u00ed kancel\u00e1\u0159e umo\u017en\u00ed vyu\u017e\u00edvat fakultn\u00ed zku\u0161ebn\u00ed laborato\u0159e pro v\u00fdvojov\u00e9 pr\u00e1ce na tatrov\u00e1ck\u00fdch vzduchem chlazen\u00fdch motorech i jejich testov\u00e1n\u00ed.<\/p>\n<p class=\"xmprfx_MsoNormal\">V r\u00e1mci t\u00e9to spolupr\u00e1ce budou na fakultn\u00edch pracovi\u0161t\u00edch stabiln\u011b p\u016fsobit i zku\u0161ebn\u00ed technici Tatry. Vyu\u017eit\u00ed brn\u011bnsk\u00fdch laborato\u0159\u00ed je v\u00fdhodn\u00e9 i z hlediska spolupr\u00e1ce s firmou Motorpal Jihlava, se kterou kop\u0159ivnick\u00e1 automobilka n\u011bkolik let pracuje na v\u00fdvoji a optimalizaci vst\u0159ikovac\u00edch \u010derpadel a p\u0159\u00edslu\u0161enstv\u00ed palivov\u00fdch syst\u00e9m\u016f pro sv\u00e9 motory.<\/p>\n<p><img loading=\"lazy\" decoding=\"async\" class=\"alignnone size-medium wp-image-3497\" src=\"http:\/\/www.automakers.cz\/wp-content\/uploads\/2024\/04\/Tatra-Force-e-Drive-FCEV-1-small-2-900x602.jpg\" sizes=\"auto, (max-width: 900px) 100vw, 900px\" srcset=\"https:\/\/www.automakers.cz\/wp-content\/uploads\/2024\/04\/Tatra-Force-e-Drive-FCEV-1-small-2-900x602.jpg 900w, https:\/\/www.automakers.cz\/wp-content\/uploads\/2024\/04\/Tatra-Force-e-Drive-FCEV-1-small-2-1024x685.jpg 1024w, https:\/\/www.automakers.cz\/wp-content\/uploads\/2024\/04\/Tatra-Force-e-Drive-FCEV-1-small-2-768x514.jpg 768w, https:\/\/www.automakers.cz\/wp-content\/uploads\/2024\/04\/Tatra-Force-e-Drive-FCEV-1-small-2-1536x1028.jpg 1536w, https:\/\/www.automakers.cz\/wp-content\/uploads\/2024\/04\/Tatra-Force-e-Drive-FCEV-1-small-2-2048x1370.jpg 2048w\" alt=\"\" width=\"900\" height=\"602\" \/>Tatra s Fakultou strojn\u00edho in\u017een\u00fdrstv\u00ed VUT nav\u00edc roky spolupracuje na v\u00fdzkumech v oblasti v\u00fdpo\u010dt\u016f a simulac\u00ed j\u00edzdn\u00edch vlastnost\u00ed vozidel, podpis zm\u00edn\u011bn\u00e9 smlouvy tak p\u0159in\u00e1\u0161\u00ed dal\u0161\u00ed prohlouben\u00ed spolupr\u00e1ce. Tatra m\u00e1 tak\u00e9 rozb\u011bhnut\u00e9 projekty se studenty in\u017een\u00fdrsk\u00e9ho studia ve form\u011b diplomov\u00fdch prac\u00ed a tak\u00e9 odborn\u00fdch st\u00e1\u017e\u00ed, spolupracuje i se studenty doktorandsk\u00e9ho studia. Podobn\u011b tomu bude i v p\u0159\u00edpad\u011b nov\u00e9 ostravsk\u00e9 kancel\u00e1\u0159e.<\/p>\n<p><strong>Zdroj a foto: Tatra, Andrej \u010c\u00edrtek<\/strong><\/p>\n","protected":false},"excerpt":{"rendered":"<div class=\"mh-excerpt\"><p>Tatra Trucks chyst\u00e1 v\u00fdrazn\u00e9 nav\u00fd\u0161en\u00ed objemu produkce. Kv\u016fli tomu pot\u0159ebuje nov\u00e9 kapacity a pracovn\u00edky pro v\u00fdvoj a konstrukci. Proto v Ostrav\u011b 6. srpna otev\u0159ela u\u017e <a class=\"mh-excerpt-more\" href=\"https:\/\/www.automakersnews.cz\/index.php\/2024\/08\/16\/tatra-rozsirila-ostravskou-konstrukcni-kancelar\/\" title=\"Tatra roz\u0161\u00ed\u0159ila ostravskou konstruk\u010dn\u00ed kancel\u00e1\u0159\">[&#8230;]<\/a><\/p>\n<\/div>","protected":false},"author":1,"featured_media":108198,"comment_status":"open","ping_status":"open","sticky":false,"template":"","format":"standard","meta":{"footnotes":""},"categories":[9,33],"tags":[],"class_list":["post-108197","post","type-post","status-publish","format-standard","has-post-thumbnail","hentry","category-investice","category-vyrobci"],"_links":{"self":[{"href":"https:\/\/www.automakersnews.cz\/index.php\/wp-json\/wp\/v2\/posts\/108197","targetHints":{"allow":["GET"]}}],"collection":[{"href":"https:\/\/www.automakersnews.cz\/index.php\/wp-json\/wp\/v2\/posts"}],"about":[{"href":"https:\/\/www.automakersnews.cz\/index.php\/wp-json\/wp\/v2\/types\/post"}],"author":[{"embeddable":true,"href":"https:\/\/www.automakersnews.cz\/index.php\/wp-json\/wp\/v2\/users\/1"}],"replies":[{"embeddable":true,"href":"https:\/\/www.automakersnews.cz\/index.php\/wp-json\/wp\/v2\/comments?post=108197"}],"version-history":[{"count":1,"href":"https:\/\/www.automakersnews.cz\/index.php\/wp-json\/wp\/v2\/posts\/108197\/revisions"}],"predecessor-version":[{"id":108199,"href":"https:\/\/www.automakersnews.cz\/index.php\/wp-json\/wp\/v2\/posts\/108197\/revisions\/108199"}],"wp:featuredmedia":[{"embeddable":true,"href":"https:\/\/www.automakersnews.cz\/index.php\/wp-json\/wp\/v2\/media\/108198"}],"wp:attachment":[{"href":"https:\/\/www.automakersnews.cz\/index.php\/wp-json\/wp\/v2\/media?parent=108197"}],"wp:term":[{"taxonomy":"category","embeddable":true,"href":"https:\/\/www.automakersnews.cz\/index.php\/wp-json\/wp\/v2\/categories?post=108197"},{"taxonomy":"post_tag","embeddable":true,"href":"https:\/\/www.automakersnews.cz\/index.php\/wp-json\/wp\/v2\/tags?post=108197"}],"curies":[{"name":"wp","href":"https:\/\/api.w.org\/{rel}","templated":true}]}}