{"id":108201,"date":"2024-08-19T15:24:47","date_gmt":"2024-08-19T15:24:47","guid":{"rendered":"https:\/\/www.automakersnews.cz\/?p=108201"},"modified":"2024-08-19T15:24:47","modified_gmt":"2024-08-19T15:24:47","slug":"barumku-vyhral-dominik-stritesky","status":"publish","type":"post","link":"https:\/\/www.automakersnews.cz\/index.php\/2024\/08\/19\/barumku-vyhral-dominik-stritesky\/","title":{"rendered":"Barumku vyhr\u00e1l Dominik St\u0159\u00edtesk\u00fd"},"content":{"rendered":"<p><strong>Mistrovstv\u00ed \u010cR v automobilov\u00fdch sout\u011b\u017e\u00edch pokra\u010dovalo o v\u00edkendu v okol\u00ed Zl\u00edna 53. ro\u010dn\u00edkem nejslavn\u011bj\u0161\u00ed tuzemsk\u00e9 sout\u011b\u017ee Barum Czech Rally Zl\u00edn 2024. Ta nab\u00eddla dramatickou bitvu o dom\u00e1c\u00ed i evropsk\u00e9 body.<\/strong> <span id=\"more-6503\"><\/span><!--more--><\/p>\n<p>S n\u00e1strahami t\u011b\u017ek\u00e9 trati a p\u0159edev\u0161\u00edm prom\u011bnliv\u00e9ho po\u010das\u00ed se nejl\u00e9pe vypo\u0159\u00e1dala pos\u00e1dka Dominik St\u0159\u00edtesk\u00fd-Ji\u0159\u00ed Hovorka s vozem \u0160koda Fabia RS Rally2 dealersk\u00e9ho Auto Podbabsk\u00e1 \u0160koda MOL Teamu.<\/p>\n<p>Dominik St\u0159\u00edtesk\u00fd v\u00edt\u011bzstv\u00edm ve Zl\u00edn\u011b navy\u0161uje sv\u00e9 pr\u016fb\u011b\u017en\u00e9 veden\u00ed v M\u010cR rally 2024, kter\u00e9 vyvrchol\u00ed z\u00e1\u0159ijovou Rally Pa\u010dejov. Vozy \u0160koda ve Zl\u00edn\u011b kralovaly \u2013 v top10 n\u00e1ro\u010dn\u00e9 Barum Czech Rally Zl\u00edn 2024 dojelo 9 voz\u016f zna\u010dky \u0160koda.<\/p>\n<p><strong>Zdroj: \u0160koda Auto<\/strong><\/p>\n","protected":false},"excerpt":{"rendered":"<div class=\"mh-excerpt\"><p>Mistrovstv\u00ed \u010cR v automobilov\u00fdch sout\u011b\u017e\u00edch pokra\u010dovalo o v\u00edkendu v okol\u00ed Zl\u00edna 53. ro\u010dn\u00edkem nejslavn\u011bj\u0161\u00ed tuzemsk\u00e9 sout\u011b\u017ee Barum Czech Rally Zl\u00edn 2024. Ta nab\u00eddla dramatickou bitvu <a class=\"mh-excerpt-more\" href=\"https:\/\/www.automakersnews.cz\/index.php\/2024\/08\/19\/barumku-vyhral-dominik-stritesky\/\" title=\"Barumku vyhr\u00e1l Dominik St\u0159\u00edtesk\u00fd\">[&#8230;]<\/a><\/p>\n<\/div>","protected":false},"author":1,"featured_media":108202,"comment_status":"open","ping_status":"open","sticky":false,"template":"","format":"standard","meta":{"footnotes":""},"categories":[16],"tags":[],"class_list":["post-108201","post","type-post","status-publish","format-standard","has-post-thumbnail","hentry","category-motorsport"],"_links":{"self":[{"href":"https:\/\/www.automakersnews.cz\/index.php\/wp-json\/wp\/v2\/posts\/108201","targetHints":{"allow":["GET"]}}],"collection":[{"href":"https:\/\/www.automakersnews.cz\/index.php\/wp-json\/wp\/v2\/posts"}],"about":[{"href":"https:\/\/www.automakersnews.cz\/index.php\/wp-json\/wp\/v2\/types\/post"}],"author":[{"embeddable":true,"href":"https:\/\/www.automakersnews.cz\/index.php\/wp-json\/wp\/v2\/users\/1"}],"replies":[{"embeddable":true,"href":"https:\/\/www.automakersnews.cz\/index.php\/wp-json\/wp\/v2\/comments?post=108201"}],"version-history":[{"count":1,"href":"https:\/\/www.automakersnews.cz\/index.php\/wp-json\/wp\/v2\/posts\/108201\/revisions"}],"predecessor-version":[{"id":108203,"href":"https:\/\/www.automakersnews.cz\/index.php\/wp-json\/wp\/v2\/posts\/108201\/revisions\/108203"}],"wp:featuredmedia":[{"embeddable":true,"href":"https:\/\/www.automakersnews.cz\/index.php\/wp-json\/wp\/v2\/media\/108202"}],"wp:attachment":[{"href":"https:\/\/www.automakersnews.cz\/index.php\/wp-json\/wp\/v2\/media?parent=108201"}],"wp:term":[{"taxonomy":"category","embeddable":true,"href":"https:\/\/www.automakersnews.cz\/index.php\/wp-json\/wp\/v2\/categories?post=108201"},{"taxonomy":"post_tag","embeddable":true,"href":"https:\/\/www.automakersnews.cz\/index.php\/wp-json\/wp\/v2\/tags?post=108201"}],"curies":[{"name":"wp","href":"https:\/\/api.w.org\/{rel}","templated":true}]}}