{"id":108239,"date":"2024-10-15T10:39:44","date_gmt":"2024-10-15T10:39:44","guid":{"rendered":"https:\/\/www.automakersnews.cz\/?p=108239"},"modified":"2024-10-15T10:39:44","modified_gmt":"2024-10-15T10:39:44","slug":"asociace-aku-bat-poradala-konferenci","status":"publish","type":"post","link":"https:\/\/www.automakersnews.cz\/index.php\/2024\/10\/15\/asociace-aku-bat-poradala-konferenci\/","title":{"rendered":"Asociace AKU-BAT po\u0159\u00e1dala konferenci"},"content":{"rendered":"<p><strong>\u010ceskou ekonomiku \u010dek\u00e1 v n\u00e1sleduj\u00edc\u00edch letech modernizace, poj\u00edc\u00ed se s obm\u011bnou energetiky. St\u011b\u017eejn\u00ed pro rozs\u00e1hlou zm\u011bnu bude co nejefektivn\u011bji rozv\u00edjet agregaci elekt\u0159iny a vyu\u017e\u00edvat hlavn\u00edch forem flexibility \u2013 pomohou toti\u017e se stabilizac\u00ed soustavy a tak\u00e9 \u00fa\u010dinn\u011bj\u0161\u00edm vyu\u017e\u00edv\u00e1n\u00ed obnoviteln\u00fdch zdroj\u016f a energie obecn\u011b. <\/strong><span id=\"more-7950\"><\/span><!--more--><\/p>\n<p>Pr\u00e1v\u011b tomu se v\u011bnoval vyprodan\u00fd prvn\u00ed ro\u010dn\u00edk Konference agregace a flexibility, kterou po\u0159\u00e1dalo Sdru\u017een\u00ed agreg\u00e1tor\u016f a poskytovatel\u016f flexibility (SAF), spadaj\u00edc\u00ed pod Asociaci pro akumulaci energie AKU-BAT.<\/p>\n<p>Vystoupili na n\u00ed nap\u0159\u00edklad vrchn\u00ed \u0159editel sekce energetiky Ministerstva pr\u016fmyslu a obchodu \u010cR Ren\u00e9 Ned\u011bla, viceprezident Svazu pr\u016fmyslu a dopravy Radek \u0160picar, \u010dlen p\u0159edstavenstva provozovatele p\u0159enosov\u00e9 soustavy \u010cEPS, z\u00e1stupci distributor\u016f elekt\u0159iny \u010di konkr\u00e9tn\u00ed poskytovatel\u00e9 flexibility.<\/p>\n<p><strong>Podpora decentralizace energetiky i obnoviteln\u00fdch zdroj\u016f<\/strong><\/p>\n<p>Vedle diskuse nad konkr\u00e9tn\u00edmi mo\u017enostmi optimalizace energetick\u00fdch syst\u00e9m\u016f bylo jedn\u00edm z hlavn\u00edch t\u00e9mat konference role flexibility v decentralizaci energetiky. Ta se poj\u00ed s v\u00fdrazn\u00fdm rozvojem obnoviteln\u00fdch zdroj\u016f, ke kter\u00e9mu do\u0161lo v posledn\u00edch letech zejm\u00e9na d\u00edky rozs\u00e1hl\u00e9 v\u00fdstavb\u011b sol\u00e1rn\u00edch elektr\u00e1ren.<\/p>\n<p>\u201eFlexibilita je zcela z\u00e1sadn\u00ed pro transformaci energetiky i na\u0161eho hospod\u00e1\u0159stv\u00ed. Jestli\u017ee chceme, aby \u010cesko a jeho firmy byly konkurenceschopn\u00e9, je nezbytnou podm\u00ednkou zajistit, aby m\u011bly k dispozici dostupnou, ekologickou energii, a samy svoj\u00ed flexibilitou zvy\u0161ovaly p\u0159idanou hodnotu \u010desk\u00e9ho hospod\u00e1\u0159stv\u00ed. Jak jinak chceme konkurovat \u010c\u00edn\u011b a Americe? M\u016f\u017eeme se d\u00e1le tv\u00e1\u0159it, \u017ee to tak nen\u00ed, ale pr\u00e1v\u011b d\u00edky dostupn\u00e9 a ekologick\u00e9 energetice tyto zem\u011b p\u0159eb\u00edraj\u00ed na\u0161e m\u00edsto v glob\u00e1ln\u00ed ekonomice. A pr\u00e1v\u011b agregace flexibility je mozkem modern\u00ed energetiky, kter\u00fd Evrop\u011b a \u010cesku pom\u016f\u017ee inovovat cel\u00e9 hospod\u00e1\u0159stv\u00ed. Flexibilita umo\u017e\u0148uje inteligentn\u011b korigovat i jinak ne\u0159iditeln\u00e9 obnoviteln\u00e9 zdroje, nebo t\u0159eba r\u016fzn\u00e9 typy akumulace, spot\u0159ebu pr\u016fmyslu a dom\u00e1cnost\u00ed podle aktu\u00e1ln\u00edch pot\u0159eb trhu a s\u00edt\u00ed,\u201c popsal d\u016fle\u017eitost agregace flexibility Petr \u0158eh\u00e1\u010dek, \u0159editel SAF.<\/p>\n<p><strong>Kl\u00ed\u010d k modernizaci energetiky<\/strong><\/p>\n<p>Na konferenci se d\u00e1le prob\u00edraly unijn\u00ed pl\u00e1ny a c\u00edle z hlediska zaji\u0161t\u011bn\u00ed energetick\u00e9 bezpe\u010dnosti a jejich kompatibilita s koncepcemi jednotliv\u00fdch \u010dlensk\u00fdch zem\u00ed. Debatovalo se tak\u00e9 nad t\u00edm, pro\u010d \u010cesko zat\u00edm nedisponuje legislativn\u00edm a regulatorn\u00edm prost\u0159ed\u00edm pro akumulaci energie \u010di poskytovatele flexibility, a jak\u00e9 jsou dosavadn\u00ed zku\u0161enosti firem, kter\u00e9 na trhu ji\u017e nyn\u00ed flexibilitu poskytuj\u00ed.<\/p>\n<p>\u201eZ na\u0161\u00ed pozice dlouhodob\u011b usilujeme o to, aby se v \u010cesku mohl naplno vyu\u017e\u00edt potenci\u00e1l akumulace a agregace flexibility. S koncem v\u00fdroby elekt\u0159iny z uhl\u00ed p\u016fjde o d\u016fle\u017eit\u00e9 n\u00e1stroje, kter\u00fdmi budeme vyrovn\u00e1vat a regulovat p\u0159enosovou soustavu,\u201c doplnil strategick\u00fd v\u00fdznam flexibility Pavel \u0160olc, \u010dlen p\u0159edstavenstva \u010cEPS, provozovatele p\u0159enosov\u00e9 soustavy \u010cR.<\/p>\n<p>Jan Fousek, v\u00fdkonn\u00fd \u0159editel Asociace AKU-BAT, pod n\u00ed\u017e sdru\u017een\u00ed SAF spad\u00e1, u p\u0159\u00edle\u017eitosti zah\u00e1jen\u00ed konference opakovan\u011b upozornil na dosavadn\u00ed zaost\u00e1v\u00e1n\u00ed \u010ceska v t\u00e9to oblasti: \u201eV t\u00e9to chv\u00edli sice doh\u00e1n\u00edme v oblasti akumulace a flexibility ujet\u00fd vlak a pat\u0159\u00edme na chvost Evropy, ale kone\u010dn\u011b si jej\u00ed v\u00fdznam za\u010d\u00edn\u00e1 minim\u00e1ln\u011b energetick\u00fd sektor, ale i spole\u010dnost celkov\u011b uv\u011bdomovat. D\u016fkazem toho je i obrovsk\u00fd z\u00e1jem o historicky prvn\u00ed ro\u010dn\u00edk na\u0161\u00ed konference. Kdybychom to \u010dekali, zajist\u00edme v\u00fdrazn\u011b v\u011bt\u0161\u00ed konferen\u010dn\u00ed prostory,\u201c pronesl s nads\u00e1zkou.<\/p>\n<p><strong>Dominance dom\u00e1c\u00edch \u00falo\u017ei\u0161\u0165<\/strong><\/p>\n<p>\u010cesku zat\u00edm dominuj\u00ed dom\u00e1c\u00ed bateriov\u00e1 \u00falo\u017ei\u0161t\u011b, a to nej\u010dast\u011bji v kombinaci s fotovoltaikou. \u201eJe to sice dobr\u00e1 zpr\u00e1va, ale pro budouc\u00ed zaji\u0161t\u011bn\u00ed stability soustavy, zejm\u00e9na vzhledem k p\u0159ipojov\u00e1n\u00ed nov\u00fdch velk\u00fdch obnoviteln\u00fdch zdroj\u016f a odstavov\u00e1n\u00ed zdroj\u016f konven\u010dn\u00edch, mus\u00edme kone\u010dn\u011b v\u00fdrazn\u011b p\u0159idat i ve velkokapacitn\u00ed akumulaci a dal\u0161\u00edch flexibiln\u00edch zdroj\u00edch. A ve\u0161kerou flexibilitu efektivn\u011b vyu\u017e\u00edvat, agregovat a chyt\u0159e \u0159\u00eddit. V opa\u010dn\u00e9m p\u0159\u00edpad\u011b se p\u0159ipravme na to, \u017ee se zde mohou na posledn\u00ed chv\u00edli je\u0161t\u011b masivn\u011bji nasazovat dieselagreg\u00e1ty a bude se zbyte\u010dn\u011b p\u00e1lit elekt\u0159ina, aby se v\u016fbec u\u0159\u00eddila soustava. Poj\u010fme m\u00edsto toho kone\u010dn\u011b modernizovat trh s elekt\u0159inou \u2013 podle pravidel Evropsk\u00e9 unie, co nejv\u00edce ekologicky, a investovat smyslupln\u011b do akumulace a flexibility,\u201d zakon\u010dil Fousek, \u0159editel Asociace AKU-BAT.<\/p>\n<p><strong>Zdroj: AKU-BAT<\/strong><\/p>\n","protected":false},"excerpt":{"rendered":"<div class=\"mh-excerpt\"><p>\u010ceskou ekonomiku \u010dek\u00e1 v n\u00e1sleduj\u00edc\u00edch letech modernizace, poj\u00edc\u00ed se s obm\u011bnou energetiky. St\u011b\u017eejn\u00ed pro rozs\u00e1hlou zm\u011bnu bude co nejefektivn\u011bji rozv\u00edjet agregaci elekt\u0159iny a vyu\u017e\u00edvat hlavn\u00edch <a class=\"mh-excerpt-more\" href=\"https:\/\/www.automakersnews.cz\/index.php\/2024\/10\/15\/asociace-aku-bat-poradala-konferenci\/\" title=\"Asociace AKU-BAT po\u0159\u00e1dala konferenci\">[&#8230;]<\/a><\/p>\n<\/div>","protected":false},"author":1,"featured_media":108240,"comment_status":"open","ping_status":"open","sticky":false,"template":"","format":"standard","meta":{"footnotes":""},"categories":[74,63],"tags":[],"class_list":["post-108239","post","type-post","status-publish","format-standard","has-post-thumbnail","hentry","category-baterie","category-konference"],"_links":{"self":[{"href":"https:\/\/www.automakersnews.cz\/index.php\/wp-json\/wp\/v2\/posts\/108239","targetHints":{"allow":["GET"]}}],"collection":[{"href":"https:\/\/www.automakersnews.cz\/index.php\/wp-json\/wp\/v2\/posts"}],"about":[{"href":"https:\/\/www.automakersnews.cz\/index.php\/wp-json\/wp\/v2\/types\/post"}],"author":[{"embeddable":true,"href":"https:\/\/www.automakersnews.cz\/index.php\/wp-json\/wp\/v2\/users\/1"}],"replies":[{"embeddable":true,"href":"https:\/\/www.automakersnews.cz\/index.php\/wp-json\/wp\/v2\/comments?post=108239"}],"version-history":[{"count":1,"href":"https:\/\/www.automakersnews.cz\/index.php\/wp-json\/wp\/v2\/posts\/108239\/revisions"}],"predecessor-version":[{"id":108241,"href":"https:\/\/www.automakersnews.cz\/index.php\/wp-json\/wp\/v2\/posts\/108239\/revisions\/108241"}],"wp:featuredmedia":[{"embeddable":true,"href":"https:\/\/www.automakersnews.cz\/index.php\/wp-json\/wp\/v2\/media\/108240"}],"wp:attachment":[{"href":"https:\/\/www.automakersnews.cz\/index.php\/wp-json\/wp\/v2\/media?parent=108239"}],"wp:term":[{"taxonomy":"category","embeddable":true,"href":"https:\/\/www.automakersnews.cz\/index.php\/wp-json\/wp\/v2\/categories?post=108239"},{"taxonomy":"post_tag","embeddable":true,"href":"https:\/\/www.automakersnews.cz\/index.php\/wp-json\/wp\/v2\/tags?post=108239"}],"curies":[{"name":"wp","href":"https:\/\/api.w.org\/{rel}","templated":true}]}}