{"id":108270,"date":"2025-01-02T14:30:18","date_gmt":"2025-01-02T14:30:18","guid":{"rendered":"https:\/\/www.automakersnews.cz\/?p=108270"},"modified":"2025-01-02T14:30:18","modified_gmt":"2025-01-02T14:30:18","slug":"novinky-v-doprave-pro-rok-2025","status":"publish","type":"post","link":"https:\/\/www.automakersnews.cz\/index.php\/2025\/01\/02\/novinky-v-doprave-pro-rok-2025\/","title":{"rendered":"Novinky v doprav\u011b pro rok 2025"},"content":{"rendered":"<p class=\"xmprfx_MsoNormal\"><strong>Rok 2025 bude podle MD pro v\u0161echny v doprav\u011b i jej\u00ed u\u017eivatele rokem pokra\u010duj\u00edc\u00ed stavebn\u00ed ofenzivy, zvy\u0161ov\u00e1n\u00ed bezpe\u010dnosti na \u017eeleznici i silnic\u00edch, pokra\u010duj\u00edc\u00ed digitalizace dopravn\u00edch agend, ale i rozvoje ve\u0159ejn\u00e9 dopravy. Naopak po\u010d\u00e1tek roku tentokr\u00e1t nen\u00ed \u010dasem novinek v dopravn\u00ed legislativ\u011b.<\/strong><span id=\"more-9988\"><\/span><!--more--><\/p>\n<p class=\"xmprfx_MsoNormal\"><b>V\u00fdstavba, zpoplat\u0148ov\u00e1n\u00ed a dopravn\u00ed rozpo\u010dty<\/b><\/p>\n<p class=\"xmprfx_MsoNormal\">Bude pokra\u010dovat stavebn\u00ed ofenziva, j\u00ed\u017e pom\u016f\u017ee rekordn\u00ed dopravn\u00ed rozpo\u010det p\u0159esahuj\u00edc\u00ed 160 miliard korun. Spr\u00e1va \u017eeleznic bude m\u00edt v p\u0159\u00ed\u0161t\u00edm roce k dispozici 62,7 miliardy korun, t\u00e9m\u011b\u0159 o miliardu v\u00edc ne\u017e letos, a rekordn\u00edch 39,3 miliardy p\u016fjde na investice. Mimo jin\u00e9 S\u017d za\u010dne s v\u00fdstavbou prvn\u00edch \u010d\u00e1st\u00ed rychl\u00fdch spojen\u00ed z Brna do P\u0159erova na 200 km\/h a bude pokra\u010dovat v intenzivn\u00ed p\u0159\u00edprav\u011b vysokorychlostn\u00edch trat\u00ed i v realizaci projekt\u016f prost\u00e9 elektrizace.<\/p>\n<p class=\"xmprfx_MsoNormal\">\u0158editelstv\u00ed silnic a d\u00e1lnic m\u00e1 na rok 2025 p\u0159ipraveno 80,6 miliard korun, co\u017e je zcela mimo\u0159\u00e1dn\u00e9 \u010d\u00edslo a historick\u00fd rekord. Budou tedy pokra\u010dovat stavby na d\u00e1lnic\u00edch D1, D3, D6, D7, D11, D35, D48 nebo D49, a zcela z\u00e1sadn\u00ed pak je start stavby D0 511 B\u011bchovice-D1 jako \u010d\u00e1sti Pra\u017esk\u00e9ho okruhu.<\/p>\n<div>\n<p class=\"xmprfx_MsoNormal\">Od 1. ledna 2025 se v\u00fd\u0161e ro\u010dn\u00edho poplatku za vyu\u017eit\u00ed d\u00e1lnic zm\u011bn\u00ed na 2 440 K\u010d, t\u0159icetidenn\u00ed bude za 460 K\u010d, desetidenn\u00ed za 290 K\u010d a jednodenn\u00ed za 210 K\u010d. V\u0161echny aktu\u00e1ln\u00ed druhy d\u00e1lni\u010dn\u00edch zn\u00e1mek je mo\u017en\u00e9 zakoupit s t\u0159icetidenn\u00edm p\u0159edstihem na\u00a0<a href=\"https:\/\/edalnice.cz\/#\/validation\" target=\"_blank\" rel=\"noopener noreferrer\">www.edalnice.cz<\/a>\u00a0nebo nov\u011b i na dom\u00e9n\u011b.<a href=\"http:\/\/gov.cz\/\" target=\"_blank\" rel=\"noopener noreferrer\">gov.cz<\/a>, tedy na<a href=\"http:\/\/edalnice.gov.cz\/\" target=\"_blank\" rel=\"noopener noreferrer\">\u00a0edalnice.gov.cz<\/a>.<\/p>\n<p class=\"xmprfx_MsoNormal\">Bude mo\u017en\u00e9 vyu\u017e\u00edt v\u00a0roce 2024 zprovozn\u011bn\u00fdch\u00a0<a href=\"https:\/\/www.rsd.cz\/mapa-staveb#\/stavby?filters[]=StavbyRealizace&amp;filters[]=StavbyProvoz2024&amp;page=0\" target=\"_blank\" rel=\"noopener noreferrer\">v\u00edce ne\u017e 100 d\u00e1lni\u010dn\u00edch kilometr\u016f<\/a>. Jde o dal\u0161\u00ed \u00faseky na d\u00e1lnic\u00edch D3, D4, D6, D7, D48, D49 a D55 \u010di odpo\u010d\u00edvky na d\u00e1lnici D8 (Kl\u00ed\u010dany). Celkem tak nyn\u00ed m\u00e1me k\u00a0dispozici v\u00a0\u010cR 1482 d\u00e1lni\u010dn\u00edch kilometr\u016f.<\/p>\n<p class=\"xmprfx_MsoNormal\">Od roku 2025 bude nov\u011b\u00a0<a href=\"https:\/\/edalnice.cz\/#\/validation\" target=\"_blank\" rel=\"noopener noreferrer\">zpoplatn\u011bno<\/a>\u00a088,5 km d\u00e1lnic, jde o 18 km D3 v \u00faseku Roudn\u00e9-Kaplice n\u00e1dra\u017e\u00ed (exity 141-159), prodlou\u017e\u00ed se zpoplatn\u011bn\u00ed D4 o dal\u0161\u00edch 39 km a\u017e po T\u0159ebkov (oproti p\u016fvodn\u00edm H\u00e1j\u016fm), nov\u011b bude zpoplatn\u011bno 9,5 km d\u00e1lnice D49 mezi Hul\u00ednem a Fry\u0161t\u00e1kem i dal\u0161\u00edch 22 km d\u00e1lnice D55, a to mezi Babicemi a Bzencem (exity 42-64). Vybran\u00e9 prost\u0159edky se vrac\u00ed spolu s\u00a0m\u00fdtem do dopravn\u00edch rozpo\u010dt\u016f pro pot\u0159ebn\u00fd dal\u0161\u00ed rozvoj i rekonstrukci s\u00edt\u011b.<\/p>\n<\/div>\n<p class=\"xmprfx_MsoNormal\"><b>PPP projekty<\/b><\/p>\n<p class=\"xmprfx_MsoNormal\">V\u00a0oblasti PPP projekt\u016f v\u00fdstavby a provozov\u00e1n\u00ed dopravn\u00edch staveb soukromn\u00edky jsme dos\u00e1hli v\u00a0uplynul\u00e9m roce d\u016fle\u017eit\u00e9ho miln\u00edku v\u00a0podob\u011b otev\u0159en\u00ed\u00a0<a href=\"https:\/\/md.gov.cz\/Media\/Media-a-tiskove-zpravy\/Dalnice-D4-se-otevrela-ridicum,-prvni-dopravni-PPP?returl=\/Media\/Media-a-tiskove-zpravy\" target=\"_blank\" rel=\"noopener noreferrer\">d\u00e1lnice D4<\/a>\u00a0mezi P\u0159\u00edbram\u00ed a P\u00edskem, ale i rozhodnut\u00ed vl\u00e1dy \u010cR pracovat na dal\u0161\u00edch projektech:<\/p>\n<ul type=\"disc\">\n<li class=\"xmprfx_MsoNormal\"><b>D\u00e1lnice D35<\/b>\u00a0\u2013 prob\u00edh\u00e1 v\u00fdb\u011brov\u00e9 \u0159\u00edzen\u00ed na koncesion\u00e1\u0159e, konkr\u00e9tn\u011b kvalifika\u010dn\u00ed f\u00e1ze; obdr\u017eeli jsme \u017e\u00e1dosti o \u00fa\u010dast, kter\u00e9 jsme\u00a0<a href=\"https:\/\/md.gov.cz\/Media\/Media-a-tiskove-zpravy\/Do-soutezniho-dialogu-na-dostavbu-a-provoz-dal-(1)?returl=\/Media\/Media-a-tiskove-zpravy\" target=\"_blank\" rel=\"noopener noreferrer\">vyhodnotili s\u00a0c\u00edlem zah\u00e1jit<\/a>\u00a0na za\u010d\u00e1tku roku 2025 sout\u011b\u017en\u00ed dialog.<\/li>\n<li class=\"xmprfx_MsoNormal\">\u017deleznice do Kladna a na Leti\u0161t\u011b V\u00e1clava Havla (<b>PRAK<\/b>) \u2013 v\u00fdb\u011brov\u00e9 \u0159\u00edzen\u00ed na dodavatele (kvalifikace) zah\u00e1jena 27. 11.\u00a0 2024 s\u00a0term\u00ednem pod\u00e1n\u00ed \u017e\u00e1dost\u00ed o \u00fa\u010dast 14. 2. 2025. N\u00e1sledn\u011b op\u011bt prob\u011bhne vyhodnocen\u00ed, shortlisting na nejkvalifikovan\u011bj\u0161\u00ed a potom sout\u011b\u017en\u00ed dialog.<\/li>\n<li class=\"xmprfx_MsoNormal\"><b>RS Morava<\/b>\u00a0\u2013 v\u00a0n\u00e1vaznosti na doporu\u010den\u00ed studie proveditelnosti vl\u00e1da schv\u00e1lila realizaci 3 konkr\u00e9tn\u00edch projekt\u016f rychl\u00fdch \u017eelezni\u010dn\u00edch spojen\u00ed \u2013 Moravsk\u00e1 Br\u00e1na, Ji\u017en\u00ed Morava (vysokorychlostn\u00ed tra\u0165 na 320km \/h), Morava st\u0159ed (Brno \u2013 P\u0159erov, konven\u010dn\u00ed tra\u0165 se zv\u00fd\u0161en\u00edm rychlosti na 200km\/h)). Nyn\u00ed tyto projekty d\u00e1le p\u0159ipravujeme po majetkopr\u00e1vn\u00ed str\u00e1nce a p\u0159ipravujeme v\u00fdb\u011br transak\u010dn\u00edho poradce, kter\u00fd n\u00e1m napom\u016f\u017ee s\u00a0v\u00fdb\u011brov\u00fdm \u0159\u00edzen\u00edm na koncesion\u00e1\u0159e.<\/li>\n<li class=\"xmprfx_MsoNormal\"><b>Vybran\u00e9 \u00faseky D0, D3 a D55<\/b>\u00a0\u2013 nyn\u00ed prob\u00edh\u00e1 p\u0159\u00edprava studie proveditelnost, kter\u00fd m\u00e1 za \u00fakol posoudit, zda je metoda PPP pro realizaci t\u011bchto \u00fasek\u016f vhodn\u00e1. Studie m\u00e1 b\u00fdt dokon\u010dena v\u00a0\u00fanoru p\u0159\u00ed\u0161t\u00edho roku a jej\u00ed v\u00fdsledky n\u00e1sledn\u011b budou p\u0159edlo\u017eeny vl\u00e1d\u011b ke schv\u00e1len\u00ed.<\/li>\n<\/ul>\n<p class=\"xmprfx_MsoNormal\"><b>Digitalizace<\/b><\/p>\n<p class=\"xmprfx_MsoNormal\">Od konce roku 2024 je v oblasti digitalizace ob\u010dan\u016fm na\u00a0<a href=\"https:\/\/portaldopravy.cz\/#services\" target=\"_blank\" rel=\"noopener noreferrer\">Port\u00e1lu dopravy<\/a>\u00a0je\u0161t\u011b ke ka\u017ed\u00e9mu vozidlu p\u0159id\u00e1me informaci o zakoupen\u00e9 d\u00e1lni\u010dn\u00ed zn\u00e1mce, co\u017e je u\u017eite\u010dn\u00e1 novinka. Chceme, aby Port\u00e1l dopravy byl pro \u0159idi\u010de\/provozovatele auta m\u00edsto-rozcestn\u00edk, kde najde co nejv\u00edc informac\u00ed na jednom m\u00edst\u011b.<\/p>\n<p class=\"xmprfx_MsoNormal\">D\u00e1le budeme pracovat na tom, abychom do konce volebn\u00edho obdob\u00ed zvl\u00e1dli doru\u010dov\u00e1n\u00ed \u0159idi\u010dsk\u00fdch pr\u016fkaz\u016f do v\u00fddejen nebo v\u00fddejn\u00edch box\u016f, elektronickou \u00fahradu spr\u00e1vn\u00edch poplatk\u016f a dot\u00e1hli ve\u0159ejnou \u010d\u00e1st i redesign Port\u00e1lu dopravy.<\/p>\n<p class=\"xmprfx_MsoNormal\">V roce 2025 uplyne platnost 666427 \u0159idi\u010dsk\u00fdch pr\u016fkaz\u016f. Velmi doporu\u010dujeme za\u017e\u00e1dat si o v\u00fdm\u011bnu on-line na Port\u00e1lu dopravy, p\u0159ihl\u00e1sit se lze jednodu\u0161e nap\u0159. prost\u0159ednictv\u00edm Bank ID.<\/p>\n<p class=\"xmprfx_MsoNormal\"><b>Bezpe\u010dnost<\/b><\/p>\n<p class=\"xmprfx_MsoNormal\">Na\u00a0<a href=\"https:\/\/md.gov.cz\/Media\/Media-a-tiskove-zpravy\/Vyhradni-provoz-ETCS-Bezpecnost-a-modernizace-zel?returl=\/Media\/Media-a-tiskove-zpravy\" target=\"_blank\" rel=\"noopener noreferrer\">v\u00edce ne\u017e 600 km<\/a>\u00a0trat\u00ed se za\u010d\u00edn\u00e1 ve v\u00fdhradn\u00edm provozu pou\u017e\u00edvat vlakov\u00fd zabezpe\u010dova\u010d ETCS.<\/p>\n<p class=\"xmprfx_MsoNormal\">Ve 2. polovin\u011b roku by m\u011bla zah\u00e1jit \u010dinnost Inspekce silni\u010dn\u00ed dopravy a m\u011bla by b\u00fdt dokon\u010dena legislativa k\u00a0<a href=\"https:\/\/md.gov.cz\/Media\/Media-a-tiskove-zpravy\/Novela-o-autonomnich-vozidlech-krok-k-sirsimu-vyu?returl=\/Media\/Media-a-tiskove-zpravy\" target=\"_blank\" rel=\"noopener noreferrer\">autonomn\u00edmu \u0159\u00edzen\u00ed<\/a>.<\/p>\n<p class=\"xmprfx_MsoNormal\"><b>\u00a0<\/b><b>Kontrola v\u00a0silni\u010dn\u00edm provozu<\/b><\/p>\n<p class=\"xmprfx_MsoNormal\">Od \u010dervence 2025 za\u010dne na silnic\u00edch po cel\u00e9 republice p\u016fsobit Inspekce silni\u010dn\u00ed dopravy (INSID) vze\u0161l\u00e1 z\u00a0dne\u0161n\u00edho Centra slu\u017eeb pro silni\u010dn\u00ed dopravu, ale s\u00a0v\u011bt\u0161\u00edmi pravomocemi. Svou pozornost bude zam\u011b\u0159ovat p\u0159edev\u0161\u00edm na dodr\u017eov\u00e1n\u00ed pravidel pro j\u00edzdu kamion\u016f v\u00a0\u010cR.<\/p>\n<ul type=\"disc\">\n<li>\n<ul type=\"disc\">\n<li class=\"xmprfx_MsoNormal\"><b>Nevznik\u00e1 nov\u00fd \u00fa\u0159ad\u00a0<\/b>\u2013 po\u010dty zam\u011bstnanc\u016f z\u016fst\u00e1vaj\u00ed stejn\u00e9 a provozn\u00ed n\u00e1klady budou obdobn\u00e9.<\/li>\n<li class=\"xmprfx_MsoNormal\">INSID bude kontrolovat nap\u0159. technickou zp\u016fsobilost vozidel, povinn\u00e9 p\u0159est\u00e1vky a odpo\u010dinky, prov\u00e1d\u011bt kontroln\u00ed v\u00e1\u017een\u00ed, zam\u011b\u0159ovat se na podvody s tachografy a pou\u017e\u00edv\u00e1n\u00ed za\u0159\u00edzen\u00ed,<br \/>\nkter\u00e1 zabra\u0148uj\u00ed p\u0159im\u00edch\u00e1v\u00e1n\u00ed AdBlue.<\/li>\n<li class=\"xmprfx_MsoNormal\">P\u0159i kontrol\u00e1ch zejm\u00e9na n\u00e1kladn\u00edch vozidel na na\u0161ich silnic\u00edch nebude INSID z\u00e1visl\u00fd na Policii \u010cR nebo Celn\u00ed spr\u00e1v\u011b \u010cR.<\/li>\n<li class=\"xmprfx_MsoNormal\"><b>Vznik 2<\/b>\u00a0nov\u00fdch jednotek zam\u011b\u0159en\u00fdch prim\u00e1rn\u011b na m\u011b\u0159en\u00ed emis\u00ed v silni\u010dn\u00edm provozu.<\/li>\n<li class=\"xmprfx_MsoNormal\"><b>Vznik 2\u00a0<\/b>speci\u00e1ln\u00edch jednotek s tzv.\u00a0<b>mobiln\u00ed STK\u00a0<\/b>pro podrobnou kontrolu technick\u00e9ho stavu.<\/li>\n<\/ul>\n<\/li>\n<li class=\"xmprfx_MsoNormal\">Nov\u00e9 pravomoci pro INSID po zm\u011bn\u011b z\u00e1kona\n<ul type=\"disc\">\n<li class=\"xmprfx_MsoNormal\">Opr\u00e1vn\u011bn\u00ed ukl\u00e1dat pokuty p\u0159\u00edkazem na m\u00edst\u011b a vyb\u00edrat kauce.<\/li>\n<li class=\"xmprfx_MsoNormal\">Opr\u00e1vn\u011bn\u00ed zabr\u00e1nit v dal\u0161\u00ed j\u00edzd\u011b, odebrat doklady, SPZ.<\/li>\n<li class=\"xmprfx_MsoNormal\">Opr\u00e1vn\u011bn\u00ed zastavit vozidlo.<\/li>\n<\/ul>\n<\/li>\n<\/ul>\n<p class=\"xmprfx_MsoNormal\">P\u016fsobnost Inspekce silni\u010dn\u00ed dopravy bude zcela\u00a0<b>jednozna\u010dn\u011b zam\u011b\u0159ena na dopravce a provozovatele a \u0159idi\u010de vozidel u\u017e\u00edvan\u00fdch pro \u00fa\u010dely podnik\u00e1n\u00ed v\u00a0silni\u010dn\u00ed doprav\u011b<\/b>. P\u016fjde zejm\u00e9na o kontrolu dodr\u017eov\u00e1n\u00ed podm\u00ednek p\u0159\u00edstupu k\u00a0povol\u00e1n\u00ed podnikatele v\u00a0silni\u010dn\u00ed doprav\u011b, dodr\u017eov\u00e1n\u00ed po\u017eadavk\u016f na dobu \u0159\u00edzen\u00ed vozidla, bezpe\u010dnostn\u00ed p\u0159est\u00e1vky a dobu odpo\u010dinku,\u00a0veden\u00ed z\u00e1znam\u016f o t\u011bchto skute\u010dnostech, vys\u00edl\u00e1n\u00ed pracovn\u00edk\u016f v r\u00e1mci nadn\u00e1rodn\u00edho poskytov\u00e1n\u00ed slu\u017eeb, p\u0159epravy nebezpe\u010dn\u00fdch v\u011bc\u00ed, pln\u011bn\u00ed podm\u00ednek hromadn\u00e9 p\u0159epravy osob, d\u00e1le o n\u00edzkorychlostn\u00ed kontroln\u00ed v\u00e1\u017een\u00ed, technickou silni\u010dn\u00ed kontrolu, kontrolu um\u00edst\u011bn\u00ed, upevn\u011bn\u00ed a zaji\u0161t\u011bn\u00ed n\u00e1kladu. Pozornost bude v\u011bnovan\u00e1 i kontrole dodr\u017eov\u00e1n\u00ed omezen\u00ed j\u00edzdy n\u011bkter\u00fdch vozidel.<\/p>\n<p class=\"xmprfx_MsoNormal\"><b>Ve\u0159ejn\u00e1 doprava<\/b><\/p>\n<p class=\"xmprfx_MsoNormal\"><b><i>Popt\u00e1vkov\u00e1 doprava<\/i><\/b><\/p>\n<p class=\"xmprfx_MsoNormal\">Od l\u00e9ta 2025 by m\u011bla platit legislativa, kter\u00e1 u n\u00e1s umo\u017en\u00ed pln\u011b vyu\u017e\u00edt nov\u00fd typ ve\u0159ejn\u00e9 dopravy: popt\u00e1vkov\u00e9 dopravy. Novinku jsme p\u0159ipravili na z\u00e1klad\u011b diskus\u00ed s kraji, kdy jsme prob\u00edrali mo\u017en\u00e9 \u00fapravy dopravn\u00ed obslu\u017enosti v \u0159\u00eddce os\u00eddlen\u00fdch oblastech a mimo nejfrekventovan\u011bj\u0161\u00ed hodiny. Formu popt\u00e1vkov\u00e9 dopravy jsme konzultovali tak\u00e9 s dopravn\u00edmi autobusov\u00fdmi spole\u010dnostmi a s provozovateli vznikaj\u00edc\u00edch aplikac\u00ed pro sb\u011br objedn\u00e1vek a vytv\u00e1\u0159en\u00ed n\u00e1vazn\u00fdch autobusov\u00fdch tras.<\/p>\n<p class=\"xmprfx_MsoNormal\">Jde o nov\u00fd specifick\u00fd druh ve\u0159ejn\u00e9 linkov\u00e9 dopravy, kter\u00fd nab\u00eddne cestuj\u00edc\u00edm p\u0159epravn\u00ed slu\u017eby v \u010dasov\u00e9m rozmez\u00ed a v ur\u010dit\u00e9 \u00fazemn\u00ed (tedy ne v p\u0159edem ur\u010den\u00fd \u010das na p\u0159edem ur\u010den\u00e9 trase, ale oblasti). Cestuj\u00edc\u00ed si tak objedn\u00e1 konkr\u00e9tn\u00ed p\u0159epravu a trasa dan\u00e9ho spoje se utv\u00e1\u0159\u00ed na z\u00e1klad\u011b aktu\u00e1ln\u00edch individu\u00e1ln\u00edch objedn\u00e1vek. Dopravci tak budou moci vyu\u017e\u00edvat i men\u0161\u00ed vozidla ne\u017e autobusy a cestuj\u00edc\u00ed budou moci vystupovat nejen na b\u011b\u017en\u00fdch zast\u00e1vk\u00e1ch, ale v p\u0159\u00edpad\u011b vyu\u017eit\u00ed vozidla s obsaditelnost\u00ed do 9 m\u00edst nov\u011b i na dal\u0161\u00edch p\u0159edem stanoven\u00fdch m\u00edstech.<\/p>\n<p class=\"xmprfx_MsoNormal\">Popt\u00e1vkov\u00e1 doprava umo\u017en\u00ed obc\u00edm a kraj\u016fm pru\u017en\u011b reagovat na okam\u017eit\u00e9 pot\u0159eby lid\u00ed.<\/p>\n<p class=\"xmprfx_MsoNormal\"><b><i>Zv\u00fd\u0161en\u00ed po\u010dtu kontrol kvality v\u00a0d\u00e1lkov\u00fdch vlac\u00edch<\/i><\/b><\/p>\n<p class=\"xmprfx_MsoNormal\">V p\u0159\u00ed\u0161t\u00edm roce pos\u00edl\u00edme kontrolu objedn\u00e1van\u00fdch d\u00e1lkov\u00fdch vlak\u016f. Od po\u010d\u00e1tku roku dojde k pos\u00edlen\u00ed kontrol rychl\u00edk\u016f objedn\u00e1van\u00fdch ministerstvem dopravy. Kvalitativn\u00ed parametry rychl\u00edk\u016f a expres\u016f budou nov\u011b moci posuzovat i kraj\u0161t\u00ed kontrolo\u0159i, kte\u0159\u00ed budou \u010dinnost prov\u00e1d\u011bt v r\u00e1mci veden\u00ed linek na \u00fazem\u00ed jednotliv\u00fdch kraj\u016f. Smlouvy o spolupr\u00e1ci byly zat\u00edm sjedn\u00e1ny s\u00a0osmi kraji a jedn\u00e1me i s dal\u0161\u00edmi, aby do\u0161lo k pos\u00edlen\u00ed kontroln\u00ed \u010dinnosti a tlaku na zlep\u0161en\u00ed kvality n\u00e1mi objedn\u00e1van\u00fdch vlak\u016f.<\/p>\n<p class=\"xmprfx_MsoNormal\"><b>Legislativn\u00ed priority<\/b><\/p>\n<p class=\"xmprfx_MsoNormal\">Uv\u00e1d\u00edme t\u0159i n\u00e1sleduj\u00edc\u00ed n\u00e1vrhy s\u00a0t\u00edm, \u017ee jsou nebo ji\u017e brzy budou projednan\u00e9 ve Sn\u011bmovn\u011b:<\/p>\n<p class=\"xmprfx_MsoNormal\"><b><i>1.<\/i><\/b><i>\u00a0\u00a0\u00a0\u00a0\u00a0\u00a0\u00a0\u00a0\u00a0\u00a0\u00a0\u00a0<\/i><a href=\"https:\/\/odok.cz\/portal\/veklep\/material\/KORND4TFBUSE\/\" target=\"_blank\" rel=\"noopener noreferrer\"><i>N\u00e1vrh z\u00e1kona, kter\u00fdm se m\u011bn\u00ed z\u00e1kon \u010d. 111\/1994 Sb.,\u00a0<b>o silni\u010dn\u00ed doprav\u011b<\/b>, ve zn\u011bn\u00ed pozd\u011bj\u0161\u00edch p\u0159edpis\u016f, a\u00a0<b>dal\u0161\u00ed souvisej\u00edc\u00ed z\u00e1kony<\/b><\/i><\/a><i><u><\/u><\/i><\/p>\n<ul type=\"disc\">\n<li class=\"xmprfx_MsoListParagraph\"><i>Rozs\u00e1hl\u00fd a nejv\u00fdznamn\u011bj\u0161\u00ed n\u00e1vrh z\u00e1kona v\u00a0gesci Ministerstva dopravy v\u00a0r\u00e1mci tohoto volebn\u00edho obdob\u00ed novelizuje celkem 9 z\u00e1kon\u016f a \u0159e\u0161\u00ed celou \u0159adu t\u00e9mat, zejm\u00e9na\u00a0<\/i><a href=\"https:\/\/md.gov.cz\/Media\/Media-a-tiskove-zpravy\/Inspekce-silnicni-dopravy-bude-hlidat-dodrzovani-p\" target=\"_blank\" rel=\"noopener noreferrer\"><i>z\u0159\u00edzen\u00ed Inspekce silni\u010dn\u00ed dopravy<\/i><\/a><i>, zaveden\u00ed popt\u00e1vkov\u00e9 dopravy, p\u0159ijet\u00ed debyrokratick\u00fdch opat\u0159en\u00ed v\u00a0Ministerstvu dopravy,\u00a0efektivn\u011bj\u0161\u00ed, d\u016fsledn\u011bj\u0161\u00ed a racion\u00e1ln\u011bj\u0161\u00ed v\u00fdkon kontrol, \u00fa\u010dinn\u011bj\u0161\u00ed veden\u00ed p\u0159estupkov\u00fdch \u0159\u00edzen\u00ed, problematiku tzv. tatraktor\u016f, spr\u00e1vn\u00ed poplatky za spr\u00e1vn\u00ed \u00fakony v oblasti silni\u010dn\u00ed dopravy, uzav\u00edr\u00e1n\u00ed ve\u0159ejnopr\u00e1vn\u00edch smluv objednateli ve\u0159ejn\u00fdch slu\u017eeb v\u00a0p\u0159eprav\u011b cestuj\u00edc\u00edch,\u00a0 veden\u00ed a\u00a0p\u0159ezkum nab\u00eddkov\u00fdch \u0159\u00edzen\u00ed ve sv\u011btle z\u00e1kona o zad\u00e1v\u00e1n\u00ed ve\u0159ejn\u00fdch zak\u00e1zek a odstran\u011bn\u00ed terminologick\u00fdch \u010di legislativn\u011b technick\u00fdch nedostatk\u016f v\u00a0novelizovan\u00fdch z\u00e1konech.<\/i><\/li>\n<li class=\"xmprfx_MsoListParagraph\"><i>Aktu\u00e1ln\u011b je novela v\u00a0Poslaneck\u00e9 sn\u011bmovn\u011b, ukon\u010den\u00ed legislativn\u00edho procesu o\u010dek\u00e1v\u00e1me v\u00a0b\u0159eznu 2025.<\/i><\/li>\n<\/ul>\n<p class=\"xmprfx_MsoNormal\"><i>\u00a0<\/i><b><i>2.<\/i><\/b><i>\u00a0\u00a0\u00a0\u00a0\u00a0\u00a0\u00a0\u00a0\u00a0\u00a0\u00a0\u00a0<\/i><a href=\"https:\/\/odok.cz\/portal\/veklep\/material\/KORND8AKC6QU\/\" target=\"_blank\" rel=\"noopener noreferrer\"><i>N\u00e1vrh z\u00e1kona, kter\u00fdm se m\u011bn\u00ed z\u00e1kon \u010d. 49\/1997 Sb.,\u00a0<b>o civiln\u00edm letectv\u00ed<\/b>, ve zn\u011bn\u00ed pozd\u011bj\u0161\u00edch p\u0159edpis\u016f, a z\u00e1kon \u010d. 165\/2012 Sb.,\u00a0<b>o podporovan\u00fdch zdroj\u00edch energie<\/b>\u00a0a o zm\u011bn\u011b n\u011bkter\u00fdch z\u00e1kon\u016f, ve zn\u011bn\u00ed pozd\u011bj\u0161\u00edch p\u0159edpis\u016f<\/i><\/a><i><\/i><\/p>\n<ul type=\"disc\">\n<li class=\"xmprfx_MsoListParagraph\"><i>N\u00e1vrh z\u00e1kona p\u0159edstavuje zejm\u00e9na implementaci na\u0159\u00edzen\u00ed Evropsk\u00e9ho parlamentu a Rady (EU) 2023\/2405 ze dne 18. \u0159\u00edjna 2023 o zaji\u0161t\u011bn\u00ed rovn\u00fdch podm\u00ednek pro udr\u017eitelnou leteckou dopravu (Iniciativa pro leteck\u00e1 paliva ReFuelEU) do \u010desk\u00e9ho pr\u00e1vn\u00edho \u0159\u00e1du.<\/i><\/li>\n<\/ul>\n<p class=\"xmprfx_MsoNormal\"><i>\u00a0<\/i><b><i>3.<\/i><\/b><i>\u00a0\u00a0\u00a0\u00a0\u00a0\u00a0\u00a0\u00a0\u00a0\u00a0\u00a0\u00a0<\/i><a href=\"https:\/\/odok.cz\/portal\/veklep\/material\/KORND9V9Q67T\/\" target=\"_blank\" rel=\"noopener noreferrer\"><i>N\u00e1vrh z\u00e1kona, kter\u00fdm se m\u011bn\u00ed z\u00e1kon \u010d. 361\/2000 Sb.,\u00a0<b>o provozu na pozemn\u00edch komunikac\u00edch<\/b>\u00a0a o zm\u011bn\u00e1ch n\u011bkter\u00fdch z\u00e1kon\u016f (z\u00e1kon o silni\u010dn\u00edm provozu), a z\u00e1kon \u010d. 56\/2001 Sb.,\u00a0<b>o podm\u00ednk\u00e1ch provozu vozidel na pozemn\u00edch komunikac\u00edch<\/b>, ve zn\u011bn\u00ed pozd\u011bj\u0161\u00edch p\u0159edpis\u016f<\/i><\/a><i><\/i><\/p>\n<ul type=\"disc\">\n<li class=\"xmprfx_MsoListParagraph\"><i>N\u00e1vrh z\u00e1kona reaguje na budouc\u00ed provoz automatizovan\u00fdch vozidel na pozemn\u00edch komunikac\u00edch v\u00a0\u010cesk\u00e9 republice.<\/i><\/li>\n<li class=\"xmprfx_MsoListParagraph\"><i>N\u00e1vrh z\u00e1kona je p\u0159edlo\u017een do mezirezortn\u00edho p\u0159ipom\u00ednkov\u00e9ho \u0159\u00edzen\u00ed.<\/i><\/li>\n<li class=\"xmprfx_MsoListParagraph\"><i>Ukon\u010den\u00ed legislativn\u00edho procesu se o\u010dek\u00e1v\u00e1 v\u00a0polovin\u011b roku 2025.<\/i><\/li>\n<\/ul>\n<p class=\"xmprfx_MsoNormal\">Za Tiskov\u00e9 odd\u011blen\u00ed Ministerstva dopravy<\/p>\n<p class=\"xmprfx_MsoNormal\">F. Jemelka<\/p>\n","protected":false},"excerpt":{"rendered":"<div class=\"mh-excerpt\"><p>Rok 2025 bude podle MD pro v\u0161echny v doprav\u011b i jej\u00ed u\u017eivatele rokem pokra\u010duj\u00edc\u00ed stavebn\u00ed ofenzivy, zvy\u0161ov\u00e1n\u00ed bezpe\u010dnosti na \u017eeleznici i silnic\u00edch, pokra\u010duj\u00edc\u00ed digitalizace dopravn\u00edch <a class=\"mh-excerpt-more\" href=\"https:\/\/www.automakersnews.cz\/index.php\/2025\/01\/02\/novinky-v-doprave-pro-rok-2025\/\" title=\"Novinky v doprav\u011b pro rok 2025\">[&#8230;]<\/a><\/p>\n<\/div>","protected":false},"author":1,"featured_media":108271,"comment_status":"open","ping_status":"open","sticky":false,"template":"","format":"standard","meta":{"footnotes":""},"categories":[35,21],"tags":[],"class_list":["post-108270","post","type-post","status-publish","format-standard","has-post-thumbnail","hentry","category-doprava","category-legislativa"],"_links":{"self":[{"href":"https:\/\/www.automakersnews.cz\/index.php\/wp-json\/wp\/v2\/posts\/108270","targetHints":{"allow":["GET"]}}],"collection":[{"href":"https:\/\/www.automakersnews.cz\/index.php\/wp-json\/wp\/v2\/posts"}],"about":[{"href":"https:\/\/www.automakersnews.cz\/index.php\/wp-json\/wp\/v2\/types\/post"}],"author":[{"embeddable":true,"href":"https:\/\/www.automakersnews.cz\/index.php\/wp-json\/wp\/v2\/users\/1"}],"replies":[{"embeddable":true,"href":"https:\/\/www.automakersnews.cz\/index.php\/wp-json\/wp\/v2\/comments?post=108270"}],"version-history":[{"count":2,"href":"https:\/\/www.automakersnews.cz\/index.php\/wp-json\/wp\/v2\/posts\/108270\/revisions"}],"predecessor-version":[{"id":108273,"href":"https:\/\/www.automakersnews.cz\/index.php\/wp-json\/wp\/v2\/posts\/108270\/revisions\/108273"}],"wp:featuredmedia":[{"embeddable":true,"href":"https:\/\/www.automakersnews.cz\/index.php\/wp-json\/wp\/v2\/media\/108271"}],"wp:attachment":[{"href":"https:\/\/www.automakersnews.cz\/index.php\/wp-json\/wp\/v2\/media?parent=108270"}],"wp:term":[{"taxonomy":"category","embeddable":true,"href":"https:\/\/www.automakersnews.cz\/index.php\/wp-json\/wp\/v2\/categories?post=108270"},{"taxonomy":"post_tag","embeddable":true,"href":"https:\/\/www.automakersnews.cz\/index.php\/wp-json\/wp\/v2\/tags?post=108270"}],"curies":[{"name":"wp","href":"https:\/\/api.w.org\/{rel}","templated":true}]}}